{"id":110586,"date":"2025-04-16T10:55:06","date_gmt":"2025-04-16T10:55:06","guid":{"rendered":"https:\/\/rdnews.al\/?p=110586"},"modified":"2025-04-16T10:55:06","modified_gmt":"2025-04-16T10:55:06","slug":"berisha-lubia-e-ka-bere-aeroportin-e-vlores-burim-vjedhjesh-dhe-pasurimi-per-veten","status":"publish","type":"post","link":"https:\/\/rdnews.al\/index.php\/2025\/04\/16\/berisha-lubia-e-ka-bere-aeroportin-e-vlores-burim-vjedhjesh-dhe-pasurimi-per-veten\/","title":{"rendered":"Berisha: Lubia e ka b\u00ebr\u00eb Aeroportin e Vlor\u00ebs burim vjedhjesh dhe pasurimi p\u00ebr veten"},"content":{"rendered":"<p>Kryetari i Partis\u00eb Demokratike, Sali Berisha zhvilloi sot nj\u00eb takim me shoqatat e turizmit, ku nd\u00ebr t\u00eb tjera tha se, me ardhjen e tij n\u00eb pushtet, ai do t\u00eb formalizoj\u00eb turizmin.<\/p>\n<p>Berisha akuzoi ministren Belinda Balluku p\u00ebr vjedhje n\u00eb aeroportin e Vlor\u00ebs.<\/p>\n<p>\u201cAeroportin e Vlor\u00ebs e kan\u00eb b\u00ebr\u00eb burim vjedhjesh dhe pasurimi, sa her\u00eb shkon Lubia thot\u00eb q\u00eb ky \u00ebsht\u00eb aeroporti m\u00eb i madh i Ballkanit duke mos kuptuar q\u00eb n\u00eb t\u00eb nj\u00ebjt\u00ebn koh\u00eb thot\u00eb se ajo \u00ebsht\u00eb hajdutja m\u00eb e madhe e Ballkanit.<\/p>\n<p>Sepse t\u00eb pretendosh t\u00eb nd\u00ebrtosh ti n\u00eb nj\u00eb qytet me 80 mij\u00eb banor\u00eb dhe n\u00eb nj\u00eb zon\u00eb q\u00eb ka maksimumi 20 mij\u00eb shtret\u00ebr, t\u00eb nd\u00ebrtosh aeroportin m\u00eb t\u00eb madh t\u00eb Ballkanit do t\u00eb thot\u00eb q\u00eb je e \u00e7mendur pas hajnis\u00eb. Aeroporti nd\u00ebrtohet me etapa\u201c, tha Berisha.<\/p>\n","protected":false},"excerpt":{"rendered":"<p>Kryetari i Partis\u00eb Demokratike, Sali Berisha zhvilloi sot nj\u00eb takim me shoqatat e turizmit, ku nd\u00ebr t\u00eb tjera tha se, me ardhjen e tij n\u00eb pushtet, ai do t\u00eb formalizoj\u00eb turizmin. Berisha akuzoi ministren Belinda Balluku p\u00ebr vjedhje n\u00eb aeroportin e Vlor\u00ebs. \u201cAeroportin e Vlor\u00ebs e kan\u00eb b\u00ebr\u00eb burim vjedhjesh dhe pasurimi, sa her\u00eb shkon &hellip;<\/p>\n","protected":false},"author":4,"featured_media":51803,"comment_status":"closed","ping_status":"closed","sticky":false,"template":"","format":"standard","meta":{"footnotes":""},"categories":[37],"tags":[],"class_list":["post-110586","post","type-post","status-publish","format-standard","has-post-thumbnail","","category-politike"],"_links":{"self":[{"href":"https:\/\/rdnews.al\/index.php\/wp-json\/wp\/v2\/posts\/110586","targetHints":{"allow":["GET"]}}],"collection":[{"href":"https:\/\/rdnews.al\/index.php\/wp-json\/wp\/v2\/posts"}],"about":[{"href":"https:\/\/rdnews.al\/index.php\/wp-json\/wp\/v2\/types\/post"}],"author":[{"embeddable":true,"href":"https:\/\/rdnews.al\/index.php\/wp-json\/wp\/v2\/users\/4"}],"replies":[{"embeddable":true,"href":"https:\/\/rdnews.al\/index.php\/wp-json\/wp\/v2\/comments?post=110586"}],"version-history":[{"count":1,"href":"https:\/\/rdnews.al\/index.php\/wp-json\/wp\/v2\/posts\/110586\/revisions"}],"predecessor-version":[{"id":110587,"href":"https:\/\/rdnews.al\/index.php\/wp-json\/wp\/v2\/posts\/110586\/revisions\/110587"}],"wp:featuredmedia":[{"embeddable":true,"href":"https:\/\/rdnews.al\/index.php\/wp-json\/wp\/v2\/media\/51803"}],"wp:attachment":[{"href":"https:\/\/rdnews.al\/index.php\/wp-json\/wp\/v2\/media?parent=110586"}],"wp:term":[{"taxonomy":"category","embeddable":true,"href":"https:\/\/rdnews.al\/index.php\/wp-json\/wp\/v2\/categories?post=110586"},{"taxonomy":"post_tag","embeddable":true,"href":"https:\/\/rdnews.al\/index.php\/wp-json\/wp\/v2\/tags?post=110586"}],"curies":[{"name":"wp","href":"https:\/\/api.w.org\/{rel}","templated":true}]}}