{"id":110739,"date":"2025-04-17T10:57:06","date_gmt":"2025-04-17T10:57:06","guid":{"rendered":"https:\/\/rdnews.al\/?p=110739"},"modified":"2025-04-17T10:57:06","modified_gmt":"2025-04-17T10:57:06","slug":"piramida-shetitese-elektorale-e-edi-rames-per-pasaporten-evropiane","status":"publish","type":"post","link":"https:\/\/rdnews.al\/index.php\/2025\/04\/17\/piramida-shetitese-elektorale-e-edi-rames-per-pasaporten-evropiane\/","title":{"rendered":"Piramida sh\u00ebtit\u00ebse elektorale e Edi Ram\u00ebs p\u00ebr pasaport\u00ebn evropiane"},"content":{"rendered":"<p><strong>Nga\u00a0Ndri\u00e7im KULLA<\/strong><\/p>\n<p>Sot regjimi i Edi Ram\u00ebs m\u00eb s\u00eb paku e kishte detyrim ndaj qytetar\u00ebve shqiptar\u00eb t\u00eb b\u00ebnte llogaridh\u00ebnie pse , p\u00ebr \u00e7far\u00eb arsye e la procesin e integrimit evropian tek pragu i sht\u00ebpis\u00eb duke mos\u00a0 ia hedhur asnj\u00eb \u00e7ast dyt\u00ebp\u00ebr t\u00eb b\u00ebr\u00eb\u00a0 asnj\u00eb hap\u00eb p\u00ebrpara, madje n\u00eb shum\u00eb prej kritereve thelb\u00ebsore t\u00eb k\u00ebtij procesi ka\u00a0 nj\u00eb deformim t\u00eb tij ose shkat\u00ebrrim t\u00eb tyre.<\/p>\n<p>Pra n\u00eb vend q\u00eb t\u00eb shihnim nj\u00eb proces reflektimi mbi nj\u00eb nga d\u00ebshtimet m\u00eb spektakolare t\u00eb k\u00ebtij shkat\u00ebrrimi nga ana e mazhoranc\u00ebs qeveris\u00ebse, po shikojm\u00eb p\u00ebr \u00e7udi\u00a0 nj\u00eb teat\u00ebr absurd t\u00eb gjoja nj\u00eb zgjimi t\u00eb pa pritur\u00a0 t\u00eb procesit t\u00eb integrimit nga qeverisja sikur ka zbuluar kutin\u00eb magjike me nj\u00eb p\u00ebrfundim t\u00eb faktit t\u00eb kryer.<\/p>\n<p>Pasaporta evropiane sh\u00ebtit\u00ebse e Edi Ram\u00ebs duket se ka filluar si akti par\u00eb i k\u00ebtij teatri.<\/p>\n<p>Piramida sh\u00ebtit\u00ebse e Edi Ram\u00ebs po vazhdon turin nga Tirana n\u00eb Vlor\u00eb, nga Vlora n\u00eb Shkod\u00ebr, nga Shkodra n\u00eb Elbasan, nga Elbasani e kudo n\u00eb t\u00eb gjitha cepat e Shqip\u00ebris\u00eb. Por m\u00eb e dizenjuar ajo shfaqet n\u00eb qendrat qytetase t\u00eb Evrop\u00ebs ku ka emigrant shqiptar\u00eb e shtirur dhe e sforcuar me nj\u00eb sentiment t\u00eb rrem\u00eb njer\u00ebzor.<\/p>\n<p>Pasaporta Evropiane e shqiptar\u00ebve \u00ebsht\u00eb nj\u00eb e ofert\u00eb e falsifikuar q\u00eb nuk ka asnj\u00eb element realist n\u00eb v\u00ebrtet\u00ebsin\u00eb e saj p\u00ebr tu besuar dhe krejt e ve\u00e7ant\u00eb n\u00eb llojin e saj.<\/p>\n<p>\u00c7do shqiptar\u00eb q\u00eb ka jetuar n\u00eb vendin e tij, por edhe ata t\u00eb cil\u00ebt regjimi i ka detyruar q\u00eb t\u00eb marrin rrug\u00ebn e kurbetit dhe q\u00eb aktualisht jetojn\u00eb n\u00eb nj\u00eb tok\u00eb t\u00eb huaj n\u00eb Evrop\u00eb, Australi, Kanada apo Shtetet e Bashkuara t\u00eb Amerik\u00ebs, nuk e kan\u00eb hequr kurr\u00eb v\u00ebmendjen, duke par\u00eb n\u00eb horizont n\u00eb \u00e7do \u00e7ast q\u00eb qeverisja 12 vje\u00e7are e Edi Ram\u00ebs ta b\u00ebnte t\u00eb dit\u00ebs projektin e saj t\u00eb integrimit evropian duke e ringjallur sadopak projektin e s\u00eb\u00a0 t\u00eb cilit Partia Demokratike e la udh\u00ebtimin e tij pik\u00ebrisht tek pragu i sht\u00ebpis\u00eb.<\/p>\n<p>N\u00eb k\u00ebt\u00eb stanjacion t\u00eb krijuar nga mungesa e qart\u00eb e interesit t\u00eb Edi Ran\u00ebs dhe qeverisjes s\u00eb tij , p\u00ebr integrimin evropian\u00a0 na ishte krijuar p\u00ebrshtypja t\u00eb gjith\u00ebve, se kjo aspirat\u00eb historike e shqiptar\u00ebve ishte hedhur mbrapa krah\u00ebve t\u00eb historis\u00eb dhe regjimi i instaluar n\u00eb Tiran\u00eb dukej se m\u00eb shum\u00eb r\u00ebnd\u00ebsi i jepte diplomacis\u00eb orientaliste. Duke fuqizuar lidhjet me Taip Erdoganin ose zbatimit t\u00eb filozofis\u00eb se majt\u00eb t\u00eb Xhorxh Sorosit e duke e kthyer integrimin n\u00eb nj\u00eb hije t\u00eb s\u00eb v\u00ebrtet\u00ebs s\u00eb tij.<\/p>\n<p>Madje n\u00eb k\u00ebt\u00eb braktisje totale q\u00eb i b\u00ebri qeverisja 12 vje\u00e7are e Ram\u00ebs m\u00eb t\u00eb alarmuar u shfaq\u00ebn ata, evropian\u00ebt, po aspak qeverisja shqiptare, q\u00eb e kishte t\u00eb detyrueshme gjetjen e rrug\u00ebve p\u00ebr ta inkurajuar procesin e saj t\u00eb ndaluar.<\/p>\n<p>Integrimi evropian ka qen\u00eb dhe do t\u00eb mbetet \u00ebndrra m\u00eb e madhe e shqiptar\u00ebve t\u00eb periudh\u00ebs s\u00eb pas viteve 90-t\u00eb. P\u00ebrtej simbolit dhe imazhit q\u00eb kjo \u00ebnd\u00ebrr mbart n\u00eb vetvete, shpeshher\u00eb ajo na \u00ebsht\u00eb dukur e larg\u00ebt, iluzive, shum\u00eb e v\u00ebshtir\u00eb p\u00ebr t\u2019u realizuar,aq sa t\u00eb na ngjaj\u00eb e g\u00ebnjesht\u00ebrt, edhe pse ne si popull s\u2019kemi qen\u00eb kurr\u00eb t\u00eb pa v\u00ebrtet\u00eb ndaj saj.<\/p>\n<p>Samiti i Berlinit dhe 12 pikat e Bundestagut jan\u00eb nj\u00eb nga d\u00ebshmit\u00eb e shumta t\u00eb vullnetit evropian t\u00eb\u00a0\u00a0 shprehura hapur ose me diplomaci n\u00ebp\u00ebrmjet Gjermanis\u00eb, se Shqip\u00ebria e kishte vendin n\u00eb Evrop\u00eb,\u00a0 por q\u00eb rrug\u00ebtimi i saj t\u00eb p\u00ebrshpejtohej duhej q\u00eb fillimisht ajo t\u00eb nd\u00ebrgjegj\u00ebsonte veten p\u00ebr p\u00ebrmbushjen e kritereve politike ,pa realizimin e s\u00eb cilave porta e Bashkimit Evropian as q\u00eb mund t\u00eb mendohet se do hapet ndonj\u00ebher\u00eb.<\/p>\n<p>Por qeverisja dhe politika jon\u00eb e k\u00ebtyre 12\u00a0 viteve, na e kan\u00eb b\u00ebr\u00eb t\u00eb till\u00eb k\u00ebt\u00eb imazh, duke e menduar afrimin ndaj saj si nj\u00eb rrug\u00ebtim q\u00eb nuk mund t\u00eb rroket dot t\u00ebr\u00ebsisht prej saj n\u00eb gjith\u00eb larg\u00ebsin\u00eb e vet, ose p\u00ebr ta th\u00ebn\u00eb me nj\u00eb shprehje poetike, si nj\u00eb grua t\u00eb bukur e cila i t\u00ebrheq aq shum\u00eb njer\u00ebzit, por q\u00eb pik\u00ebrisht n\u00eb saj\u00eb t\u00eb bukuris\u00eb, p\u00ebrsosm\u00ebris\u00eb dhe qasht\u00ebrsis\u00eb s\u00eb saj, edhe i frik\u00ebson aq shum\u00eb ata.<\/p>\n<p>Sot monstra q\u00eb fatkeq\u00ebsisht na drejton n\u00eb m\u00ebnyr\u00eb t\u00eb pa drejt\u00eb, \u00ebsht\u00eb i zbuluar, n\u00eb qiell t\u00eb hapur nat\u00ebn dhe n\u00eb diell dit\u00ebn. Nuk ka m\u00eb fuqin\u00eb mediatike t\u00eb krijuesit t\u00eb tij si n\u00eb Amerik\u00eb ashtu edhe n\u00eb Evrop\u00eb, ndon\u00ebse n\u00eb Komisionin Evropian ka ende rr\u00ebza t\u00eb fshehta\u00a0 qe i ofrojn\u00eb mb\u00ebshtetje sigurisht p\u00ebr arsye vet\u00ebm sorosiane.<\/p>\n<p>Ndaj idet\u00eb e tij t\u00eb mbrapshta k\u00ebsaj radhe kan\u00eb v\u00ebmendjen\u00a0 dhe reagimin m\u00eb t\u00eb shpejt\u00a0 si nga kancelarit\u00eb per\u00ebndimore Evrop\u00eb \u2013Amerik\u00eb, por sidomos\u00a0 nga shtypi m\u00eb prestigjioz per\u00ebndimor.<\/p>\n<p>N\u00eb t\u00eb rejat e hapjes s\u00eb fushat\u00ebs elektorale t\u00eb regjimit n\u00eb ceremonin\u00eb e hapjes s\u00eb saj gjetja e mundimshme e certifikat\u00ebs s\u00eb Evrop\u00ebs nga kjo mazhoranc\u00eb i ngjante nj\u00eb kungulli q\u00eb k\u00ebrcen n\u00ebp\u00ebr\u00a0 ferr\u00eb dhe p\u00ebrve\u00e7 flet\u00ebve q\u00eb e gjelb\u00ebrojn\u00eb pak\u00eb \u00ebsht\u00eb pun\u00eb e v\u00ebshtir\u00eb q\u00eb t\u00eb gjesh nj\u00eb frut mes k\u00ebrcellit t\u00eb tij.<\/p>\n<p>Ajo q\u00eb ra n\u00eb sy menj\u00ebher\u00eb nga hapja e fushat\u00ebs elektorale\u00a0 t\u00eb regjimit n\u00eb Tiran\u00eb dhe q\u00eb dallohej qart\u00eb\u00a0 \u00ebsht\u00eb filozofia e vjet\u00ebr e politik\u00ebs s\u00eb tij: Asgj\u00ebja e mund\u00ebsis\u00eb s\u00eb ndryshimit me p\u00eblhur\u00ebn e mbuluar p\u00ebr t\u00eb mbajtur varuar edhe m\u00eb tej shpresat e shqiptar\u00ebve te\u00a0 \u201ckryevepra\u201d e tyre iluzioni i rrem\u00eb i integrimit .Duke e l\u00ebn\u00eb t\u00eb mbuluar shkret\u00ebtir\u00ebn e madhe q\u00eb kan\u00eb krijuar brenda n\u00eb step\u00ebn e qyteteve dhe fshatrave t\u00eb braktisur nga fryma e njer\u00ebzve t\u00eb cil\u00ebt kan\u00eb ikur dhe e kan\u00eb ndalur frym\u00ebn n\u00eb vende t\u00eb tjera, ku kan\u00eb mundur q\u00eb t\u00eb gjejn\u00eb pak shpres\u00eb, si nj\u00eblloj me komunist\u00ebt e dikursh\u00ebm, ata b\u00ebn\u00eb parad\u00ebn madh\u00ebshtore t\u00eb fitores s\u00eb sigurt me risin\u00eb tyre gjeniale t\u00eb 12 yjeve\u00a0 q\u00eb i korrespondon t\u00eb 12 qarqeve.<\/p>\n<p>Ata realisht bilancin e 12 viteve t\u00eb d\u00ebshtuara dhe t\u00eb inkriminuara me drog\u00eb dhe korrupsion kriminal n\u00eb t\u00eb gjitha drejtimet e jet\u00ebs shoq\u00ebrore dhe administrative i kan\u00eb kthyer p\u00ebrmbys n\u00eb tymnaj\u00eb\u00a0 t\u00eb propagand\u00ebs gebelsiane t\u00eb medieve sh\u00ebrbyese duke i quajtur vite\u00a0 suksesesh. Ideja \u201cmadh\u00ebshtore\u201d e kryeministrit shqiptar\u00eb p\u00ebr futurizmin integrues me afat t\u00eb p\u00ebrcaktuar prej tij me vite dhe muaj t\u00eb p\u00ebrcaktuar prej tij, ekspozon m\u00eb s\u00eb miri kriz\u00ebn e madhe q\u00eb ka krijuar asgj\u00ebja e programit t\u00eb tij elektoral.<\/p>\n<p>Drog\u00eb, dollar\u00eb dhe diplomaci e p\u00ebrshkruan n\u00eb m\u00ebnyr\u00eb sintetike ZDF kanali televiziv gjerman\u00a0 Shqip\u00ebrin\u00eb e sotme n\u00ebn drejtimin e Edi Ram\u00ebs. Kanali prestigjioz gjerman n\u00eb dokumentarin e tij shpreh\u00eb shqet\u00ebsime t\u00eb m\u00ebdha dhe shum\u00eb alarmante p\u00ebr sigurin\u00eb evropiane e cila k\u00ebrc\u00ebnohet seriozisht nga nj\u00eb narkoshtet n\u00eb oborrin e Evrop\u00ebs.<\/p>\n<p>Premtimi q\u00eb u b\u00ebn Edi Rama votueseve\u00a0 sot n\u00eb k\u00ebt\u00eb fushat\u00eb elektorale, nuk \u00ebsht\u00eb ofert\u00eb, nuk \u00ebsht\u00eb as edhe ndonj\u00eb ide e cila bie er\u00eb perspektiv\u00eb, qoft\u00eb edhe e\u00a0 larg\u00ebt p\u00ebr integrimin. Kjo \u00ebsht\u00eb kthyer nga ora n\u00eb or\u00eb n\u00eb nj\u00eb shashk\u00eb fushate p\u00ebr t\u00eb justifikuar s\u00eb paku programin e d\u00ebshtuar dhe krejt inekzistent t\u00eb Partis\u00eb Socialiste, e cila p\u00ebrve\u00e7 kopjes s\u00eb sh\u00ebmtuar t\u00eb folklorit me daulle dhe tallava nuk ka sjell dot asgj\u00eb prej gj\u00ebje t\u00eb re.<\/p>\n","protected":false},"excerpt":{"rendered":"<p>Nga\u00a0Ndri\u00e7im KULLA Sot regjimi i Edi Ram\u00ebs m\u00eb s\u00eb paku e kishte detyrim ndaj qytetar\u00ebve shqiptar\u00eb t\u00eb b\u00ebnte llogaridh\u00ebnie pse , p\u00ebr \u00e7far\u00eb arsye e la procesin e integrimit evropian tek pragu i sht\u00ebpis\u00eb duke mos\u00a0 ia hedhur asnj\u00eb \u00e7ast dyt\u00ebp\u00ebr t\u00eb b\u00ebr\u00eb\u00a0 asnj\u00eb hap\u00eb p\u00ebrpara, madje n\u00eb shum\u00eb prej kritereve thelb\u00ebsore t\u00eb k\u00ebtij procesi &hellip;<\/p>\n","protected":false},"author":4,"featured_media":108909,"comment_status":"closed","ping_status":"closed","sticky":false,"template":"","format":"standard","meta":{"footnotes":""},"categories":[37],"tags":[],"class_list":["post-110739","post","type-post","status-publish","format-standard","has-post-thumbnail","","category-politike"],"_links":{"self":[{"href":"https:\/\/rdnews.al\/index.php\/wp-json\/wp\/v2\/posts\/110739","targetHints":{"allow":["GET"]}}],"collection":[{"href":"https:\/\/rdnews.al\/index.php\/wp-json\/wp\/v2\/posts"}],"about":[{"href":"https:\/\/rdnews.al\/index.php\/wp-json\/wp\/v2\/types\/post"}],"author":[{"embeddable":true,"href":"https:\/\/rdnews.al\/index.php\/wp-json\/wp\/v2\/users\/4"}],"replies":[{"embeddable":true,"href":"https:\/\/rdnews.al\/index.php\/wp-json\/wp\/v2\/comments?post=110739"}],"version-history":[{"count":1,"href":"https:\/\/rdnews.al\/index.php\/wp-json\/wp\/v2\/posts\/110739\/revisions"}],"predecessor-version":[{"id":110740,"href":"https:\/\/rdnews.al\/index.php\/wp-json\/wp\/v2\/posts\/110739\/revisions\/110740"}],"wp:featuredmedia":[{"embeddable":true,"href":"https:\/\/rdnews.al\/index.php\/wp-json\/wp\/v2\/media\/108909"}],"wp:attachment":[{"href":"https:\/\/rdnews.al\/index.php\/wp-json\/wp\/v2\/media?parent=110739"}],"wp:term":[{"taxonomy":"category","embeddable":true,"href":"https:\/\/rdnews.al\/index.php\/wp-json\/wp\/v2\/categories?post=110739"},{"taxonomy":"post_tag","embeddable":true,"href":"https:\/\/rdnews.al\/index.php\/wp-json\/wp\/v2\/tags?post=110739"}],"curies":[{"name":"wp","href":"https:\/\/api.w.org\/{rel}","templated":true}]}}