{"id":110791,"date":"2025-04-17T18:08:05","date_gmt":"2025-04-17T18:08:05","guid":{"rendered":"https:\/\/rdnews.al\/?p=110791"},"modified":"2025-04-17T18:26:13","modified_gmt":"2025-04-17T18:26:13","slug":"fermeri-parate-e-be-perfunduan-tek-oligarket-me-programin-e-pd-fermeret-shikojne-drite-pas-12-viteve","status":"publish","type":"post","link":"https:\/\/rdnews.al\/index.php\/2025\/04\/17\/fermeri-parate-e-be-perfunduan-tek-oligarket-me-programin-e-pd-fermeret-shikojne-drite-pas-12-viteve\/","title":{"rendered":"Fermeri: Me programin e PD fermer\u00ebt shikojn\u00eb drit\u00eb pas 12 viteve&#8230;"},"content":{"rendered":"<div id=\"rekl-49\">Fermeri nga Berati, Adem Mu\u00e7a, theksoi se me programin e koalicionit PD-ASHM t\u00eb gjith\u00eb qytetar\u00ebt shikojn\u00eb nj\u00eb drit\u00eb jeshile n\u00eb fund t\u00eb tunelit n\u00eb 12 vite err\u00ebsir\u00eb q\u00eb ka kaluar vendi.<\/div>\n<div class=\"readmore-text-here\">\n<p>Ai tha se nj\u00eb pjes\u00eb e madhe e fermave n\u00eb Qarkun Berat jan\u00eb t\u00eb mbyllura p\u00ebr arsye se k\u00ebta qytetar\u00eb kan\u00eb emigruar p\u00ebr nj\u00eb jet\u00eb m\u00eb t\u00eb mir\u00eb.<\/p>\n<p>Mu\u00e7a shtoi se investimet financiare q\u00eb BE i ofroi qeveris\u00eb shqiptare p\u00ebr bujq\u00ebsin\u00eb nuk p\u00ebrfunduan tek fermer\u00ebt por sipas tij tek oligark\u00ebt.<\/p>\n<p>\u201cN\u00eb k\u00ebt\u00eb takim elektoral dua t\u00eb diskutoj disa probleme t\u00eb m\u00ebdha q\u00eb ne kemi hasur k\u00ebtu n\u00eb fermat tona k\u00ebtu n\u00eb qarju8n tona gjith\u00eb 12 viteve t\u00eb rilindjes. Ne si fermer\u00ebt na ka munguar totalisht p\u00ebrkujdesjet dhe ndihma e qeveris\u00eb n\u00eb ikje. Nj\u00eb pjes\u00eb e fermave tona jan\u00eb t\u00eb mbyllura, ku fermer\u00ebt jan\u00eb larguar p\u00ebr nj\u00eb jet\u00eb m\u00eb t\u00eb mir\u00eb n\u00eb vendet fqinj\u00eb.<\/p>\n<p>Fermat tona lul\u00ebzonin gjat\u00eb viteve 2005-2013. Por ky lul\u00ebzim nuk vazhdoi m\u00eb pas viti 2013 sepse mungojn\u00eb subvencionimet n\u00eb bujq\u00ebsi n\u00eb blegtori dhe n\u00eb pem\u00ebtari. Duke pasur parasysh klim\u00ebn mesdhetare q\u00eb kemi ne si qark merremi me serat diellore. Serrat jan\u00eb nj\u00eb pun\u00eb e lodhshme por kan\u00eb rendimentit e tyre po nj\u00ebkoh\u00ebsisht k\u00ebrkojn\u00eb dhe subvencione. Por kjo qeveri jo q\u00eb nuk na dha subvencione por kur kishte vit elektoral na ofronte patronazhist\u00eb aty q\u00eb t\u00eb na merrte kart\u00eb identiteti dhe numrin q\u00eb ta na jepte nj\u00eb l\u00ebmosh\u00eb.<\/p>\n<p>K\u00ebto ishin marifetet e k\u00ebtyre rilind\u00ebsve dhe militant\u00ebve e t\u00eb ashp\u00ebr. Na kusht\u00ebzonin dhe me disa kritere t\u00eb tjera q\u00eb gjasme i k\u00ebrkonte BE, q\u00eb duheshin t\u00eb kishim10 dynym bashk\u00eb gjojan q\u00eb t\u00eb nd\u00ebrtonim sera. Serat duheshin t\u00eb larta 2.8 metro, gj\u00eb q\u00eb neve as sht\u00ebpit\u00eb nuk i kishim aq t\u00eb larta. Rilindja kishte tjet\u00ebr q\u00ebllim k\u00ebto financimet e BE-s\u00eb nuk p\u00ebrfunduan asnj\u00ebher\u00eb tek bujq\u00ebsia tek blegtoria apo tek ullisht\u00ebs por p\u00ebrfunduam, tek k\u00ebta oligark\u00ebt e vegj\u00ebl q\u00eb nuk kishin t\u00eb ngopur dhe me nd\u00ebrtimin e serave dhe fondet e BE-s\u00eb.<\/p>\n<p>Duke lexuar programin e aleanc\u00ebs p\u00ebr Shqip\u00ebrin\u00eb Madh\u00ebshtore shohim nj\u00eb drit\u00eb p\u00ebrpara k\u00ebtij tuneli t\u00eb err\u00ebt 12 vje\u00e7ar. Dhe n\u00eb saj fermer\u00eb t\u00eb t\u00eb gjitha bindjeve politike se s\u2019ka bindje atje t\u00eb majt\u00eb t\u00eb djatht\u00eb k\u00ebrkojm\u00eb nga ju z.Berisha se shpresat jan\u00eb tek PD sepse ajo i ka dh\u00ebn\u00eb prova\u201d, tha Mu\u00e7a.<\/p>\n<\/div>\n","protected":false},"excerpt":{"rendered":"<p>Fermeri nga Berati, Adem Mu\u00e7a, theksoi se me programin e koalicionit PD-ASHM t\u00eb gjith\u00eb qytetar\u00ebt shikojn\u00eb nj\u00eb drit\u00eb jeshile n\u00eb fund t\u00eb tunelit n\u00eb 12 vite err\u00ebsir\u00eb q\u00eb ka kaluar vendi. Ai tha se nj\u00eb pjes\u00eb e madhe e fermave n\u00eb Qarkun Berat jan\u00eb t\u00eb mbyllura p\u00ebr arsye se k\u00ebta qytetar\u00eb kan\u00eb emigruar p\u00ebr nj\u00eb &hellip;<\/p>\n","protected":false},"author":4,"featured_media":110792,"comment_status":"closed","ping_status":"closed","sticky":false,"template":"","format":"standard","meta":{"footnotes":""},"categories":[37],"tags":[],"class_list":["post-110791","post","type-post","status-publish","format-standard","has-post-thumbnail","","category-politike"],"_links":{"self":[{"href":"https:\/\/rdnews.al\/index.php\/wp-json\/wp\/v2\/posts\/110791","targetHints":{"allow":["GET"]}}],"collection":[{"href":"https:\/\/rdnews.al\/index.php\/wp-json\/wp\/v2\/posts"}],"about":[{"href":"https:\/\/rdnews.al\/index.php\/wp-json\/wp\/v2\/types\/post"}],"author":[{"embeddable":true,"href":"https:\/\/rdnews.al\/index.php\/wp-json\/wp\/v2\/users\/4"}],"replies":[{"embeddable":true,"href":"https:\/\/rdnews.al\/index.php\/wp-json\/wp\/v2\/comments?post=110791"}],"version-history":[{"count":3,"href":"https:\/\/rdnews.al\/index.php\/wp-json\/wp\/v2\/posts\/110791\/revisions"}],"predecessor-version":[{"id":110802,"href":"https:\/\/rdnews.al\/index.php\/wp-json\/wp\/v2\/posts\/110791\/revisions\/110802"}],"wp:featuredmedia":[{"embeddable":true,"href":"https:\/\/rdnews.al\/index.php\/wp-json\/wp\/v2\/media\/110792"}],"wp:attachment":[{"href":"https:\/\/rdnews.al\/index.php\/wp-json\/wp\/v2\/media?parent=110791"}],"wp:term":[{"taxonomy":"category","embeddable":true,"href":"https:\/\/rdnews.al\/index.php\/wp-json\/wp\/v2\/categories?post=110791"},{"taxonomy":"post_tag","embeddable":true,"href":"https:\/\/rdnews.al\/index.php\/wp-json\/wp\/v2\/tags?post=110791"}],"curies":[{"name":"wp","href":"https:\/\/api.w.org\/{rel}","templated":true}]}}