{"id":11089,"date":"2022-05-03T11:55:23","date_gmt":"2022-05-03T11:55:23","guid":{"rendered":"https:\/\/rdnews.al\/?p=11089"},"modified":"2022-05-03T11:55:23","modified_gmt":"2022-05-03T11:55:23","slug":"rruga-e-aeroportit-e-kthyer-ne-kandahar-kreu-i-pd-fushe-kruje-mbeshtes-protesten-e-banoreve","status":"publish","type":"post","link":"https:\/\/rdnews.al\/index.php\/2022\/05\/03\/rruga-e-aeroportit-e-kthyer-ne-kandahar-kreu-i-pd-fushe-kruje-mbeshtes-protesten-e-banoreve\/","title":{"rendered":"Rruga e aeroportit e kthyer n\u00eb \u201cKandahar\u201d, kreu i PD Fush\u00eb-Kruj\u00eb: Mb\u00ebshtes protest\u00ebn e banor\u00ebve"},"content":{"rendered":"<p>Kryetari i PD Fush\u00eb-Kruj\u00eb, Agron Loka mb\u00ebsht\u00ebt protest\u00ebn e banor\u00ebve t\u00eb Rinasit. Loka shkruan n\u00eb nj\u00eb postim n\u00eb Facebook se, kthimi me nj\u00eb sens i rrug\u00ebs s\u00eb Rinasit penalizon jo vet\u00ebm banor\u00ebt e zon\u00ebs, por t\u00eb gjith\u00eb Veriun e vendit dhe ky \u00ebsht\u00eb nj\u00eb diskriminim q\u00eb i b\u00ebhet nga Rama k\u00ebtyre banor\u00ebve.<\/p>\n<p><strong>Reagimi i plot\u00eb<\/strong><\/p>\n<p>Kthimi me nj\u00eb sens i rrug\u00ebs s\u00eb Rinasit penalizon jo vet\u00ebm banor\u00ebt e zon\u00ebs, por t\u00eb gjith\u00eb Veriun e vendit dhe ky \u00ebsht\u00eb nj\u00eb diskriminim q\u00eb i b\u00ebhet nga Rama k\u00ebtyre banor\u00ebve.<\/p>\n<p>Rinasi \u00ebsht\u00eb kthyer n\u00eb nj\u00eb lloj Kandahari p\u00ebr shkak t\u00eb lejeve t\u00eb nd\u00ebrtimit kuturu t\u00eb dh\u00ebna nga Qeveria dhe Bashkia e Kruj\u00ebs dhe n\u00eb vend q\u00eb t\u00eb ndalen k\u00ebto nd\u00ebrtime merret vendimi q\u00eb penalizon banor\u00ebt e Rinasit dhe t\u00eb gjith\u00eb veriut.<\/p>\n<p>Zgjidhje nuk \u00ebsht\u00eb kthimi i rrug\u00ebs me nj\u00eb sens, por nd\u00ebrhyrja tek rrethrrotullimii i aeropotit \u201cN\u00ebn\u00eb Tereza\u201d dhe zgjerimi m\u00eb pas i rrug\u00ebs.<\/p>\n<p>Mb\u00ebshtes protst\u00ebn e banor\u00ebve t\u00eb Rinasit.<\/p>\n","protected":false},"excerpt":{"rendered":"<p>Kryetari i PD Fush\u00eb-Kruj\u00eb, Agron Loka mb\u00ebsht\u00ebt protest\u00ebn e banor\u00ebve t\u00eb Rinasit. Loka shkruan n\u00eb nj\u00eb postim n\u00eb Facebook se, kthimi me nj\u00eb sens i rrug\u00ebs s\u00eb Rinasit penalizon jo vet\u00ebm banor\u00ebt e zon\u00ebs, por t\u00eb gjith\u00eb Veriun e vendit dhe ky \u00ebsht\u00eb nj\u00eb diskriminim q\u00eb i b\u00ebhet nga Rama k\u00ebtyre banor\u00ebve. Reagimi i plot\u00eb &hellip;<\/p>\n","protected":false},"author":4,"featured_media":10973,"comment_status":"open","ping_status":"open","sticky":false,"template":"","format":"standard","meta":{"footnotes":""},"categories":[40],"tags":[],"class_list":["post-11089","post","type-post","status-publish","format-standard","has-post-thumbnail","","category-aktualitet"],"_links":{"self":[{"href":"https:\/\/rdnews.al\/index.php\/wp-json\/wp\/v2\/posts\/11089","targetHints":{"allow":["GET"]}}],"collection":[{"href":"https:\/\/rdnews.al\/index.php\/wp-json\/wp\/v2\/posts"}],"about":[{"href":"https:\/\/rdnews.al\/index.php\/wp-json\/wp\/v2\/types\/post"}],"author":[{"embeddable":true,"href":"https:\/\/rdnews.al\/index.php\/wp-json\/wp\/v2\/users\/4"}],"replies":[{"embeddable":true,"href":"https:\/\/rdnews.al\/index.php\/wp-json\/wp\/v2\/comments?post=11089"}],"version-history":[{"count":0,"href":"https:\/\/rdnews.al\/index.php\/wp-json\/wp\/v2\/posts\/11089\/revisions"}],"wp:featuredmedia":[{"embeddable":true,"href":"https:\/\/rdnews.al\/index.php\/wp-json\/wp\/v2\/media\/10973"}],"wp:attachment":[{"href":"https:\/\/rdnews.al\/index.php\/wp-json\/wp\/v2\/media?parent=11089"}],"wp:term":[{"taxonomy":"category","embeddable":true,"href":"https:\/\/rdnews.al\/index.php\/wp-json\/wp\/v2\/categories?post=11089"},{"taxonomy":"post_tag","embeddable":true,"href":"https:\/\/rdnews.al\/index.php\/wp-json\/wp\/v2\/tags?post=11089"}],"curies":[{"name":"wp","href":"https:\/\/api.w.org\/{rel}","templated":true}]}}