{"id":110927,"date":"2025-04-18T17:58:35","date_gmt":"2025-04-18T17:58:35","guid":{"rendered":"https:\/\/rdnews.al\/?p=110927"},"modified":"2025-04-18T17:58:50","modified_gmt":"2025-04-18T17:58:50","slug":"110927","status":"publish","type":"post","link":"https:\/\/rdnews.al\/index.php\/2025\/04\/18\/110927\/","title":{"rendered":"Studentja: Nuk duam pasaport\u00ebn e Ram\u00ebs p\u00ebr t\u00eb ikur! M\u00eb 11 Maj shqiptar\u00ebt do t\u00eb zgjedhin t\u00eb q\u00ebndrojn\u00eb&#8230;"},"content":{"rendered":"<p>Kryetari i Partis\u00eb Demokratike, Sali Berisha zhvilloi sot nj\u00eb takim me qytetar\u00ebt e Kamz\u00ebs, ku prezantoi edhe\u00a0kandidat\u00ebt.<\/p>\n<p>N\u00eb k\u00ebt\u00eb takim, studentja Albana Gjika mbajti nj\u00eb fjal\u00ebn e saj, duke sjell\u00eb z\u00ebrin dhe shqet\u00ebsimet e rinis\u00eb shqiptare.<\/p>\n<p>Ajo cil\u00ebsoi se sot t\u00eb rinjt\u00eb nuk k\u00ebrkojn\u00eb favore e as pasaport\u00ebn e premtuar t\u00eb Edi Ram\u00ebs p\u00ebr tu larguar nga vendi, por duan nj\u00eb Shqip\u00ebri me kushte Europiane p\u00ebr t\u00eb nd\u00ebrtuar t\u00eb ardhmen e tyre pran\u00eb familjes.<\/p>\n<p><strong>Albana Gjika<\/strong><\/p>\n<p>Dua ta nd\u00ebrtoj t\u00eb ardhmen time pran\u00eb prind\u00ebrve t\u00eb mi, e jo t\u00eb shp\u00ebrndahem n\u00ebp\u00ebr bot\u00eb si shum\u00eb shqiptar\u00eb sot. Prind\u00ebrit tan\u00eb kan\u00eb sakrifikuar \u00e7do dit\u00eb t\u00eb jet\u00ebs s\u00eb tyre p\u00ebr t\u00eb na dh\u00ebn\u00eb nj\u00eb jet\u00eb m\u00eb t\u00eb mir\u00eb.<\/p>\n<p>Sot, arsimi n\u00eb Shqip\u00ebri \u00ebsht\u00eb n\u00eb kriz\u00eb: programet jan\u00eb t\u00eb vjetruara, mungon teknologjia, mungon motivimi, student\u00ebt ndihen t\u00eb harruar dhe diploma mbetet vet\u00ebm nj\u00eb let\u00ebr, sepse nuk t\u00eb pret nj\u00eb mund\u00ebsi e re pun\u00ebsimi.<\/p>\n<p>T\u00eb rinjt\u00eb nuk k\u00ebrkojn\u00eb favore, k\u00ebrkojn\u00eb drejt\u00ebsi dhe kushte t\u00eb barabarta p\u00ebr t\u00eb nd\u00ebrtuar jet\u00ebn me ndershm\u00ebri. N\u00ebn drejtimin tuaj, un\u00eb besoj se arsimi do t\u00eb kthehet n\u00eb prioritet, pensionet do t\u00eb rriten, biznesi do t\u00eb zhvillohet dhe mir\u00ebqenia do t\u00eb p\u00ebrmir\u00ebsohet.<\/p>\n<p>Kjo \u00ebsht\u00eb Europa q\u00eb duam. Nuk duam pasaport\u00eb p\u00ebr t\u00eb ikur, si\u00e7 do Edi Rama. Dua kushte europiane n\u00eb vendin tim.<\/p>\n<p>Sot, ne jemi t\u00eb gjith\u00eb t\u00eb p\u00ebrndjekur nga pushteti i Edi Ram\u00ebs: nga korrupsioni, krimi, papun\u00ebsia dhe arsimi i braktisur. Un\u00eb, si nj\u00eb e re, i b\u00ebj thirrje rinis\u00eb n\u00eb vend dhe n\u00eb diaspor\u00eb, i b\u00ebj thirrje student\u00ebve t\u00eb rr\u00ebzojm\u00eb k\u00ebt\u00eb regjim p\u00ebr t\u00eb mir\u00ebn ton\u00eb dhe t\u00eb vendit.<\/p>\n<p>Mbi 1 milion\u00eb shqiptar\u00eb jan\u00eb larguar nga vendi, por m\u00eb 11 maj shqiptar\u00ebt do t\u00eb zgjedhin t\u00eb q\u00ebndrojn\u00eb&#8230;<\/p>\n","protected":false},"excerpt":{"rendered":"<p>Kryetari i Partis\u00eb Demokratike, Sali Berisha zhvilloi sot nj\u00eb takim me qytetar\u00ebt e Kamz\u00ebs, ku prezantoi edhe\u00a0kandidat\u00ebt. N\u00eb k\u00ebt\u00eb takim, studentja Albana Gjika mbajti nj\u00eb fjal\u00ebn e saj, duke sjell\u00eb z\u00ebrin dhe shqet\u00ebsimet e rinis\u00eb shqiptare. Ajo cil\u00ebsoi se sot t\u00eb rinjt\u00eb nuk k\u00ebrkojn\u00eb favore e as pasaport\u00ebn e premtuar t\u00eb Edi Ram\u00ebs p\u00ebr tu &hellip;<\/p>\n","protected":false},"author":4,"featured_media":110928,"comment_status":"closed","ping_status":"closed","sticky":false,"template":"","format":"standard","meta":{"footnotes":""},"categories":[37],"tags":[],"class_list":["post-110927","post","type-post","status-publish","format-standard","has-post-thumbnail","","category-politike"],"_links":{"self":[{"href":"https:\/\/rdnews.al\/index.php\/wp-json\/wp\/v2\/posts\/110927","targetHints":{"allow":["GET"]}}],"collection":[{"href":"https:\/\/rdnews.al\/index.php\/wp-json\/wp\/v2\/posts"}],"about":[{"href":"https:\/\/rdnews.al\/index.php\/wp-json\/wp\/v2\/types\/post"}],"author":[{"embeddable":true,"href":"https:\/\/rdnews.al\/index.php\/wp-json\/wp\/v2\/users\/4"}],"replies":[{"embeddable":true,"href":"https:\/\/rdnews.al\/index.php\/wp-json\/wp\/v2\/comments?post=110927"}],"version-history":[{"count":2,"href":"https:\/\/rdnews.al\/index.php\/wp-json\/wp\/v2\/posts\/110927\/revisions"}],"predecessor-version":[{"id":110930,"href":"https:\/\/rdnews.al\/index.php\/wp-json\/wp\/v2\/posts\/110927\/revisions\/110930"}],"wp:featuredmedia":[{"embeddable":true,"href":"https:\/\/rdnews.al\/index.php\/wp-json\/wp\/v2\/media\/110928"}],"wp:attachment":[{"href":"https:\/\/rdnews.al\/index.php\/wp-json\/wp\/v2\/media?parent=110927"}],"wp:term":[{"taxonomy":"category","embeddable":true,"href":"https:\/\/rdnews.al\/index.php\/wp-json\/wp\/v2\/categories?post=110927"},{"taxonomy":"post_tag","embeddable":true,"href":"https:\/\/rdnews.al\/index.php\/wp-json\/wp\/v2\/tags?post=110927"}],"curies":[{"name":"wp","href":"https:\/\/api.w.org\/{rel}","templated":true}]}}