{"id":110979,"date":"2025-04-19T09:06:18","date_gmt":"2025-04-19T09:06:18","guid":{"rendered":"https:\/\/rdnews.al\/?p=110979"},"modified":"2025-04-19T09:06:18","modified_gmt":"2025-04-19T09:06:18","slug":"denoncimi-i-kellicit-kioskat-kane-mbire-si-kerpudhat-neper-rruget-dhe-trotuaret-e-tiranes","status":"publish","type":"post","link":"https:\/\/rdnews.al\/index.php\/2025\/04\/19\/denoncimi-i-kellicit-kioskat-kane-mbire-si-kerpudhat-neper-rruget-dhe-trotuaret-e-tiranes\/","title":{"rendered":"Denoncimi i K\u00eblli\u00e7it: Kioskat kan\u00eb mbir\u00eb si k\u00ebrpudhat n\u00ebp\u00ebr rrug\u00ebt dhe trotuaret e Tiran\u00ebs!"},"content":{"rendered":"<p>Drejtuesi politik i PD p\u00ebr Tiran\u00ebn, Belind K\u00eblli\u00e7i me an\u00eb t\u00eb nj\u00eb statusi n\u00eb rrjetet sociale ka denoncuar vendosjen e kioskave n\u00eb bulevardin \u201cZogu 1\u201d.<\/p>\n<p>K\u00eblli\u00e7i shkruan se n\u00eb k\u00ebt\u00eb zon\u00eb k\u00ebmb\u00ebsor\u00ebt nuk kalojn\u00eb dot n\u00eb trotuare pasi jan\u00eb t\u00eb bllokuar t\u00ebr\u00ebsisht nga bar-kafet.<\/p>\n<p>Ky fenomen ka betonizuar t\u00ebr\u00ebsisht Tiran\u00ebn.<\/p>\n<p>\u201cBanor\u00ebt e Tiran\u00ebs Denoncojn\u00eb!<\/p>\n<p>N\u00eb fillim t\u00eb mandatit t\u00eb par\u00eb t\u00eb tij, Veliaj u zotua se nuk do t\u00eb vendoset asnj\u00eb kiosk\u00eb n\u00ebp\u00ebr rrug\u00ebt dhe trotuaret e Tiran\u00ebs si dhe nuk do t\u00eb jepet asnj\u00eb leje p\u00ebr betonizimin e Tiran\u00ebs, por n\u00eb fakt, ky ishte thjesht\u00eb nj\u00eb premtim ekektoral, pasi n\u00eb realitet ai b\u00ebri t\u00eb kund\u00ebrt\u00ebn e asaj q\u00eb premtoi.<\/p>\n<p>Kioskat n\u00eb bulevardin &#8220;Zogu 1&#8221; kan\u00eb mbir\u00eb si k\u00ebrpudhat pas shiut, i gjith\u00eb segmenti i k\u00ebtij bulevardi \u00ebsht\u00eb pushtuar nga kioskat dhe bar-kafet. Njer\u00ebzit nuk kalojn\u00eb dot, pasi nj\u00ebra an\u00eb e trotuareve \u00ebsht\u00eb bllokuar t\u00ebr\u00ebsisht.<\/p>\n<p>Fenomeni i kioskave dhe bar-kafeve pothuajse \u00ebsht\u00eb kudo n\u00ebp\u00ebr rrug\u00ebt dhe trotuaret e Tiran\u00ebs. Ky fenomen, krahas dh\u00ebnies s\u00eb lejeve t\u00eb nd\u00ebrtimit pa kriter, ka betonizuar t\u00ebr\u00ebsisht Tiran\u00ebn\u201d, shkruan K\u00eblli\u00e7i.<\/p>\n","protected":false},"excerpt":{"rendered":"<p>Drejtuesi politik i PD p\u00ebr Tiran\u00ebn, Belind K\u00eblli\u00e7i me an\u00eb t\u00eb nj\u00eb statusi n\u00eb rrjetet sociale ka denoncuar vendosjen e kioskave n\u00eb bulevardin \u201cZogu 1\u201d. K\u00eblli\u00e7i shkruan se n\u00eb k\u00ebt\u00eb zon\u00eb k\u00ebmb\u00ebsor\u00ebt nuk kalojn\u00eb dot n\u00eb trotuare pasi jan\u00eb t\u00eb bllokuar t\u00ebr\u00ebsisht nga bar-kafet. Ky fenomen ka betonizuar t\u00ebr\u00ebsisht Tiran\u00ebn. \u201cBanor\u00ebt e Tiran\u00ebs Denoncojn\u00eb! N\u00eb &hellip;<\/p>\n","protected":false},"author":4,"featured_media":110639,"comment_status":"closed","ping_status":"closed","sticky":false,"template":"","format":"standard","meta":{"footnotes":""},"categories":[37],"tags":[],"class_list":["post-110979","post","type-post","status-publish","format-standard","has-post-thumbnail","","category-politike"],"_links":{"self":[{"href":"https:\/\/rdnews.al\/index.php\/wp-json\/wp\/v2\/posts\/110979","targetHints":{"allow":["GET"]}}],"collection":[{"href":"https:\/\/rdnews.al\/index.php\/wp-json\/wp\/v2\/posts"}],"about":[{"href":"https:\/\/rdnews.al\/index.php\/wp-json\/wp\/v2\/types\/post"}],"author":[{"embeddable":true,"href":"https:\/\/rdnews.al\/index.php\/wp-json\/wp\/v2\/users\/4"}],"replies":[{"embeddable":true,"href":"https:\/\/rdnews.al\/index.php\/wp-json\/wp\/v2\/comments?post=110979"}],"version-history":[{"count":1,"href":"https:\/\/rdnews.al\/index.php\/wp-json\/wp\/v2\/posts\/110979\/revisions"}],"predecessor-version":[{"id":110980,"href":"https:\/\/rdnews.al\/index.php\/wp-json\/wp\/v2\/posts\/110979\/revisions\/110980"}],"wp:featuredmedia":[{"embeddable":true,"href":"https:\/\/rdnews.al\/index.php\/wp-json\/wp\/v2\/media\/110639"}],"wp:attachment":[{"href":"https:\/\/rdnews.al\/index.php\/wp-json\/wp\/v2\/media?parent=110979"}],"wp:term":[{"taxonomy":"category","embeddable":true,"href":"https:\/\/rdnews.al\/index.php\/wp-json\/wp\/v2\/categories?post=110979"},{"taxonomy":"post_tag","embeddable":true,"href":"https:\/\/rdnews.al\/index.php\/wp-json\/wp\/v2\/tags?post=110979"}],"curies":[{"name":"wp","href":"https:\/\/api.w.org\/{rel}","templated":true}]}}