{"id":110981,"date":"2025-04-19T09:19:38","date_gmt":"2025-04-19T09:19:38","guid":{"rendered":"https:\/\/rdnews.al\/?p=110981"},"modified":"2025-04-19T09:19:38","modified_gmt":"2025-04-19T09:19:38","slug":"fushata-elektorale-fevziu-vetem-pd-ka-program-ps-flet-per-nje-gje-te-larget-ska-vemendje","status":"publish","type":"post","link":"https:\/\/rdnews.al\/index.php\/2025\/04\/19\/fushata-elektorale-fevziu-vetem-pd-ka-program-ps-flet-per-nje-gje-te-larget-ska-vemendje\/","title":{"rendered":"Fushata elektorale\/ Fevziu: Vet\u00ebm PD ka program! PS flet p\u00ebr nj\u00eb gj\u00eb t\u00eb larg\u00ebt, s\u2019ka v\u00ebmendje"},"content":{"rendered":"<p>Gazetari Blendi Fevziu ka komentuar veprimet e SPAK n\u00eb klim\u00ebn elektorale, duke v\u00ebn\u00eb theksin tek arrestimi i Erion Veliajt, kryebashkiakut t\u00eb Tiran\u00ebs.<\/p>\n<p>N\u00eb nj\u00eb intervist\u00eb t\u00eb dh\u00ebn\u00eb p\u00ebr gazetarin Drini Zeqo, Blendi Fevziu e ka cil\u00ebsuar k\u00ebt\u00eb ngjarje si nj\u00eb moment vendimtar, i cili ka krijuar nj\u00eb tronditje t\u00eb dukshme n\u00eb kampin e majt\u00eb dhe ka forcuar opozit\u00ebn. M\u00eb tej Fevziu thot\u00eb se vet\u00ebm Partia Demokratike ka nj\u00eb program p\u00ebr shqiptar\u00ebt, nd\u00ebrsa PS-ja nuk ka program dhe nuk e ka v\u00ebmendjen fare p\u00ebr t\u00eb paraqitur nj\u00eb pragram p\u00ebr shqiptar\u00ebt.<\/p>\n<p>\u201cArrestimi i Veliajt dha nj\u00eb shok n\u00eb an\u00ebn e majt\u00eb, e rriti PD-n\u00eb n\u00eb nivelet m\u00eb t\u00eb larta t\u00eb fushat\u00ebs\u201d-u shpreh Fevziu.<\/p>\n<p>jemi pak dit\u00eb para zgjedhjeve, gazetari Blendi Fevziu nuk pret ndonj\u00eb surpriz\u00eb t\u00eb ngjashme nga drejt\u00ebsia.<\/p>\n<p>\u201c\u00cbsht\u00eb vet\u00ebm kaq, vendime t\u00eb tjera mund t\u00eb merren pas zgjedhjeve. Nuk do ket\u00eb ndryshim t\u00eb madh n\u00eb k\u00ebto dy jav\u00eb e ca fushat\u00eb\u201d-tha Fevziu.<\/p>\n<p>Blendi Fevziu theksoi se fushata e k\u00ebtij viti ka qen\u00eb ndjesh\u00ebm m\u00eb e zbeht\u00eb dhe m\u00eb pak intensive se m\u00eb par\u00eb.<\/p>\n<p>\u201cS\u2019ka asgj\u00eb! Asgj\u00eb! Ka nj\u00eb program t\u00eb PD-s\u00eb q\u00eb ka ngritur disa gj\u00ebra, por s\u2019ka asnj\u00eb p\u00ebrgjigje nga pala tjet\u00ebr. Pala tjet\u00ebr flet p\u00ebr nj\u00eb gj\u00eb q\u00eb do ndodh\u00eb n\u00eb 2030-\u00ebn. S\u2019ka nj\u00eb v\u00ebmendje t\u00eb madhe\u201d,\u00a0deklaroi ai.<\/p>\n<p>Gazetari e cil\u00ebsoi k\u00ebt\u00eb fushat\u00eb elektorale si nj\u00eb fushat\u00eb \u201cbosh\u201d, pa shum\u00eb ide dhe propozime konkrete nga partit\u00eb politike.<\/p>\n<p>\u201cDy fushatat m\u00eb t\u00eb mira q\u00eb Shqip\u00ebria ka pasur, m\u00eb e mira e gjith\u00eb historis\u00eb s\u00eb Shqip\u00ebris\u00eb \u00ebsht\u00eb\u00a0fushata\u00a0e vitit 2005. Ballafaqimi i drejtp\u00ebrdrejt\u00eb i kandidat\u00ebve mazhoritar\u00eb me programet e partive, debatet m\u00eb t\u00eb mira t\u00eb mundshme n\u00eb studio televizive. E dyta \u00ebsht\u00eb\u00a0fushata e 2009-\u00ebs,\u00a0ka qen\u00eb e jasht\u00ebzakonshme! Si n\u00eb mund\u00ebsi, entuziaz\u00ebm e angazhim. Fushatat m\u00eb t\u00eb mira jan\u00eb ato kur pal\u00ebt jan\u00eb af\u00ebr nj\u00ebra-tjetr\u00ebs. Kur fituesi nuk \u00ebsht\u00eb i ditur pak a shum\u00eb, perceptimi publik \u00ebsht\u00eb i ndar\u00eb. Jan\u00eb fushatat m\u00eb t\u00eb v\u00ebrteta\u201d, tha Fevziu.<\/p>\n","protected":false},"excerpt":{"rendered":"<p>Gazetari Blendi Fevziu ka komentuar veprimet e SPAK n\u00eb klim\u00ebn elektorale, duke v\u00ebn\u00eb theksin tek arrestimi i Erion Veliajt, kryebashkiakut t\u00eb Tiran\u00ebs. N\u00eb nj\u00eb intervist\u00eb t\u00eb dh\u00ebn\u00eb p\u00ebr gazetarin Drini Zeqo, Blendi Fevziu e ka cil\u00ebsuar k\u00ebt\u00eb ngjarje si nj\u00eb moment vendimtar, i cili ka krijuar nj\u00eb tronditje t\u00eb dukshme n\u00eb kampin e majt\u00eb dhe &hellip;<\/p>\n","protected":false},"author":4,"featured_media":110127,"comment_status":"closed","ping_status":"closed","sticky":false,"template":"","format":"standard","meta":{"footnotes":""},"categories":[37],"tags":[],"class_list":["post-110981","post","type-post","status-publish","format-standard","has-post-thumbnail","","category-politike"],"_links":{"self":[{"href":"https:\/\/rdnews.al\/index.php\/wp-json\/wp\/v2\/posts\/110981","targetHints":{"allow":["GET"]}}],"collection":[{"href":"https:\/\/rdnews.al\/index.php\/wp-json\/wp\/v2\/posts"}],"about":[{"href":"https:\/\/rdnews.al\/index.php\/wp-json\/wp\/v2\/types\/post"}],"author":[{"embeddable":true,"href":"https:\/\/rdnews.al\/index.php\/wp-json\/wp\/v2\/users\/4"}],"replies":[{"embeddable":true,"href":"https:\/\/rdnews.al\/index.php\/wp-json\/wp\/v2\/comments?post=110981"}],"version-history":[{"count":1,"href":"https:\/\/rdnews.al\/index.php\/wp-json\/wp\/v2\/posts\/110981\/revisions"}],"predecessor-version":[{"id":110982,"href":"https:\/\/rdnews.al\/index.php\/wp-json\/wp\/v2\/posts\/110981\/revisions\/110982"}],"wp:featuredmedia":[{"embeddable":true,"href":"https:\/\/rdnews.al\/index.php\/wp-json\/wp\/v2\/media\/110127"}],"wp:attachment":[{"href":"https:\/\/rdnews.al\/index.php\/wp-json\/wp\/v2\/media?parent=110981"}],"wp:term":[{"taxonomy":"category","embeddable":true,"href":"https:\/\/rdnews.al\/index.php\/wp-json\/wp\/v2\/categories?post=110981"},{"taxonomy":"post_tag","embeddable":true,"href":"https:\/\/rdnews.al\/index.php\/wp-json\/wp\/v2\/tags?post=110981"}],"curies":[{"name":"wp","href":"https:\/\/api.w.org\/{rel}","templated":true}]}}