{"id":110983,"date":"2025-04-19T09:58:09","date_gmt":"2025-04-19T09:58:09","guid":{"rendered":"https:\/\/rdnews.al\/?p=110983"},"modified":"2025-04-19T09:59:52","modified_gmt":"2025-04-19T09:59:52","slug":"video-qindra-qytetare-dalin-tek-rruga-e-arbrit-dhe-presin-kryetarin-e-pd-sali-berisha","status":"publish","type":"post","link":"https:\/\/rdnews.al\/index.php\/2025\/04\/19\/video-qindra-qytetare-dalin-tek-rruga-e-arbrit-dhe-presin-kryetarin-e-pd-sali-berisha\/","title":{"rendered":"Video\/ Qindra qytetar\u00eb dalin te Rruga e Arbrit dhe presin kryetarin e PD, Berisha"},"content":{"rendered":"<p>P\u00ebrgjat\u00eb gjith\u00eb rrug\u00ebs s\u00eb Arbrit qindra qytetar\u00eb kan\u00eb dal\u00eb me automjetet e tyre p\u00ebr t\u00eb pritur kryetarin e Partis\u00eb Demokratike, Sali Berisha p\u00ebr takimin elektoral q\u00eb do t\u00eb mbahet n\u00eb Dib\u00ebr.<\/p>\n<p>N\u00eb nj\u00eb moment p\u00ebrgjat\u00eb rrug\u00ebs lideri historik i t\u00eb djatht\u00ebs ka surprizuar mb\u00ebshtet\u00ebsit, teksa kryedmeokrati Berisha ka zbritur nga automjeti i tij p\u00ebr t\u2019u p\u00ebrsh\u00ebndetur me ta.<\/p>\n<p>Radha e gjat\u00eb e automjeteve, disa prej tyre t\u00eb mbuluar nga flamuri i PD dhe flamuri kuq e zi, \u00ebsht\u00eb shoq\u00ebruar edhe nga t\u00eb rinjt\u00eb q\u00eb presin ardhjen e liderit demokrat, teksa p\u00ebrsh\u00ebndesin edhe kalimtar\u00ebt me p\u00ebrsh\u00ebndetjen demokrate.<\/p>\n<p><iframe loading=\"lazy\" style=\"border: none; overflow: hidden;\" src=\"https:\/\/www.facebook.com\/plugins\/video.php?height=476&amp;href=https%3A%2F%2Fwww.facebook.com%2F100076071445668%2Fvideos%2F979036267762574%2F&amp;show_text=false&amp;width=446&amp;t=0\" width=\"446\" height=\"476\" frameborder=\"0\" scrolling=\"no\" allowfullscreen=\"allowfullscreen\"><\/iframe><\/p>\n","protected":false},"excerpt":{"rendered":"<p>P\u00ebrgjat\u00eb gjith\u00eb rrug\u00ebs s\u00eb Arbrit qindra qytetar\u00eb kan\u00eb dal\u00eb me automjetet e tyre p\u00ebr t\u00eb pritur kryetarin e Partis\u00eb Demokratike, Sali Berisha p\u00ebr takimin elektoral q\u00eb do t\u00eb mbahet n\u00eb Dib\u00ebr. N\u00eb nj\u00eb moment p\u00ebrgjat\u00eb rrug\u00ebs lideri historik i t\u00eb djatht\u00ebs ka surprizuar mb\u00ebshtet\u00ebsit, teksa kryedmeokrati Berisha ka zbritur nga automjeti i tij p\u00ebr t\u2019u &hellip;<\/p>\n","protected":false},"author":4,"featured_media":110984,"comment_status":"closed","ping_status":"closed","sticky":false,"template":"","format":"standard","meta":{"footnotes":""},"categories":[37],"tags":[],"class_list":["post-110983","post","type-post","status-publish","format-standard","has-post-thumbnail","","category-politike"],"_links":{"self":[{"href":"https:\/\/rdnews.al\/index.php\/wp-json\/wp\/v2\/posts\/110983","targetHints":{"allow":["GET"]}}],"collection":[{"href":"https:\/\/rdnews.al\/index.php\/wp-json\/wp\/v2\/posts"}],"about":[{"href":"https:\/\/rdnews.al\/index.php\/wp-json\/wp\/v2\/types\/post"}],"author":[{"embeddable":true,"href":"https:\/\/rdnews.al\/index.php\/wp-json\/wp\/v2\/users\/4"}],"replies":[{"embeddable":true,"href":"https:\/\/rdnews.al\/index.php\/wp-json\/wp\/v2\/comments?post=110983"}],"version-history":[{"count":5,"href":"https:\/\/rdnews.al\/index.php\/wp-json\/wp\/v2\/posts\/110983\/revisions"}],"predecessor-version":[{"id":110989,"href":"https:\/\/rdnews.al\/index.php\/wp-json\/wp\/v2\/posts\/110983\/revisions\/110989"}],"wp:featuredmedia":[{"embeddable":true,"href":"https:\/\/rdnews.al\/index.php\/wp-json\/wp\/v2\/media\/110984"}],"wp:attachment":[{"href":"https:\/\/rdnews.al\/index.php\/wp-json\/wp\/v2\/media?parent=110983"}],"wp:term":[{"taxonomy":"category","embeddable":true,"href":"https:\/\/rdnews.al\/index.php\/wp-json\/wp\/v2\/categories?post=110983"},{"taxonomy":"post_tag","embeddable":true,"href":"https:\/\/rdnews.al\/index.php\/wp-json\/wp\/v2\/tags?post=110983"}],"curies":[{"name":"wp","href":"https:\/\/api.w.org\/{rel}","templated":true}]}}