{"id":110992,"date":"2025-04-19T10:16:06","date_gmt":"2025-04-19T10:16:06","guid":{"rendered":"https:\/\/rdnews.al\/?p=110992"},"modified":"2025-04-19T10:32:17","modified_gmt":"2025-04-19T10:32:17","slug":"dibranet-i-tregojne-vendin-cyrykut-i-madh-dhe-i-vogel-ne-kembe-me-berishen","status":"publish","type":"post","link":"https:\/\/rdnews.al\/index.php\/2025\/04\/19\/dibranet-i-tregojne-vendin-cyrykut-i-madh-dhe-i-vogel-ne-kembe-me-berishen\/","title":{"rendered":"Dibran\u00ebt i tregojn\u00eb vendin \u201c\u00e7yrykut\u201d, i madh dhe i vog\u00ebl n\u00eb k\u00ebmb\u00eb me Berish\u00ebn!"},"content":{"rendered":"<p>Kryetari i PD, Sali Berisha ka elektrizuar sall\u00ebn e mbushur plot e p\u00ebrplot n\u00eb nj\u00eb takim madh\u00ebshtor n\u00eb Dib\u00ebr ku do t\u00eb prezantohen kandidat\u00ebt e \u2018PD-ASHM\u2019 p\u00ebr zgjedhjet parlamentare t\u00eb 11 majit.<\/p>\n<p>Salla ka brohoritur \u201cBerisha\u201d, \u201cBerisha\u201d, \u201cBerisha\u201d sapo lideri i opozit\u00ebs \u00ebsht\u00eb futur brenda.<\/p>\n<p><iframe loading=\"lazy\" style=\"border: none; overflow: hidden;\" src=\"https:\/\/www.facebook.com\/plugins\/video.php?height=314&amp;href=https%3A%2F%2Fwww.facebook.com%2FSaliBerisha%2Fvideos%2F1186019052629759%2F&amp;show_text=false&amp;width=560&amp;t=0\" width=\"560\" height=\"314\" frameborder=\"0\" scrolling=\"no\" allowfullscreen=\"allowfullscreen\"><\/iframe><\/p>\n","protected":false},"excerpt":{"rendered":"<p>Kryetari i PD, Sali Berisha ka elektrizuar sall\u00ebn e mbushur plot e p\u00ebrplot n\u00eb nj\u00eb takim madh\u00ebshtor n\u00eb Dib\u00ebr ku do t\u00eb prezantohen kandidat\u00ebt e \u2018PD-ASHM\u2019 p\u00ebr zgjedhjet parlamentare t\u00eb 11 majit. Salla ka brohoritur \u201cBerisha\u201d, \u201cBerisha\u201d, \u201cBerisha\u201d sapo lideri i opozit\u00ebs \u00ebsht\u00eb futur brenda.<\/p>\n","protected":false},"author":4,"featured_media":110993,"comment_status":"closed","ping_status":"closed","sticky":false,"template":"","format":"standard","meta":{"footnotes":""},"categories":[37],"tags":[],"class_list":["post-110992","post","type-post","status-publish","format-standard","has-post-thumbnail","","category-politike"],"_links":{"self":[{"href":"https:\/\/rdnews.al\/index.php\/wp-json\/wp\/v2\/posts\/110992","targetHints":{"allow":["GET"]}}],"collection":[{"href":"https:\/\/rdnews.al\/index.php\/wp-json\/wp\/v2\/posts"}],"about":[{"href":"https:\/\/rdnews.al\/index.php\/wp-json\/wp\/v2\/types\/post"}],"author":[{"embeddable":true,"href":"https:\/\/rdnews.al\/index.php\/wp-json\/wp\/v2\/users\/4"}],"replies":[{"embeddable":true,"href":"https:\/\/rdnews.al\/index.php\/wp-json\/wp\/v2\/comments?post=110992"}],"version-history":[{"count":2,"href":"https:\/\/rdnews.al\/index.php\/wp-json\/wp\/v2\/posts\/110992\/revisions"}],"predecessor-version":[{"id":110995,"href":"https:\/\/rdnews.al\/index.php\/wp-json\/wp\/v2\/posts\/110992\/revisions\/110995"}],"wp:featuredmedia":[{"embeddable":true,"href":"https:\/\/rdnews.al\/index.php\/wp-json\/wp\/v2\/media\/110993"}],"wp:attachment":[{"href":"https:\/\/rdnews.al\/index.php\/wp-json\/wp\/v2\/media?parent=110992"}],"wp:term":[{"taxonomy":"category","embeddable":true,"href":"https:\/\/rdnews.al\/index.php\/wp-json\/wp\/v2\/categories?post=110992"},{"taxonomy":"post_tag","embeddable":true,"href":"https:\/\/rdnews.al\/index.php\/wp-json\/wp\/v2\/tags?post=110992"}],"curies":[{"name":"wp","href":"https:\/\/api.w.org\/{rel}","templated":true}]}}