{"id":111001,"date":"2025-04-19T10:45:08","date_gmt":"2025-04-19T10:45:08","guid":{"rendered":"https:\/\/rdnews.al\/?p=111001"},"modified":"2025-04-19T10:45:08","modified_gmt":"2025-04-19T10:45:08","slug":"ndregjoni-me-11-maj-te-gjithe-bashke-per-ndryshimin-ti-japim-fund-regjimit-ti-kthejme-shqiperise-shpresen","status":"publish","type":"post","link":"https:\/\/rdnews.al\/index.php\/2025\/04\/19\/ndregjoni-me-11-maj-te-gjithe-bashke-per-ndryshimin-ti-japim-fund-regjimit-ti-kthejme-shqiperise-shpresen\/","title":{"rendered":"Ndregjoni: M\u00eb 11 maj t\u00eb gjith\u00eb bashk\u00eb p\u00ebr ndryshimin! T\u2019i japim fund regjimit, t\u2019i kthejm\u00eb Shqip\u00ebris\u00eb shpres\u00ebn!"},"content":{"rendered":"<p>Kryetari i PD, Sali Berisha po zhvillon nj\u00eb takim me qytetar\u00ebt e Dibr\u00ebs pwr tw prezantuar kandidat\u00ebt p\u00ebr zgjedhjet e 11 majit.<\/p>\n<p>Kryetari i Unionit t\u00eb t\u00eb P\u00ebrndjekurve Politik\u00eb, Besim Ndregjoni, mbajti fjal\u00ebn e tij p\u00ebrsh\u00ebndet\u00ebse, ku u b\u00ebri thirrje t\u00eb gjith\u00eb shqiptar\u00ebve, kudo q\u00eb ndodhen, q\u00eb m\u00eb 11 maj t\u00eb votojn\u00eb numrin 1 p\u00ebr t\u00eb shp\u00ebtuar Shqip\u00ebrin\u00eb.<\/p>\n<p>Ndregjoni tha se, do t\u00eb votojm\u00eb kund\u00ebr urrejtjes q\u00eb ka instaluar Rama n\u00eb politik\u00ebn shqiptare<\/p>\n<p>\u201cViti 2005 dhe viti 2025 kan\u00eb nj\u00eb t\u00eb p\u00ebrbashk\u00ebt t\u00eb madhe: Sali Berisha \u00ebsht\u00eb kryeminist\u00ebr i Shqip\u00ebris\u00eb. Historia po p\u00ebrs\u00ebritet dhe ne jemi gati t\u00eb shkruajm\u00eb kapitullin e ri!<\/p>\n<p>Si dibran, si bir i veriut, i Mal\u00ebsis\u00eb dhe i gjith\u00eb Shqip\u00ebris\u00eb s\u00eb ndershme, i b\u00ebj thirrje \u00e7do shqiptari q\u00eb e do k\u00ebt\u00eb vend: m\u00eb 11 maj, t\u00eb gjith\u00eb bashk\u00eb votojm\u00eb numrin 1! Votojm\u00eb kund\u00ebr urrejtjes dhe p\u00ebr\u00e7arjes q\u00eb ka mbjell\u00eb Edi Rama n\u00eb politik\u00ebn shqiptare. Votojm\u00eb p\u00ebr vlerat konservatore, p\u00ebr bashkimin me aleat\u00ebt tan\u00eb strategjik\u00eb me Shtetet e Bashkuara t\u00eb Amerik\u00ebs dhe Presidentin Trump.<\/p>\n<p>Veriu, jugu, lindja e per\u00ebndimi t\u00eb gjith\u00eb s\u00eb bashku p\u00ebr nj\u00eb Shqip\u00ebri q\u00eb i kthehet shpres\u00ebs dhe dinjitetit. Rrofshin shqiptar\u00ebt kudo q\u00eb jan\u00eb! M\u00eb 11 maj, le t\u00eb nisim vallen nga Dibra dhe ta p\u00ebrfundojm\u00eb me fitore n\u00eb zem\u00ebr t\u00eb Tiran\u00ebs!\u201d, tha Ndregjoni.<\/p>\n","protected":false},"excerpt":{"rendered":"<p>Kryetari i PD, Sali Berisha po zhvillon nj\u00eb takim me qytetar\u00ebt e Dibr\u00ebs pwr tw prezantuar kandidat\u00ebt p\u00ebr zgjedhjet e 11 majit. Kryetari i Unionit t\u00eb t\u00eb P\u00ebrndjekurve Politik\u00eb, Besim Ndregjoni, mbajti fjal\u00ebn e tij p\u00ebrsh\u00ebndet\u00ebse, ku u b\u00ebri thirrje t\u00eb gjith\u00eb shqiptar\u00ebve, kudo q\u00eb ndodhen, q\u00eb m\u00eb 11 maj t\u00eb votojn\u00eb numrin 1 p\u00ebr &hellip;<\/p>\n","protected":false},"author":4,"featured_media":111002,"comment_status":"closed","ping_status":"closed","sticky":false,"template":"","format":"standard","meta":{"footnotes":""},"categories":[37],"tags":[],"class_list":["post-111001","post","type-post","status-publish","format-standard","has-post-thumbnail","","category-politike"],"_links":{"self":[{"href":"https:\/\/rdnews.al\/index.php\/wp-json\/wp\/v2\/posts\/111001","targetHints":{"allow":["GET"]}}],"collection":[{"href":"https:\/\/rdnews.al\/index.php\/wp-json\/wp\/v2\/posts"}],"about":[{"href":"https:\/\/rdnews.al\/index.php\/wp-json\/wp\/v2\/types\/post"}],"author":[{"embeddable":true,"href":"https:\/\/rdnews.al\/index.php\/wp-json\/wp\/v2\/users\/4"}],"replies":[{"embeddable":true,"href":"https:\/\/rdnews.al\/index.php\/wp-json\/wp\/v2\/comments?post=111001"}],"version-history":[{"count":1,"href":"https:\/\/rdnews.al\/index.php\/wp-json\/wp\/v2\/posts\/111001\/revisions"}],"predecessor-version":[{"id":111003,"href":"https:\/\/rdnews.al\/index.php\/wp-json\/wp\/v2\/posts\/111001\/revisions\/111003"}],"wp:featuredmedia":[{"embeddable":true,"href":"https:\/\/rdnews.al\/index.php\/wp-json\/wp\/v2\/media\/111002"}],"wp:attachment":[{"href":"https:\/\/rdnews.al\/index.php\/wp-json\/wp\/v2\/media?parent=111001"}],"wp:term":[{"taxonomy":"category","embeddable":true,"href":"https:\/\/rdnews.al\/index.php\/wp-json\/wp\/v2\/categories?post=111001"},{"taxonomy":"post_tag","embeddable":true,"href":"https:\/\/rdnews.al\/index.php\/wp-json\/wp\/v2\/tags?post=111001"}],"curies":[{"name":"wp","href":"https:\/\/api.w.org\/{rel}","templated":true}]}}