{"id":111004,"date":"2025-04-19T10:51:22","date_gmt":"2025-04-19T10:51:22","guid":{"rendered":"https:\/\/rdnews.al\/?p=111004"},"modified":"2025-04-19T11:03:40","modified_gmt":"2025-04-19T11:03:40","slug":"berisha-uron-pashken-nga-dibra-ngjallja-eshte-shpresa-eshte-perjetesia-e-jetes-e-vlerave-e-njeriut","status":"publish","type":"post","link":"https:\/\/rdnews.al\/index.php\/2025\/04\/19\/berisha-uron-pashken-nga-dibra-ngjallja-eshte-shpresa-eshte-perjetesia-e-jetes-e-vlerave-e-njeriut\/","title":{"rendered":"Berisha uron Pashk\u00ebn nga Dibra: Ngjallja \u00ebsht\u00eb shpresa, \u00ebsht\u00eb p\u00ebrjet\u00ebsia e jet\u00ebs, e vlerave, e njeriut!"},"content":{"rendered":"<p>Nga Dibra, ku prezanton kandidat\u00ebt e PD-ASHM, lideri demokrat Sali Berisha ka uruar fest\u00ebn e Pashk\u00ebs, nj\u00eb fest\u00eb q\u00eb sipas tij, simbolizon shpres\u00ebs, p\u00ebrjet\u00ebsin\u00eb e jet\u00ebs dhe vlerat njer\u00ebzore.<\/p>\n<p>Gjat\u00eb fjal\u00ebs s\u00eb tj p\u00ebrpara qindra dibran\u00ebve n\u00eb takimin entuziaz\u00ebm, Berisha tha se prezenca e tyre \u00ebsht\u00eb nj\u00eb mesazh triumfi dhe fitoreje q\u00eb u p\u00ebrcillet shqiptareve n\u00eb Shqip\u00ebri dhe kudo n\u00eb bot\u00eb.<\/p>\n<p>\u201cT\u00eb dashur dhe t\u00eb nderuar dibrane dhe dibran\u00eb, t\u00eb pranish\u00ebm n\u00eb k\u00ebt\u00eb sall\u00eb, qindra t\u00eb tjer\u00eb jasht\u00eb k\u00ebsaj salle dhe t\u00eb gjith\u00eb banor\u00ebve fisnik\u00eb t\u00eb k\u00ebtij qarku, Peshkopis\u00eb, Bulqiz\u00ebs, Matit, p\u00ebrsh\u00ebndetjet e mia m\u00eb v\u00ebllaz\u00ebrore, mir\u00ebnjohjen time m\u00eb t\u00eb pakufishme p\u00ebr k\u00ebt\u00eb pritje t\u00eb jasht\u00ebzakonshme.<\/p>\n<p>P\u00ebr k\u00ebt\u00eb mesazh triumfi dhe fitoreje q\u00eb ju u p\u00ebrcillni shqiptareve dhe shqiptar\u00ebve n\u00eb Shqip\u00ebri dhe kudo n\u00eb bot\u00eb.<\/p>\n<p>I dashur zoti Xhelal Mziu, udh\u00ebheq\u00ebs politik i qarkut t\u00eb Dibr\u00ebs, t\u00eb dashur kryetar\u00eb t\u00eb deg\u00ebve t\u00eb PD n\u00eb Peshkopi, Dib\u00ebr dhe Mat, t\u00eb dashur kandidat\u00eb p\u00ebr deputet\u00eb t\u00eb PD dhe Aleanc\u00ebs p\u00ebr Shqip\u00ebrin\u00eb Madh\u00ebshtore p\u00ebr qarkun e Dibr\u00ebs, bij dhe bija t\u00eb shquar t\u00eb k\u00ebtij qarku, p\u00ebrfaq\u00ebsues tuaj dinjitoz\u00eb, krenari e v\u00ebrtet\u00eb komb\u00ebtare p\u00ebr Dibr\u00ebn, Bulqiz\u00ebn, Matin dhe mbar\u00eb Shqip\u00ebrin\u00eb.<\/p>\n<p>Sot ky entuziaz\u00ebm, ky optimiz\u00ebm i juaji, dhe i gjith\u00eb qarkut, \u00ebsht\u00eb d\u00ebshmia m\u00eb madhore e pranver\u00ebs dibrane t\u00eb demokracis\u00eb.\u00a0E fitores s\u00eb 11 majit.<\/p>\n<p>Sot ne mblidhemi nd\u00ebrkoh\u00eb q\u00eb v\u00ebllez\u00ebrit dhe motrat tona t\u00eb krishter\u00eb, katolik\u00eb dhe ortodoks\u00eb, kudo q\u00eb ndodhen, festojn\u00eb nes\u00ebr ngjalljen e Krishtit, festojn\u00eb Pashk\u00ebn.<\/p>\n<p>Le t\u2019u urojm\u00eb nga zemra g\u00ebzuar fest\u00ebn.<\/p>\n<p>Ngjallja \u00ebsht\u00eb shpresa, \u00ebsht\u00eb p\u00ebrjet\u00ebsia e jet\u00ebs, e vlerave, e njeriut\u201d, tha Berisha.<\/p>\n","protected":false},"excerpt":{"rendered":"<p>Nga Dibra, ku prezanton kandidat\u00ebt e PD-ASHM, lideri demokrat Sali Berisha ka uruar fest\u00ebn e Pashk\u00ebs, nj\u00eb fest\u00eb q\u00eb sipas tij, simbolizon shpres\u00ebs, p\u00ebrjet\u00ebsin\u00eb e jet\u00ebs dhe vlerat njer\u00ebzore. Gjat\u00eb fjal\u00ebs s\u00eb tj p\u00ebrpara qindra dibran\u00ebve n\u00eb takimin entuziaz\u00ebm, Berisha tha se prezenca e tyre \u00ebsht\u00eb nj\u00eb mesazh triumfi dhe fitoreje q\u00eb u p\u00ebrcillet shqiptareve &hellip;<\/p>\n","protected":false},"author":4,"featured_media":111007,"comment_status":"closed","ping_status":"closed","sticky":false,"template":"","format":"standard","meta":{"footnotes":""},"categories":[37],"tags":[],"class_list":["post-111004","post","type-post","status-publish","format-standard","has-post-thumbnail","","category-politike"],"_links":{"self":[{"href":"https:\/\/rdnews.al\/index.php\/wp-json\/wp\/v2\/posts\/111004","targetHints":{"allow":["GET"]}}],"collection":[{"href":"https:\/\/rdnews.al\/index.php\/wp-json\/wp\/v2\/posts"}],"about":[{"href":"https:\/\/rdnews.al\/index.php\/wp-json\/wp\/v2\/types\/post"}],"author":[{"embeddable":true,"href":"https:\/\/rdnews.al\/index.php\/wp-json\/wp\/v2\/users\/4"}],"replies":[{"embeddable":true,"href":"https:\/\/rdnews.al\/index.php\/wp-json\/wp\/v2\/comments?post=111004"}],"version-history":[{"count":1,"href":"https:\/\/rdnews.al\/index.php\/wp-json\/wp\/v2\/posts\/111004\/revisions"}],"predecessor-version":[{"id":111006,"href":"https:\/\/rdnews.al\/index.php\/wp-json\/wp\/v2\/posts\/111004\/revisions\/111006"}],"wp:featuredmedia":[{"embeddable":true,"href":"https:\/\/rdnews.al\/index.php\/wp-json\/wp\/v2\/media\/111007"}],"wp:attachment":[{"href":"https:\/\/rdnews.al\/index.php\/wp-json\/wp\/v2\/media?parent=111004"}],"wp:term":[{"taxonomy":"category","embeddable":true,"href":"https:\/\/rdnews.al\/index.php\/wp-json\/wp\/v2\/categories?post=111004"},{"taxonomy":"post_tag","embeddable":true,"href":"https:\/\/rdnews.al\/index.php\/wp-json\/wp\/v2\/tags?post=111004"}],"curies":[{"name":"wp","href":"https:\/\/api.w.org\/{rel}","templated":true}]}}