{"id":111011,"date":"2025-04-19T11:13:22","date_gmt":"2025-04-19T11:13:22","guid":{"rendered":"https:\/\/rdnews.al\/?p=111011"},"modified":"2025-04-19T11:13:22","modified_gmt":"2025-04-19T11:13:22","slug":"berisha-do-dyfishojme-buxhetin-per-shendetesine-dhe-arsimin-rroga-e-mesuesit-do-te-jete-1500-euro","status":"publish","type":"post","link":"https:\/\/rdnews.al\/index.php\/2025\/04\/19\/berisha-do-dyfishojme-buxhetin-per-shendetesine-dhe-arsimin-rroga-e-mesuesit-do-te-jete-1500-euro\/","title":{"rendered":"Berisha: Do dyfishojm\u00eb buxhetin p\u00ebr sh\u00ebndet\u00ebsin\u00eb dhe arsimin! Rroga e m\u00ebsuesit do t\u00eb jet\u00eb 1500 euro!"},"content":{"rendered":"<p>Kryetari i PD, Sali Berisha ka premtuar dyfishim t\u00eb buxhetit p\u00ebr sh\u00ebndet\u00ebsin\u00eb dhe arsimin. Gjat\u00eb prezantimit t\u00eb kandidat\u00ebve p\u00ebr deputet\u00eb t\u00eb PD-ASHM n\u00eb Qarkun e Dibr\u00ebs, lideri demokrat tha se paga e m\u00ebsuesit do jet\u00eb 1500 euro, nd\u00ebrsa p\u00ebr student\u00eb premtoi heqje t\u00eb\u00a0tarifave\u00a0p\u00ebr studimet dhe mesataren.<\/p>\n<p><em>Berisha tha se, Partia Demokratike do vendos\u00eb minimumin jetik 200 euro p\u00ebr \u00e7do shqiptar, p\u00ebr \u00e7do pensionist q\u00eb ka pensionin n\u00ebn 200 euro, p\u00ebr \u00e7do t\u00eb papun\u00eb, p\u00ebr \u00e7do njeri n\u00eb ndihm\u00eb ekonomike, p\u00ebr \u00e7do student, p\u00ebr \u00e7do jetim. PD do vendos\u00eb rrog\u00ebn minimale 500 euro<\/em>.<\/p>\n<p>Berisha: \u00c7far\u00eb ndodhi?<\/p>\n<p>Miq, do m\u00eb falni. P\u00ebr ata q\u00eb kan\u00eb p\u00ebrjetuar diktatur\u00ebn, u rikujtoj k\u00ebtu se t\u00eb gjith\u00eb gazetar\u00ebt q\u00eb vinin n\u00eb Shqip\u00ebri, e kishin nj\u00eb titull n\u00eb \u00e7do artikull: Shqip\u00ebria, vendi i koh\u00ebs s\u00eb ndaluar.<\/p>\n<p>\u00c7far\u00eb ndodhi 12 vite me regjimin e Edi Ram\u00ebs? Rrogat i ngriu, pensionet pothuajse i ngriu.<\/p>\n<p>Kurse \u00e7mimet u rrit\u00ebn nga viti n\u00eb vit.<\/p>\n<p>Parat\u00eb nuk iu kthyen shqiptar\u00ebve.<\/p>\n<p>Dhe ne, dibran\u00ebt, shqiptar\u00ebt, q\u00eb ishim me rroga, pensione m\u00eb t\u00eb larta se popujt p\u00ebrreth, arrit\u00ebm me \u00e7mimet m\u00eb t\u00eb larta dhe rrogat m\u00eb t\u00eb ul\u00ebta.<\/p>\n<p>Bashk\u00ebmoshatari i pensionistit shqiptar, q\u00eb merrte n\u00eb vitin 2013, 143 mij\u00eb lek\u00eb dhe n\u00eb Mal t\u00eb Zi merrte 138 mij\u00eb, sot merr n\u00eb Mal t\u00eb Zi 450 mij\u00eb. Sot merr n\u00eb Serbi 405 mij\u00eb. Sot merr n\u00eb Maqedoni 319 mij\u00eb.<\/p>\n<p>Pse kjo? Sepse u kthejn\u00eb parat\u00eb qytetar\u00ebve.<\/p>\n<p>Po k\u00ebta \u00e7far\u00eb b\u00ebn\u00eb? K\u00ebta kur ndan\u00eb buxhetin, u lan\u00eb th\u00ebrrime.<\/p>\n<p>Grabit\u00ebn 90 p\u00ebrqind t\u00eb investimeve.<\/p>\n<p>12 miliard\u00eb kan\u00eb investuar n\u00eb rrug\u00eb, t\u00eb cilat nuk shkojn\u00eb m\u00eb shum\u00eb se 2.3 miliard\u00eb. Pra kan\u00eb vjedhur 80-90 p\u00ebrqind t\u00eb t\u00eb gjitha taksave tuaja.<\/p>\n<p>Kjo merr fund.<\/p>\n<p>Miqt\u00eb e mi, PD do vendos\u00eb minimumin jetik 200 euro p\u00ebr \u00e7do shqiptar, p\u00ebr \u00e7do pensionist q\u00eb ka pensionin n\u00ebn 200 euro, p\u00ebr \u00e7do t\u00eb papun\u00eb, p\u00ebr \u00e7do njeri n\u00eb ndihm\u00eb ekonomike, p\u00ebr \u00e7do student, p\u00ebr \u00e7do jetim.<\/p>\n<p>PD do vendos\u00eb rrog\u00ebn minimale 500 euro.<\/p>\n<p>PD dhe koalicioni i ardhsh\u00ebm n\u00eb qeveri zotohet para jush p\u00ebr kart\u00ebn e konsumatorit, me t\u00eb cil\u00ebn rrog\u00ebul\u00ebtit dhe pensionist\u00ebt do marrin ushqimet 20 p\u00ebrqind m\u00eb lir\u00eb se t\u00eb tjer\u00ebt.<\/p>\n<p>Nafta, t\u00eb cil\u00ebn Kosova e merr nga Durr\u00ebsi dhe e shet 40 p\u00ebrqind m\u00eb lir\u00eb, do zbres\u00eb n\u00eb \u00e7mimin q\u00eb e shet Kosova dhe Maqedonia.<\/p>\n<p>Fermer\u00ebt e Dibr\u00ebs, k\u00ebta njer\u00ebz t\u00eb mrekulluesh\u00ebm, do ken\u00eb mb\u00ebshtetje t\u00eb fuqishme, 5 her\u00eb m\u00eb t\u00eb madhe se sot.<\/p>\n<p>Do ken\u00eb at\u00eb mb\u00ebshtetje p\u00ebr \u00e7do fidan t\u00eb mbjell\u00eb, p\u00ebr \u00e7do nj\u00ebsi prodhimi, p\u00ebr \u00e7do kok\u00eb bag\u00ebti.<\/p>\n<p>Fermer\u00ebt do ken\u00eb linjat e kreditimit t\u00eb but\u00eb t\u00eb tyre. Mbrojtjen e prodhimeve t\u00eb tyre, mbrojtjen sezonale, mbrojtjen nga faktor\u00eb natyrore, mbrojtje nga inputet toksike q\u00eb sillen sot.<\/p>\n<p>Dibra dhe shqiptar\u00ebt jetojn\u00eb sot nj\u00eb katastrof\u00eb n\u00eb sh\u00ebrbimin sh\u00ebndet\u00ebsor.<\/p>\n<p>Miq, tre dit\u00eb m\u00eb par\u00eb, INSTAT informoi se shqiptar\u00ebt paguajn\u00eb n\u00eb vit 820 milion\u00eb euro p\u00ebr kujdesin sh\u00ebndet\u00ebsor. Pra, paguajn\u00eb p\u00ebr ila\u00e7e dhe kujdesin sh\u00ebndet\u00ebsor 410 euro p\u00ebr person.<\/p>\n<p>Ky \u00ebsht\u00eb \u00e7mimi m\u00eb i lart\u00eb q\u00eb paguan nj\u00eb qytetar n\u00eb Europ\u00eb dhe n\u00eb bot\u00eb.<\/p>\n<p>Nd\u00ebrkoh\u00eb nga taksat tuaja p\u00ebr sh\u00ebndet\u00ebsin\u00eb jepen 1 miliard euro.<\/p>\n<p>Pse kjo? Sepse vidhen, vidhen dhe vet\u00ebm vidhen.<\/p>\n<p>Sot gjendja e spitaleve \u00ebsht\u00eb katastrofale.<\/p>\n<p>U garantoj se ka qen\u00eb m\u00eb mir\u00eb n\u00eb vitin 1986 kur un\u00eb kam b\u00ebr\u00eb k\u00ebtu tre muaj praktik\u00eb mjek\u00ebsore. Po, ka qen\u00eb m\u00eb mir\u00eb.<\/p>\n<p>Mjek\u00ebt i kishit k\u00ebtu, humanist\u00eb t\u00eb v\u00ebrtet\u00eb ata, dit\u00eb e nat\u00eb punonin p\u00ebr qytetar\u00ebt e Dibr\u00ebs. Me aft\u00ebsi dhe zot\u00ebsi mbulonin shum\u00eb mungesa t\u00eb tjera.<\/p>\n<p>Kurse sot mjek\u00ebt ikin, infermier\u00ebt ikin, sh\u00ebndet\u00ebsia \u00ebsht\u00eb shpartalluar.<\/p>\n<p>Kjo \u00ebsht\u00eb, ndaj dhe ne do dyfishojm\u00eb buxhetin p\u00ebr sh\u00ebndet\u00ebsin\u00eb.<\/p>\n<p>Do dyfishojm\u00eb buxhetin p\u00ebr arsimin. M\u00ebsuesin, k\u00ebt\u00eb misionar t\u00eb kombit dhe t\u00eb dijes, do e vendosim p\u00ebrs\u00ebri n\u00eb piedestal.<\/p>\n<p>Rroga e m\u00ebsuesit do jet\u00eb jo m\u00eb pak se 1500 euro.<\/p>\n<p>Shkollat do modernizohen.<\/p>\n<p>Tarifat p\u00ebr studimet do hiqen.<\/p>\n<p>Mesatarja do hiqet.<\/p>\n","protected":false},"excerpt":{"rendered":"<p>Kryetari i PD, Sali Berisha ka premtuar dyfishim t\u00eb buxhetit p\u00ebr sh\u00ebndet\u00ebsin\u00eb dhe arsimin. Gjat\u00eb prezantimit t\u00eb kandidat\u00ebve p\u00ebr deputet\u00eb t\u00eb PD-ASHM n\u00eb Qarkun e Dibr\u00ebs, lideri demokrat tha se paga e m\u00ebsuesit do jet\u00eb 1500 euro, nd\u00ebrsa p\u00ebr student\u00eb premtoi heqje t\u00eb\u00a0tarifave\u00a0p\u00ebr studimet dhe mesataren. Berisha tha se, Partia Demokratike do vendos\u00eb minimumin jetik &hellip;<\/p>\n","protected":false},"author":4,"featured_media":111012,"comment_status":"closed","ping_status":"closed","sticky":false,"template":"","format":"standard","meta":{"footnotes":""},"categories":[37],"tags":[],"class_list":["post-111011","post","type-post","status-publish","format-standard","has-post-thumbnail","","category-politike"],"_links":{"self":[{"href":"https:\/\/rdnews.al\/index.php\/wp-json\/wp\/v2\/posts\/111011","targetHints":{"allow":["GET"]}}],"collection":[{"href":"https:\/\/rdnews.al\/index.php\/wp-json\/wp\/v2\/posts"}],"about":[{"href":"https:\/\/rdnews.al\/index.php\/wp-json\/wp\/v2\/types\/post"}],"author":[{"embeddable":true,"href":"https:\/\/rdnews.al\/index.php\/wp-json\/wp\/v2\/users\/4"}],"replies":[{"embeddable":true,"href":"https:\/\/rdnews.al\/index.php\/wp-json\/wp\/v2\/comments?post=111011"}],"version-history":[{"count":1,"href":"https:\/\/rdnews.al\/index.php\/wp-json\/wp\/v2\/posts\/111011\/revisions"}],"predecessor-version":[{"id":111013,"href":"https:\/\/rdnews.al\/index.php\/wp-json\/wp\/v2\/posts\/111011\/revisions\/111013"}],"wp:featuredmedia":[{"embeddable":true,"href":"https:\/\/rdnews.al\/index.php\/wp-json\/wp\/v2\/media\/111012"}],"wp:attachment":[{"href":"https:\/\/rdnews.al\/index.php\/wp-json\/wp\/v2\/media?parent=111011"}],"wp:term":[{"taxonomy":"category","embeddable":true,"href":"https:\/\/rdnews.al\/index.php\/wp-json\/wp\/v2\/categories?post=111011"},{"taxonomy":"post_tag","embeddable":true,"href":"https:\/\/rdnews.al\/index.php\/wp-json\/wp\/v2\/tags?post=111011"}],"curies":[{"name":"wp","href":"https:\/\/api.w.org\/{rel}","templated":true}]}}