{"id":111014,"date":"2025-04-19T11:26:14","date_gmt":"2025-04-19T11:26:14","guid":{"rendered":"https:\/\/rdnews.al\/?p=111014"},"modified":"2025-04-19T11:26:14","modified_gmt":"2025-04-19T11:26:14","slug":"berisha-dibra-mati-dhe-bulqiza-do-kene-infrastrukturen-me-moderne-skavica-nuk-do-ndertohet-kurre","status":"publish","type":"post","link":"https:\/\/rdnews.al\/index.php\/2025\/04\/19\/berisha-dibra-mati-dhe-bulqiza-do-kene-infrastrukturen-me-moderne-skavica-nuk-do-ndertohet-kurre\/","title":{"rendered":"Berisha: Dibra, Mati dhe Bulqiza do ken\u00eb infrastruktur\u00ebn m\u00eb moderne! Skavica nuk do nd\u00ebrtohet kurr\u00eb!"},"content":{"rendered":"<p>Kryetari i PD, Sali Berisha ka shpallur nga Dibra nj\u00eb vizion t\u00eb qart\u00eb dhe t\u00eb guximsh\u00ebm p\u00ebr Shqip\u00ebrin\u00eb Madh\u00ebshtore, duke prezantuar angazhimet konkrete t\u00eb opozit\u00ebs p\u00ebr t\u00eb sjell\u00eb ndryshimin e shum\u00ebpritur.<\/p>\n<p>Ai theksoi se Shqip\u00ebria e s\u00eb nes\u00ebrmes nuk nd\u00ebrtohet me premtime boshe, por me politika q\u00eb ulin barr\u00ebn mbi qytetar\u00ebt dhe bizneset, rrisin mir\u00ebqenien dhe rikthejn\u00eb shpres\u00ebn.<br \/>\nDibra, Mati dhe Bulqiza do t\u00eb b\u00ebhen modele t\u00eb zhvillimit, nd\u00ebrsa e gjith\u00eb Shqip\u00ebria do t\u00eb kthehet n\u00eb sht\u00ebpin\u00eb e shqiptar\u00ebve t\u00eb larguar.<\/p>\n<p>N\u00eb qend\u00ebr t\u00eb programit t\u00eb opozit\u00ebs mbetet familja shqiptare, prodhimi, dhe nj\u00eb ekonomi q\u00eb punon p\u00ebr njer\u00ebzit, jo p\u00ebr oligark\u00ebt. Kjo \u00ebsht\u00eb Shqip\u00ebria Madh\u00ebshtore,\u00a0Shqip\u00ebria q\u00eb lind nga vlerat, ndershm\u00ebria dhe vendosm\u00ebria p\u00ebr ta shp\u00ebtuar vendin nga keqqeverisja.<\/p>\n<p><strong>&#8220;<\/strong>K\u00ebto t\u00eb gjitha i b\u00ebn qeveria p\u00ebr 100 dit\u00eb, por p\u00ebrs\u00ebri kjo nuk \u00ebsht\u00eb Shqip\u00ebria Madh\u00ebshtore.<br \/>\nShqip\u00ebria Madh\u00ebshtore \u00ebsht\u00eb Shqip\u00ebria e prodhimit.<\/p>\n<p>Shqip\u00ebria Madh\u00ebshtore \u00ebsht\u00eb Shqip\u00ebria e shpres\u00ebs dhe besimit t\u00eb shqiptar\u00ebve, kur nga diaspora t\u00eb kthehen qindra mij\u00ebra prej tyre q\u00eb u larguan p\u00ebr t\u00eb nd\u00ebrtuar \u00ebndrr\u00ebn n\u00eb Shqip\u00ebri.<\/p>\n<p>Ndaj dhe biznesit do t\u2019ia ulim n\u00eb m\u00ebnyr\u00eb drastike barr\u00ebn fiskale.<\/p>\n<p>Vet\u00ebm me uljen n\u00eb 10 p\u00ebrqind t\u00eb tatim fitimit, rrogat e rrog\u00ebtar\u00ebve mbi rrog\u00ebn e ul\u00ebt rriten me 13 p\u00ebrqind, sepse kjo taks\u00eb \u00ebsht\u00eb 23 p\u00ebrqind.<\/p>\n<p>TVSH do zbres\u00eb n\u00eb 15 p\u00ebrqind.<\/p>\n<p>Energjia p\u00ebr bizneset n\u00eb 6 lek\u00eb, p\u00ebr qytetar\u00ebt n\u00eb 7 lek\u00eb.<\/p>\n<p>Dibr\u00ebs i premtoj kompletimin e plot\u00eb t\u00eb infrastruktur\u00ebs s\u00eb saj n\u00eb rrug\u00eb, uj\u00ebsj\u00ebllesa, kanalizime.<\/p>\n<p>Dibra, Mati dhe Bulqiza do ken\u00eb infrastruktur\u00ebn m\u00eb moderne.<\/p>\n<p>Skavica nuk do nd\u00ebrtohet kurr\u00eb!<\/p>\n<p>T\u00eb dashur miq, ky vit \u00ebsht\u00eb nj\u00eb vvit vendimtar p\u00ebr t\u2019u ndar\u00ebnga kjo e keqe e madhe.<\/p>\n<p>Diaspora shqiptare \u00ebsht\u00eb e t\u00ebra n\u00eb k\u00ebmb\u00eb. Ka jo nj\u00eb, por shum\u00eb p\u00ebrfaq\u00ebsues t\u00eb saj n\u00eb k\u00ebt\u00eb sall\u00eb dhe un\u00eb i p\u00ebrsh\u00ebndes shum\u00eb p\u00ebrzem\u00ebrsisht.<\/p>\n<p>I p\u00ebrsh\u00ebndes v\u00ebllez\u00ebrit, motrat tona kudo q\u00eb jan\u00eb. I ftoj t\u00eb votojn\u00eb me dinjitet, t\u00eb votojn\u00eb n\u00eb privacin\u00eb e tyre, t\u00eb votojn\u00eb si qytetar\u00eb dinjitoz\u00eb p\u00ebr t\u00eb shp\u00ebtuar k\u00ebt\u00eb vend nga narkodiktatura, p\u00ebr t\u00eb rikthyer n\u00eb Shqip\u00ebri shpres\u00ebn, besimin, t\u00eb ardhmen ton\u00eb.<\/p>\n<p>Miq, Shqip\u00ebria Madh\u00ebshtore \u00ebsht\u00eb Shqip\u00ebria e familjes shqiptare madh\u00ebshtore. Ne jemi dhe do mbetemi p\u00ebr shenjt\u00ebrin\u00eb e familjes.<\/p>\n<p>P\u00ebr ne, familja \u00ebsht\u00eb djepi i t\u00eb gjitha vlerave.<\/p>\n<p>Ndaj dhe ne kurr\u00eb prind\u00ebrit nuk do mund t\u2019i quajm\u00eb me numra, n\u00ebn\u00eb dhe bab\u00eb do jet\u00eb e sanksionuar n\u00eb t\u00eb gjitha ligjet tona&#8221;, tha Berisha.<\/p>\n","protected":false},"excerpt":{"rendered":"<p>Kryetari i PD, Sali Berisha ka shpallur nga Dibra nj\u00eb vizion t\u00eb qart\u00eb dhe t\u00eb guximsh\u00ebm p\u00ebr Shqip\u00ebrin\u00eb Madh\u00ebshtore, duke prezantuar angazhimet konkrete t\u00eb opozit\u00ebs p\u00ebr t\u00eb sjell\u00eb ndryshimin e shum\u00ebpritur. Ai theksoi se Shqip\u00ebria e s\u00eb nes\u00ebrmes nuk nd\u00ebrtohet me premtime boshe, por me politika q\u00eb ulin barr\u00ebn mbi qytetar\u00ebt dhe bizneset, rrisin mir\u00ebqenien &hellip;<\/p>\n","protected":false},"author":4,"featured_media":111015,"comment_status":"closed","ping_status":"closed","sticky":false,"template":"","format":"standard","meta":{"footnotes":""},"categories":[37],"tags":[],"class_list":["post-111014","post","type-post","status-publish","format-standard","has-post-thumbnail","","category-politike"],"_links":{"self":[{"href":"https:\/\/rdnews.al\/index.php\/wp-json\/wp\/v2\/posts\/111014","targetHints":{"allow":["GET"]}}],"collection":[{"href":"https:\/\/rdnews.al\/index.php\/wp-json\/wp\/v2\/posts"}],"about":[{"href":"https:\/\/rdnews.al\/index.php\/wp-json\/wp\/v2\/types\/post"}],"author":[{"embeddable":true,"href":"https:\/\/rdnews.al\/index.php\/wp-json\/wp\/v2\/users\/4"}],"replies":[{"embeddable":true,"href":"https:\/\/rdnews.al\/index.php\/wp-json\/wp\/v2\/comments?post=111014"}],"version-history":[{"count":1,"href":"https:\/\/rdnews.al\/index.php\/wp-json\/wp\/v2\/posts\/111014\/revisions"}],"predecessor-version":[{"id":111016,"href":"https:\/\/rdnews.al\/index.php\/wp-json\/wp\/v2\/posts\/111014\/revisions\/111016"}],"wp:featuredmedia":[{"embeddable":true,"href":"https:\/\/rdnews.al\/index.php\/wp-json\/wp\/v2\/media\/111015"}],"wp:attachment":[{"href":"https:\/\/rdnews.al\/index.php\/wp-json\/wp\/v2\/media?parent=111014"}],"wp:term":[{"taxonomy":"category","embeddable":true,"href":"https:\/\/rdnews.al\/index.php\/wp-json\/wp\/v2\/categories?post=111014"},{"taxonomy":"post_tag","embeddable":true,"href":"https:\/\/rdnews.al\/index.php\/wp-json\/wp\/v2\/tags?post=111014"}],"curies":[{"name":"wp","href":"https:\/\/api.w.org\/{rel}","templated":true}]}}