{"id":111017,"date":"2025-04-19T11:31:33","date_gmt":"2025-04-19T11:31:33","guid":{"rendered":"https:\/\/rdnews.al\/?p=111017"},"modified":"2025-04-19T11:31:33","modified_gmt":"2025-04-19T11:31:33","slug":"berisha-i-pergjigjet-rames-burrat-e-dibres-jane-si-malet-e-dibres-mjere-ai-qe-i-sulmon","status":"publish","type":"post","link":"https:\/\/rdnews.al\/index.php\/2025\/04\/19\/berisha-i-pergjigjet-rames-burrat-e-dibres-jane-si-malet-e-dibres-mjere-ai-qe-i-sulmon\/","title":{"rendered":"Berisha i p\u00ebrgjigjet Ram\u00ebs: Burrat e Dibr\u00ebs jan\u00eb si malet e Dibr\u00ebs, mjer\u00eb ai q\u00eb i sulmon!"},"content":{"rendered":"<p>Kryetari i PD, Sali Berisha i ka dh\u00ebn\u00eb p\u00ebrgjigjen e merituar Edi Ram\u00ebs, teksa ky i fundit i ka cil\u00ebsuar burrat dibran\u00eb si \u2018\u00e7yryk\u2019, duke i kujtuar kreut t\u00eb socialist\u00ebve se burrat e Dibr\u00ebs jan\u00eb si malet e saj, nd\u00ebrsa shtoi se \u00ebsht\u00eb mjeran ai q\u00eb i sulmon.<\/p>\n<p>Teksa ka prezantuar kandidat\u00ebt e PD-ASHM, n\u00eb k\u00ebt\u00eb qark, Berisha tha se Rama erdhi si pushtues, teksa iu referua fyerjes kolektive q\u00eb kryesocialisti b\u00ebri n\u00eb Dib\u00ebr.<\/p>\n<p>Berisha tha se, nj\u00eblloj si dikur paraardh\u00ebsit e tu, q\u00eb k\u00ebta burra vigan\u00eb, atdhetar\u00eb, patriot\u00eb, i shpallnin armiq se q\u00ebndronin p\u00ebr atdhe, q\u00ebndronin p\u00ebr besimin tek Zoti, p\u00ebr Dibr\u00ebn dhe Shqip\u00ebrin\u00eb.<\/p>\n<p><strong>Berisha:<\/strong> Dy dit\u00eb m\u00eb par\u00eb erdhi k\u00ebtu edhe ai burreci 2 metra i gjat\u00eb.<\/p>\n<p>Ai nuk u tha nj\u00eb fjal\u00eb se pse Rruga e Kombit zgjati 12 vite n\u00eb nj\u00eb koh\u00eb kur kishte \u00e7do fond dhe projekt p\u00ebr t\u00eb mbaruar n\u00eb vitin 2016.<\/p>\n<p>Dhe nj\u00eb gj\u00eb do t\u2019i them asaj zonj\u00ebs s\u00eb nderuar q\u00eb i tha se shkojm\u00eb n\u00eb Tiran\u00eb, t\u00eb garantoj dhe t\u00eb jap fjal\u00ebn e nderit se po t\u00eb qe p\u00ebr Edi Ram\u00ebn, ajo rrug\u00eb kurr\u00eb nuk do nd\u00ebrtohej.<\/p>\n<p>Ja ku e keni rrug\u00ebn e Lur\u00ebs, Lura \u00ebsht\u00eb bukuri p\u00ebrrallore dhe ka 12 vjet nuk e nd\u00ebrton dot rrug\u00ebn.<\/p>\n<p>Por at\u00eb rrug\u00eb e meritoni plot\u00ebsisht. Ajo \u00ebsht\u00eb rruga e dyt\u00eb e kombit dhe kemi krenari t\u00eb madhe q\u00eb nd\u00ebrtuam 32 kilometrat e para dhe u garantoj se n\u00eb vitin 2016 do ishte inauguruar me parametra shum\u00eb m\u00eb t\u00eb mir\u00eb se kjo sot.<\/p>\n<p>Edi Rama nuk u tha ju se ku shkuan 130 milion\u00eb euro p\u00ebr djeg\u00ebsin e Tiran\u00ebs q\u00eb nuk ekziston asnj\u00eb tull\u00eb dhe parat\u00eb tuaja jan\u00eb dh\u00ebn\u00eb.<\/p>\n<p>Nuk u tha nj\u00eb fjal\u00eb se me \u00e7\u2019para e bleu kopshtin e Edenit 5 milion\u00eb euro n\u00eb kopshtin e kryeministris\u00eb q\u00eb nuk ka kryeminist\u00ebr n\u00eb bot\u00eb q\u00eb t\u00eb b\u00ebj\u00eb nj\u00eb shpenzim t\u00eb till\u00eb.<\/p>\n<p>Nuk u tha nj\u00eb fjal\u00eb, si mundet nj\u00eb kryeminist\u00ebr t\u00eb ulet n\u00eb nj\u00eb ndeshje sporti me 28 mij\u00eb euro bilet\u00ebn?<\/p>\n<p>Nuk u tha nj\u00eb fjal\u00eb, si mundet nj\u00eb kryeminist\u00ebr, n\u00eb nj\u00eb koh\u00eb q\u00eb fshatar\u00ebt e tij p\u00ebrdorin parmend\u00ebn, t\u00eb shpenzoj\u00eb 21 milion\u00eb euro me avion n\u00eb dispozicion?<\/p>\n<p>Jo, k\u00ebto nuk i tha asnj\u00eb fjal\u00eb.<\/p>\n<p>Por k\u00ebtu tani do i them Edi Ram\u00ebs k\u00ebto fjal\u00eb.<\/p>\n<p>N\u00eb Dib\u00ebr, n\u00eb k\u00ebt\u00eb sall\u00eb ti erdhe me gjuh\u00ebn e pushtuesit dhe gjuh\u00eb e kopukut. T\u00eb dyja.<\/p>\n<p>N\u00eb qoft\u00eb se mbr\u00ebm\u00eb n\u00eb Kamz\u00eb un\u00eb t\u00eb dhash\u00eb nj\u00eb p\u00ebrgjigje duke lexuar p\u00ebrroin t\u00ebnd psikik frojdian, sot un\u00eb kam nj\u00eb p\u00ebrgjigje tjet\u00ebr.<\/p>\n<p>Ti erdhe si pushtues sepse i lejove vetes t\u00eb nd\u00ebrmarr\u00ebsh nj\u00eb fyerje kolektive.<\/p>\n<p>Nj\u00eblloj si dikur paraardh\u00ebsit e tu, q\u00eb k\u00ebta burra vigan\u00eb, atdhetar\u00eb, patriot\u00eb, i shpallnin armiq se q\u00ebndronin p\u00ebr atdhe, q\u00ebndronin p\u00ebr besimin tek Zoti, p\u00ebr Dibr\u00ebn dhe Shqip\u00ebrin\u00eb.<\/p>\n<p>Ti erdhe, ti fole dje si kopuk, sigurisht q\u00eb me ato ministreshat e tua q\u00eb xhinglaminglohen n\u00eb at\u00eb m\u00ebnyr\u00eb.<\/p>\n<p>Tani t\u00eb them un\u00eb dy, asnj\u00eb fjal\u00eb nuk t\u00eb jap p\u00ebrgjigje sepse p\u00ebrgjigjen m\u00eb t\u00eb shk\u00eblqyer ta dha dibrania n\u00eb sall\u00eb, e cila u ngrit dhe t\u00eb tha se burrat tan\u00eb jan\u00eb t\u00eb mrekulluesh\u00ebm.<\/p>\n<p>Por do ta them k\u00ebt\u00eb k\u00ebtu, burrat e Dibr\u00ebs jan\u00eb si malet e Dibr\u00ebs, mjer\u00eb ai q\u00eb i sulmon.<\/p>\n<p>Rroft\u00eb Dibra, rroft\u00eb Shqip\u00ebria.<\/p>\n<p>Fitore, fitore, fitore!<\/p>\n","protected":false},"excerpt":{"rendered":"<p>Kryetari i PD, Sali Berisha i ka dh\u00ebn\u00eb p\u00ebrgjigjen e merituar Edi Ram\u00ebs, teksa ky i fundit i ka cil\u00ebsuar burrat dibran\u00eb si \u2018\u00e7yryk\u2019, duke i kujtuar kreut t\u00eb socialist\u00ebve se burrat e Dibr\u00ebs jan\u00eb si malet e saj, nd\u00ebrsa shtoi se \u00ebsht\u00eb mjeran ai q\u00eb i sulmon. Teksa ka prezantuar kandidat\u00ebt e PD-ASHM, n\u00eb &hellip;<\/p>\n","protected":false},"author":4,"featured_media":111018,"comment_status":"closed","ping_status":"closed","sticky":false,"template":"","format":"standard","meta":{"footnotes":""},"categories":[37],"tags":[],"class_list":["post-111017","post","type-post","status-publish","format-standard","has-post-thumbnail","","category-politike"],"_links":{"self":[{"href":"https:\/\/rdnews.al\/index.php\/wp-json\/wp\/v2\/posts\/111017","targetHints":{"allow":["GET"]}}],"collection":[{"href":"https:\/\/rdnews.al\/index.php\/wp-json\/wp\/v2\/posts"}],"about":[{"href":"https:\/\/rdnews.al\/index.php\/wp-json\/wp\/v2\/types\/post"}],"author":[{"embeddable":true,"href":"https:\/\/rdnews.al\/index.php\/wp-json\/wp\/v2\/users\/4"}],"replies":[{"embeddable":true,"href":"https:\/\/rdnews.al\/index.php\/wp-json\/wp\/v2\/comments?post=111017"}],"version-history":[{"count":1,"href":"https:\/\/rdnews.al\/index.php\/wp-json\/wp\/v2\/posts\/111017\/revisions"}],"predecessor-version":[{"id":111019,"href":"https:\/\/rdnews.al\/index.php\/wp-json\/wp\/v2\/posts\/111017\/revisions\/111019"}],"wp:featuredmedia":[{"embeddable":true,"href":"https:\/\/rdnews.al\/index.php\/wp-json\/wp\/v2\/media\/111018"}],"wp:attachment":[{"href":"https:\/\/rdnews.al\/index.php\/wp-json\/wp\/v2\/media?parent=111017"}],"wp:term":[{"taxonomy":"category","embeddable":true,"href":"https:\/\/rdnews.al\/index.php\/wp-json\/wp\/v2\/categories?post=111017"},{"taxonomy":"post_tag","embeddable":true,"href":"https:\/\/rdnews.al\/index.php\/wp-json\/wp\/v2\/tags?post=111017"}],"curies":[{"name":"wp","href":"https:\/\/api.w.org\/{rel}","templated":true}]}}