{"id":111031,"date":"2025-04-19T16:53:25","date_gmt":"2025-04-19T16:53:25","guid":{"rendered":"https:\/\/rdnews.al\/?p=111031"},"modified":"2025-04-19T21:45:46","modified_gmt":"2025-04-19T21:45:46","slug":"rama-e-fton-per-kafe-ilir-vrenozi-tregon-pse-e-refuzoi","status":"publish","type":"post","link":"https:\/\/rdnews.al\/index.php\/2025\/04\/19\/rama-e-fton-per-kafe-ilir-vrenozi-tregon-pse-e-refuzoi\/","title":{"rendered":"Rama e fton p\u00ebr kafe, Ilir Vrenozi tregon pse e refuzoi"},"content":{"rendered":"<p>Demokrati i v\u00ebrtet\u00eb Ilir Vrenozi ka refuzuar nj\u00eb ftes\u00eb q\u00eb i \u00ebsht\u00eb b\u00ebr\u00eb nga Rama p\u00ebr t\u00eb pir\u00eb nj\u00eb kafe s\u00ebbashku. Rama ka qen\u00eb sot p\u00ebr takime elektorale n\u00eb Qarkun e Kor\u00e7\u00ebs , por nuk i ka ecur me Vrenozin.<\/p>\n<p>Postimi i Ilir Vrenozit<\/p>\n<p>Dy fjale per ju miqte e mi, pas fteses qe me beri Edi Rama per kafe&#8230;<\/p>\n<p>Un\u00eb jam nj\u00eb i djatht\u00eb i lindur.<br \/>\nLirin\u00eb kam frym\u00eb, kam z\u00eb.<br \/>\nAsnj\u00eb lloj kompromisi nuk i jam bindur.<br \/>\nJam shpirt i lir\u00eb, nuk shitem, as blihem per asgj\u00eb.<\/p>\n<p>Dikush do thote, ti je budalla,nuk nx\u00eb.<br \/>\nDikush do thot\u00eb Vrenozi nuk ha pyk\u00eb.<br \/>\nPor si t\u00eb ulem un\u00eb p\u00ebr kafe me at\u00eb.<br \/>\nMe at\u00eb, q\u00eb burat i quan \u00e7yryk\u00eb.<\/p>\n","protected":false},"excerpt":{"rendered":"<p>Demokrati i v\u00ebrtet\u00eb Ilir Vrenozi ka refuzuar nj\u00eb ftes\u00eb q\u00eb i \u00ebsht\u00eb b\u00ebr\u00eb nga Rama p\u00ebr t\u00eb pir\u00eb nj\u00eb kafe s\u00ebbashku. Rama ka qen\u00eb sot p\u00ebr takime elektorale n\u00eb Qarkun e Kor\u00e7\u00ebs , por nuk i ka ecur me Vrenozin. Postimi i Ilir Vrenozit Dy fjale per ju miqte e mi, pas fteses qe me &hellip;<\/p>\n","protected":false},"author":3,"featured_media":111036,"comment_status":"closed","ping_status":"closed","sticky":false,"template":"","format":"standard","meta":{"footnotes":""},"categories":[40],"tags":[],"class_list":["post-111031","post","type-post","status-publish","format-standard","has-post-thumbnail","","category-aktualitet"],"_links":{"self":[{"href":"https:\/\/rdnews.al\/index.php\/wp-json\/wp\/v2\/posts\/111031","targetHints":{"allow":["GET"]}}],"collection":[{"href":"https:\/\/rdnews.al\/index.php\/wp-json\/wp\/v2\/posts"}],"about":[{"href":"https:\/\/rdnews.al\/index.php\/wp-json\/wp\/v2\/types\/post"}],"author":[{"embeddable":true,"href":"https:\/\/rdnews.al\/index.php\/wp-json\/wp\/v2\/users\/3"}],"replies":[{"embeddable":true,"href":"https:\/\/rdnews.al\/index.php\/wp-json\/wp\/v2\/comments?post=111031"}],"version-history":[{"count":3,"href":"https:\/\/rdnews.al\/index.php\/wp-json\/wp\/v2\/posts\/111031\/revisions"}],"predecessor-version":[{"id":111038,"href":"https:\/\/rdnews.al\/index.php\/wp-json\/wp\/v2\/posts\/111031\/revisions\/111038"}],"wp:featuredmedia":[{"embeddable":true,"href":"https:\/\/rdnews.al\/index.php\/wp-json\/wp\/v2\/media\/111036"}],"wp:attachment":[{"href":"https:\/\/rdnews.al\/index.php\/wp-json\/wp\/v2\/media?parent=111031"}],"wp:term":[{"taxonomy":"category","embeddable":true,"href":"https:\/\/rdnews.al\/index.php\/wp-json\/wp\/v2\/categories?post=111031"},{"taxonomy":"post_tag","embeddable":true,"href":"https:\/\/rdnews.al\/index.php\/wp-json\/wp\/v2\/tags?post=111031"}],"curies":[{"name":"wp","href":"https:\/\/api.w.org\/{rel}","templated":true}]}}