{"id":111051,"date":"2025-04-19T17:57:28","date_gmt":"2025-04-19T17:57:28","guid":{"rendered":"https:\/\/rdnews.al\/?p=111051"},"modified":"2025-04-19T17:58:30","modified_gmt":"2025-04-19T17:58:30","slug":"lideri-i-opozites-pritet-me-entuziazem-ne-kombinat-berisha-kryeminister","status":"publish","type":"post","link":"https:\/\/rdnews.al\/index.php\/2025\/04\/19\/lideri-i-opozites-pritet-me-entuziazem-ne-kombinat-berisha-kryeminister\/","title":{"rendered":"Lideri i opozit\u00ebs pritet me entuziaz\u00ebm n\u00eb Kombinat: Berisha kryeminist\u00ebr!"},"content":{"rendered":"<p>Pritje emocionuese u rezervua p\u00ebr liderin e opozit\u00ebs, Sali Berisha, nga banor\u00ebt e Kombinatit k\u00ebt\u00eb pasdite.<\/p>\n<p>Me thirrjet \u201cBerisha\u2026 Berisha\u2026\u201d, \u201cBerisha kryeminist\u00ebr\u201d dhe me kapele blu t\u00eb PD-s\u00eb n\u00eb kok\u00eb, shum\u00eb qytetar\u00eb u mblodh\u00ebn n\u00eb takimin me liderin e PD-s\u00eb p\u00ebr t\u2019i shprehur mb\u00ebshtetjen e tyre n\u00eb zgjedhjet e 11 majit si kryeministri i ardhsh\u00ebm i qeveris\u00eb.<\/p>\n","protected":false},"excerpt":{"rendered":"<p>Pritje emocionuese u rezervua p\u00ebr liderin e opozit\u00ebs, Sali Berisha, nga banor\u00ebt e Kombinatit k\u00ebt\u00eb pasdite. Me thirrjet \u201cBerisha\u2026 Berisha\u2026\u201d, \u201cBerisha kryeminist\u00ebr\u201d dhe me kapele blu t\u00eb PD-s\u00eb n\u00eb kok\u00eb, shum\u00eb qytetar\u00eb u mblodh\u00ebn n\u00eb takimin me liderin e PD-s\u00eb p\u00ebr t\u2019i shprehur mb\u00ebshtetjen e tyre n\u00eb zgjedhjet e 11 majit si kryeministri i ardhsh\u00ebm &hellip;<\/p>\n","protected":false},"author":4,"featured_media":111052,"comment_status":"closed","ping_status":"closed","sticky":false,"template":"","format":"standard","meta":{"footnotes":""},"categories":[37],"tags":[],"class_list":["post-111051","post","type-post","status-publish","format-standard","has-post-thumbnail","","category-politike"],"_links":{"self":[{"href":"https:\/\/rdnews.al\/index.php\/wp-json\/wp\/v2\/posts\/111051","targetHints":{"allow":["GET"]}}],"collection":[{"href":"https:\/\/rdnews.al\/index.php\/wp-json\/wp\/v2\/posts"}],"about":[{"href":"https:\/\/rdnews.al\/index.php\/wp-json\/wp\/v2\/types\/post"}],"author":[{"embeddable":true,"href":"https:\/\/rdnews.al\/index.php\/wp-json\/wp\/v2\/users\/4"}],"replies":[{"embeddable":true,"href":"https:\/\/rdnews.al\/index.php\/wp-json\/wp\/v2\/comments?post=111051"}],"version-history":[{"count":2,"href":"https:\/\/rdnews.al\/index.php\/wp-json\/wp\/v2\/posts\/111051\/revisions"}],"predecessor-version":[{"id":111054,"href":"https:\/\/rdnews.al\/index.php\/wp-json\/wp\/v2\/posts\/111051\/revisions\/111054"}],"wp:featuredmedia":[{"embeddable":true,"href":"https:\/\/rdnews.al\/index.php\/wp-json\/wp\/v2\/media\/111052"}],"wp:attachment":[{"href":"https:\/\/rdnews.al\/index.php\/wp-json\/wp\/v2\/media?parent=111051"}],"wp:term":[{"taxonomy":"category","embeddable":true,"href":"https:\/\/rdnews.al\/index.php\/wp-json\/wp\/v2\/categories?post=111051"},{"taxonomy":"post_tag","embeddable":true,"href":"https:\/\/rdnews.al\/index.php\/wp-json\/wp\/v2\/tags?post=111051"}],"curies":[{"name":"wp","href":"https:\/\/api.w.org\/{rel}","templated":true}]}}