{"id":111067,"date":"2025-04-19T18:28:22","date_gmt":"2025-04-19T18:28:22","guid":{"rendered":"https:\/\/rdnews.al\/?p=111067"},"modified":"2025-04-19T18:28:22","modified_gmt":"2025-04-19T18:28:22","slug":"salianji-mesazh-nga-burgu-kur-demokratet-i-besuan-ndryshimit-arritem-nje-rezultat-fantastik","status":"publish","type":"post","link":"https:\/\/rdnews.al\/index.php\/2025\/04\/19\/salianji-mesazh-nga-burgu-kur-demokratet-i-besuan-ndryshimit-arritem-nje-rezultat-fantastik\/","title":{"rendered":"Salianji mesazh nga burgu: Kur demokrat\u00ebt i besuan ndryshimit arrit\u00ebm nj\u00eb rezultat fantastik!"},"content":{"rendered":"<div id=\"rekl-49\">Ish-deputeti i PD, Ervin Salianji, b\u00ebn nj\u00eb mesazh nga burgu n\u00eb rrjetin e tij social Facebook, kujton fitoren n\u00eb Korc\u00eb t\u00eb PD-s\u00eb kat\u00ebr vite m\u00eb par\u00eb.<\/div>\n<div class=\"readmore-text-here\">\n<p>Salianji u shpreh kur demokrat\u00ebt i besuan ndryshimit arrit\u00ebm nj\u00eb rezultat fantastik.<\/p>\n<p><strong>Postimi\u00a0<\/strong><\/p>\n<p>Kur demokrat\u00ebt i besuan ndryshimit masivisht [\ud83d\udc99] [\u270c\ufe0f] N\u00eb Kor\u00e7\u00eb, 4 vjet m\u00eb par\u00eb n\u00eb \u00e7do lagje dhe fshat na mir\u00ebprit\u00ebn me mb\u00ebshtetje masive dhe t\u00eb jasht\u00ebzakonshme.<\/p>\n<p>Me mir\u00ebnjohje, falenderim p\u00ebr cilindo dhe pa p\u00ebrtuar arrit\u00ebm rezultat fantastik q\u00eb sot Partia Demokratike t\u00eb ket\u00eb t\u00eb leht\u00eb 6 mandate n\u00eb Kor\u00e7\u00eb [\ud83e\udd1d] [\u270c\ufe0f] [\ud83c\udde6\ud83c\uddf1]\n<p>#PartiaDemokratike #Ndryshimi #NR1<\/p>\n<p><iframe loading=\"lazy\" src=\"https:\/\/www.facebook.com\/plugins\/post.php?href=https%3A%2F%2Fwww.facebook.com%2Fsalianjiervin%2Fposts%2Fpfbid02GzXGaZHbkWhLjNdECfVpeGmHGx73iD7wMFJskbAVZijsR5JHQh4YQvLNnJ9CcsUdl&amp;show_text=true&amp;width=500\" width=\"500\" height=\"767\" frameborder=\"0\" scrolling=\"no\" allowfullscreen=\"allowfullscreen\" data-mce-fragment=\"1\"><\/iframe><\/p>\n<\/div>\n","protected":false},"excerpt":{"rendered":"<p>Ish-deputeti i PD, Ervin Salianji, b\u00ebn nj\u00eb mesazh nga burgu n\u00eb rrjetin e tij social Facebook, kujton fitoren n\u00eb Korc\u00eb t\u00eb PD-s\u00eb kat\u00ebr vite m\u00eb par\u00eb. Salianji u shpreh kur demokrat\u00ebt i besuan ndryshimit arrit\u00ebm nj\u00eb rezultat fantastik. Postimi\u00a0 Kur demokrat\u00ebt i besuan ndryshimit masivisht [\ud83d\udc99] [\u270c\ufe0f] N\u00eb Kor\u00e7\u00eb, 4 vjet m\u00eb par\u00eb n\u00eb \u00e7do &hellip;<\/p>\n","protected":false},"author":4,"featured_media":111068,"comment_status":"closed","ping_status":"closed","sticky":false,"template":"","format":"standard","meta":{"footnotes":""},"categories":[37],"tags":[],"class_list":["post-111067","post","type-post","status-publish","format-standard","has-post-thumbnail","","category-politike"],"_links":{"self":[{"href":"https:\/\/rdnews.al\/index.php\/wp-json\/wp\/v2\/posts\/111067","targetHints":{"allow":["GET"]}}],"collection":[{"href":"https:\/\/rdnews.al\/index.php\/wp-json\/wp\/v2\/posts"}],"about":[{"href":"https:\/\/rdnews.al\/index.php\/wp-json\/wp\/v2\/types\/post"}],"author":[{"embeddable":true,"href":"https:\/\/rdnews.al\/index.php\/wp-json\/wp\/v2\/users\/4"}],"replies":[{"embeddable":true,"href":"https:\/\/rdnews.al\/index.php\/wp-json\/wp\/v2\/comments?post=111067"}],"version-history":[{"count":1,"href":"https:\/\/rdnews.al\/index.php\/wp-json\/wp\/v2\/posts\/111067\/revisions"}],"predecessor-version":[{"id":111069,"href":"https:\/\/rdnews.al\/index.php\/wp-json\/wp\/v2\/posts\/111067\/revisions\/111069"}],"wp:featuredmedia":[{"embeddable":true,"href":"https:\/\/rdnews.al\/index.php\/wp-json\/wp\/v2\/media\/111068"}],"wp:attachment":[{"href":"https:\/\/rdnews.al\/index.php\/wp-json\/wp\/v2\/media?parent=111067"}],"wp:term":[{"taxonomy":"category","embeddable":true,"href":"https:\/\/rdnews.al\/index.php\/wp-json\/wp\/v2\/categories?post=111067"},{"taxonomy":"post_tag","embeddable":true,"href":"https:\/\/rdnews.al\/index.php\/wp-json\/wp\/v2\/tags?post=111067"}],"curies":[{"name":"wp","href":"https:\/\/api.w.org\/{rel}","templated":true}]}}