{"id":111070,"date":"2025-04-19T18:34:03","date_gmt":"2025-04-19T18:34:03","guid":{"rendered":"https:\/\/rdnews.al\/?p=111070"},"modified":"2025-04-19T18:34:03","modified_gmt":"2025-04-19T18:34:03","slug":"berisha-socialistet-jane-pa-ndjenja-ngushellohen-me-shprehjen-nuk-vdes-kush-per-buke-ne-shqiperi","status":"publish","type":"post","link":"https:\/\/rdnews.al\/index.php\/2025\/04\/19\/berisha-socialistet-jane-pa-ndjenja-ngushellohen-me-shprehjen-nuk-vdes-kush-per-buke-ne-shqiperi\/","title":{"rendered":"Berisha: Socialist\u00ebt jan\u00eb pa ndjenja, ngush\u00ebllohen me shprehjen \u201cnuk vdes kush p\u00ebr buk\u00eb n\u00eb Shqip\u00ebri\u201d!"},"content":{"rendered":"<p>Kryetari i PD, Sali Berisha, nga takimi elektoral n\u00eb zon\u00ebn e Kombinatit n\u00eb Tiran\u00eb, ka sulmuar PS-n\u00eb duke th\u00ebn\u00eb se jan\u00eb nj\u00eb grup njer\u00ebzish pa ndjenja q\u00eb i shohin qytetar\u00ebt si miza.<\/p>\n<p>Berisha tha se, ata ngush\u00ebllohen me shprehjen \u2018nuk vdes kush p\u00ebr buk\u00eb n\u00eb Shqip\u00ebri\u2019, nd\u00ebrsa premtoi se PD do t\u00eb vendos\u00eb minimumin jetik, do t\u00eb rris\u00eb pag\u00ebn minimale, do t\u00eb ul\u00eb \u00e7mimin e naft\u00ebs dhe energjis\u00eb.<\/p>\n<p>\u201cK\u00ebta, po ti shihni ju, jan\u00eb b\u00ebr\u00eb nj\u00eb grup njer\u00ebzish q\u00eb nuk kan\u00eb ndjenja njer\u00ebzore. Njer\u00ebzit u duken miza. K\u00ebta ngush\u00ebllohen me shprehjen \u2018nuk vdes kush p\u00ebr buk\u00eb n\u00eb Shqip\u00ebri\u2019. Mund ta thot\u00eb nj\u00eb zyrtar, nj\u00eb shtetar k\u00ebt\u00eb. Pse mo puna qenka p\u00ebr t\u00eb vdekur p\u00ebr kafshat\u00eb t\u00eb goj\u00ebs. E kan\u00eb degraduar n\u00eb k\u00ebt\u00eb shkall\u00eb gjendjen.<\/p>\n<p>\u00c7far\u00eb do t\u00eb b\u00ebjm\u00eb ne 90 dit\u00ebt e para? Do t\u00eb vendosim minimumin jetik 200 euro. Rrogat e ul\u00ebta, nuk do t\u00eb ket\u00eb rrog\u00eb n\u00ebn 500 euro. E ka \u00e7do vend. Pas rrog\u00ebs minimale, do t\u00eb kalohet n\u00eb dit\u00ebn me pag\u00eb minimale. E ka \u00e7do vend dhe ne n\u00eb at\u00eb rrug\u00eb do t\u00eb ecim.<\/p>\n<p>Ushqimet dhe gj\u00ebrat baz\u00eb, pensionist\u00ebt do t\u00eb ken\u00eb kart\u00eb konsumatori. Do u kthehet mbrapsht tvsh. Nafta do zbres\u00eb n\u00eb \u00e7mimin e Kosov\u00ebs dhe Maqedonis\u00eb, 40% m\u00eb lir\u00eb. Energjia elektrike n\u00eb 7 lek\u00eb, tarifat e ujit do p\u00ebrgjysmohet. Do ket\u00eb nj\u00eb frym\u00ebmarrje m\u00eb t\u00eb mir\u00eb ekonomike p\u00ebr njer\u00ebzit\u201d,\u00a0tha Berisha.<\/p>\n","protected":false},"excerpt":{"rendered":"<p>Kryetari i PD, Sali Berisha, nga takimi elektoral n\u00eb zon\u00ebn e Kombinatit n\u00eb Tiran\u00eb, ka sulmuar PS-n\u00eb duke th\u00ebn\u00eb se jan\u00eb nj\u00eb grup njer\u00ebzish pa ndjenja q\u00eb i shohin qytetar\u00ebt si miza. Berisha tha se, ata ngush\u00ebllohen me shprehjen \u2018nuk vdes kush p\u00ebr buk\u00eb n\u00eb Shqip\u00ebri\u2019, nd\u00ebrsa premtoi se PD do t\u00eb vendos\u00eb minimumin jetik, &hellip;<\/p>\n","protected":false},"author":4,"featured_media":111071,"comment_status":"closed","ping_status":"closed","sticky":false,"template":"","format":"standard","meta":{"footnotes":""},"categories":[37],"tags":[],"class_list":["post-111070","post","type-post","status-publish","format-standard","has-post-thumbnail","","category-politike"],"_links":{"self":[{"href":"https:\/\/rdnews.al\/index.php\/wp-json\/wp\/v2\/posts\/111070","targetHints":{"allow":["GET"]}}],"collection":[{"href":"https:\/\/rdnews.al\/index.php\/wp-json\/wp\/v2\/posts"}],"about":[{"href":"https:\/\/rdnews.al\/index.php\/wp-json\/wp\/v2\/types\/post"}],"author":[{"embeddable":true,"href":"https:\/\/rdnews.al\/index.php\/wp-json\/wp\/v2\/users\/4"}],"replies":[{"embeddable":true,"href":"https:\/\/rdnews.al\/index.php\/wp-json\/wp\/v2\/comments?post=111070"}],"version-history":[{"count":1,"href":"https:\/\/rdnews.al\/index.php\/wp-json\/wp\/v2\/posts\/111070\/revisions"}],"predecessor-version":[{"id":111072,"href":"https:\/\/rdnews.al\/index.php\/wp-json\/wp\/v2\/posts\/111070\/revisions\/111072"}],"wp:featuredmedia":[{"embeddable":true,"href":"https:\/\/rdnews.al\/index.php\/wp-json\/wp\/v2\/media\/111071"}],"wp:attachment":[{"href":"https:\/\/rdnews.al\/index.php\/wp-json\/wp\/v2\/media?parent=111070"}],"wp:term":[{"taxonomy":"category","embeddable":true,"href":"https:\/\/rdnews.al\/index.php\/wp-json\/wp\/v2\/categories?post=111070"},{"taxonomy":"post_tag","embeddable":true,"href":"https:\/\/rdnews.al\/index.php\/wp-json\/wp\/v2\/tags?post=111070"}],"curies":[{"name":"wp","href":"https:\/\/api.w.org\/{rel}","templated":true}]}}