{"id":111073,"date":"2025-04-19T18:40:14","date_gmt":"2025-04-19T18:40:14","guid":{"rendered":"https:\/\/rdnews.al\/?p=111073"},"modified":"2025-04-19T18:40:14","modified_gmt":"2025-04-19T18:40:14","slug":"berisha-partite-e-reja-kane-dale-hapur-kunder-rrotacionit-duan-te-zgrapin-vota-nga-ne-per-te-ndihmuar-edi-ramen","status":"publish","type":"post","link":"https:\/\/rdnews.al\/index.php\/2025\/04\/19\/berisha-partite-e-reja-kane-dale-hapur-kunder-rrotacionit-duan-te-zgrapin-vota-nga-ne-per-te-ndihmuar-edi-ramen\/","title":{"rendered":"Berisha: Partit\u00eb e reja kan\u00eb dal\u00eb hapur kund\u00ebr rrotacionit, duan t\u00eb zgrapin vota nga ne p\u00ebr t\u00eb ndihmuar Edi Ram\u00ebn"},"content":{"rendered":"<p>Kryetari i PD, Sali Berisha, gjat\u00eb nj\u00eb takimi n\u00eb Kombinat tha se, opozitar\u00ebt e opozit\u00ebs jan\u00eb klonimet m\u00eb t\u00eb sh\u00ebmtuara, m\u00eb antidemokratike q\u00eb mund t\u00eb b\u00ebhen. Ai tha se, partit\u00eb e reja kan\u00eb dal\u00eb hapur kund\u00ebr rotacionit, duan t\u00eb zgrapin vota nga ne p\u00ebr t\u00eb ndihmuar Edi Ram\u00ebn.<\/p>\n<p>\u201cMiq, ne jemi n\u00eb nj\u00eb regjim t\u00eb pashembullt.<\/p>\n<p>Censur\u00eb e jasht\u00ebzakonshme.<\/p>\n<p>Mediat, t\u00eb ashtuquajtura komb\u00ebtare, jan\u00eb n\u00ebn kontroll t\u00eb tmerrsh\u00ebm nga qeveria.<\/p>\n<p>Mbr\u00ebm\u00eb, Belind K\u00eblli\u00e7i ishte n\u00eb televizioni shtet\u00ebror.<\/p>\n<p>Ndodhi ajo q\u00eb nuk ka ndodhur kurr\u00eb as n\u00eb koh\u00eb t\u00eb Ramiz Alis\u00eb. E ftuan dhe filloi t\u00eb fliste p\u00ebr programin. Natyrisht t\u00eb nxjerr\u00eb nj\u00eb nga nj\u00eb vjedhjet e Ram\u00ebs, Lubi Ballukut dhe k\u00ebtyre qeveritar\u00ebve.<\/p>\n<p>Absolutisht u nd\u00ebrpre transmetimi n\u00eb mes. U fut\u00ebn reklama dhe u nd\u00ebrpre transmetimi.<\/p>\n<p>Histori e turpshme, histori e cila edhe n\u00eb pluraliz\u00ebm u vendos pluralizmi, Partia e Pun\u00ebs nuk b\u00ebri nj\u00eb gj\u00eb t\u00eb till\u00eb.<\/p>\n<p>\u00c7far\u00eb b\u00ebjn\u00eb tani? Nuk i d\u00ebrgojn\u00eb n\u00eb studio televizive p\u00ebr t\u2019u ballafaquar me deputet\u00ebt tan\u00eb, deputet\u00ebt socialist\u00eb. Dhe nxjerrin t\u00eb ashtuquajturit opozitar\u00eb t\u00eb opozit\u00ebs.<\/p>\n<p>Opozitar\u00ebt e opozit\u00ebs jan\u00eb klonimet m\u00eb t\u00eb sh\u00ebmtuara, m\u00eb antidemokratike q\u00eb mund t\u00eb b\u00ebhen.<\/p>\n<p>Sigurisht ke t\u00eb drejt\u00eb t\u00eb b\u00ebsh apo t\u00eb mos b\u00ebsh koalicion. Por nj\u00eb gj\u00eb ta dini, t\u00eb gjith\u00eb atyre forcave politike, jo PS-s\u00eb dhe Brav\u00ebs, t\u00eb gjith\u00eb i kemi ftuar.<\/p>\n<p>Jo se un\u00eb nuk kisha v\u00ebrejtje, por prap\u00eb interesi juaj, prap\u00eb interesi i madh i vendit p\u00ebr t\u00eb shp\u00ebtuar nga kjo e keqe.<\/p>\n<p>I ftuam t\u00eb vijn\u00eb n\u00eb koalicion.<\/p>\n<p>Jo. \u00c7far\u00eb thon\u00eb tani? Ne nuk duam rotacion. Duan Edi Ram\u00ebn at\u00ebher\u00eb.<\/p>\n<p>Rrin\u00eb p\u00ebr t\u00eb zgrapur vota nga ne p\u00ebr t\u00eb ndihmuar Edi Ram\u00ebn.<\/p>\n<p>Ky \u00ebsht\u00eb akt i sh\u00ebmtuar.<\/p>\n<p>Nxjerrin teza se ne jemi kund\u00ebr sistemit. Cilit sistem? Kujt ia tha ti k\u00ebt\u00eb? Ti harron se kjo \u00ebsht\u00eb tez\u00eb taleban\u00ebsh.<\/p>\n<p>Urdh\u00ebro, ka nj\u00eb opozit\u00eb t\u00eb v\u00ebrtet\u00eb q\u00eb po p\u00ebrballet dh\u00ebmb \u00ebpr dh\u00ebmb dhe deri dje ishte n\u00eb at\u00eb opozit\u00eb ti. Po kur t\u00eb kap\u00ebn p\u00ebr veshi, t\u00eb nxor\u00ebn jasht\u00eb, nxjerr teza t\u00eb tilla. Un\u00eb nuk dua rotacionin. Un\u00eb jam opozit\u00eb e sistemit.<\/p>\n<p>Kjo do t\u00eb thot\u00eb opozit\u00eb e opozit\u00ebs, sh\u00ebrb\u00ebtor i qeveris\u00eb.<\/p>\n<p>Ndaj dhe p\u00ebr ta mbyllur k\u00ebt\u00eb, thirrja ime p\u00ebr ju \u00ebsht\u00eb kjo: n\u00eb k\u00ebto kushte, t\u00eb gjith\u00eb ne jemi misionar\u00eb.<\/p>\n<p>Dhe u siguroj ju se si misionar\u00eb ne do tejkalojm\u00eb ccdo censur\u00eb, ccdo bllokim, ccdo k\u00ebrc\u00ebnim dhe do realizojm\u00eb fitoren e shk\u00eblqyer me dat\u00ebn 11 maj.<\/p>\n<p>Ky projekt \u00ebsht\u00eb projekt p\u00ebr ccdo shqiptar t\u00eb ndersh\u00ebm pavar\u00ebsisht nga bindjet e tij politike.<\/p>\n<p>Ky projekt \u00ebsht\u00eb projekt q\u00eb k\u00ebrkon t\u00eb nxjerr\u00eb Shqip\u00ebrin\u00eb nga mjerimi.<\/p>\n<p>\u00cbsht\u00eb projekt q\u00eb k\u00ebrkon t\u2019i mund\u00ebsoj\u00eb suksesin ccdo shqiptari q\u00eb k\u00ebrkon t\u00eb jetoj\u00eb me djers\u00ebn e tij.<\/p>\n<p>\u00cbsht\u00eb projekt q\u00eb k\u00ebrkon t\u00eb mbaj\u00eb f\u00ebmij\u00ebt shqiptar\u00eb k\u00ebtu p\u00ebr t\u00eb nd\u00ebrtuar n\u00eb Shqip\u00ebri \u00ebndrr\u00ebn e tyre.<\/p>\n<p>Ndaj dhe ne t\u00eb ndalemi n\u00eb k\u00ebt\u00eb koh\u00eb, dit\u00eb e nat\u00eb me ccdo qytetar, t\u2019i paraqesim projektin, t\u00eb diskutojm\u00eb.<\/p>\n<p>Ka nj\u00eb klim\u00eb t\u00eb jasht\u00ebzakonshme.<\/p>\n<p>Un\u00eb po vij sot nga Dibra, e kam par\u00eb at\u00eb klim\u00eb vet\u00ebm n\u00eb vitin 1992.<\/p>\n<p>Kudo q\u00eb shkoj gjej nj\u00eb entuziaz\u00ebm, nj\u00eb optimiz\u00ebm t\u00eb pakrahasuesh\u00ebm me t\u00eb tjer\u00ebt.<\/p>\n<p>A e dini q\u00eb n\u00ebp\u00ebr Tiran\u00eb sillen si hije t\u00eb zeza p\u00ebrfaq\u00ebsuesit e PS? Nuk i pret kush.<\/p>\n<p>Tre vet\u00eb presion Erion Bracce, pes\u00eb vet\u00eb Fatzi Xhaf\u00ebn, Korb\u00ebn k\u00ebrkush.<\/p>\n<p>Me nj\u00eb fjal\u00eb ecin t\u00eb braktisur nga qytetar\u00ebt.<\/p>\n<p>Tani un\u00eb jam k\u00ebtu p\u00ebr t\u2019u d\u00ebgjuar ju dhe p\u00ebr tu garantuar se kjo infrastruktur\u00eb q\u00eb un\u00eb e gjej sicc ka qen\u00eb shum\u00eb vite m\u00eb par\u00eb, do transformohet n\u00eb m\u00ebnyr\u00eb rr\u00ebnj\u00ebsore.<\/p>\n<p>Dhe q\u00eb askush nuk do mund t\u00eb vazhdoj\u00eb t\u00eb shfryt\u00ebzoj\u00eb si Makbeth fatkeq\u00ebsin\u00eb e t\u00ebrmetit p\u00ebr t\u2019u degdisur ju jasht\u00eb votrave tuaja, p\u00ebr t\u2019u pasuruar n\u00eb kurrizin tuaj.<\/p>\n<p>Un\u00eb jam i vet\u00ebdijsh\u00ebm p\u00ebr problemet q\u00eb keni, por u garantoj se 11 Maji \u00ebsht\u00eb p\u00ebrgjigja m\u00eb e shk\u00eblqyer q\u00eb u japim atyre\u201d, u shpreh Berisha.<\/p>\n","protected":false},"excerpt":{"rendered":"<p>Kryetari i PD, Sali Berisha, gjat\u00eb nj\u00eb takimi n\u00eb Kombinat tha se, opozitar\u00ebt e opozit\u00ebs jan\u00eb klonimet m\u00eb t\u00eb sh\u00ebmtuara, m\u00eb antidemokratike q\u00eb mund t\u00eb b\u00ebhen. Ai tha se, partit\u00eb e reja kan\u00eb dal\u00eb hapur kund\u00ebr rotacionit, duan t\u00eb zgrapin vota nga ne p\u00ebr t\u00eb ndihmuar Edi Ram\u00ebn. \u201cMiq, ne jemi n\u00eb nj\u00eb regjim t\u00eb &hellip;<\/p>\n","protected":false},"author":4,"featured_media":111075,"comment_status":"closed","ping_status":"closed","sticky":false,"template":"","format":"standard","meta":{"footnotes":""},"categories":[37],"tags":[],"class_list":["post-111073","post","type-post","status-publish","format-standard","has-post-thumbnail","","category-politike"],"_links":{"self":[{"href":"https:\/\/rdnews.al\/index.php\/wp-json\/wp\/v2\/posts\/111073","targetHints":{"allow":["GET"]}}],"collection":[{"href":"https:\/\/rdnews.al\/index.php\/wp-json\/wp\/v2\/posts"}],"about":[{"href":"https:\/\/rdnews.al\/index.php\/wp-json\/wp\/v2\/types\/post"}],"author":[{"embeddable":true,"href":"https:\/\/rdnews.al\/index.php\/wp-json\/wp\/v2\/users\/4"}],"replies":[{"embeddable":true,"href":"https:\/\/rdnews.al\/index.php\/wp-json\/wp\/v2\/comments?post=111073"}],"version-history":[{"count":1,"href":"https:\/\/rdnews.al\/index.php\/wp-json\/wp\/v2\/posts\/111073\/revisions"}],"predecessor-version":[{"id":111076,"href":"https:\/\/rdnews.al\/index.php\/wp-json\/wp\/v2\/posts\/111073\/revisions\/111076"}],"wp:featuredmedia":[{"embeddable":true,"href":"https:\/\/rdnews.al\/index.php\/wp-json\/wp\/v2\/media\/111075"}],"wp:attachment":[{"href":"https:\/\/rdnews.al\/index.php\/wp-json\/wp\/v2\/media?parent=111073"}],"wp:term":[{"taxonomy":"category","embeddable":true,"href":"https:\/\/rdnews.al\/index.php\/wp-json\/wp\/v2\/categories?post=111073"},{"taxonomy":"post_tag","embeddable":true,"href":"https:\/\/rdnews.al\/index.php\/wp-json\/wp\/v2\/tags?post=111073"}],"curies":[{"name":"wp","href":"https:\/\/api.w.org\/{rel}","templated":true}]}}