{"id":111118,"date":"2025-04-21T08:50:20","date_gmt":"2025-04-21T08:50:20","guid":{"rendered":"https:\/\/rdnews.al\/?p=111118"},"modified":"2025-04-21T09:02:42","modified_gmt":"2025-04-21T09:02:42","slug":"te-paraburgosurit-e-pershendesin-berishen-me-dy-gishta-pas-daljes-nga-spak-reagimi-kryetarit-te-pd","status":"publish","type":"post","link":"https:\/\/rdnews.al\/index.php\/2025\/04\/21\/te-paraburgosurit-e-pershendesin-berishen-me-dy-gishta-pas-daljes-nga-spak-reagimi-kryetarit-te-pd\/","title":{"rendered":"Pas daljes nga SPAK, t\u00eb paraburgosurit e p\u00ebrsh\u00ebndesin Berish\u00ebn me dy gishta! Reagimi kryetarit t\u00eb PD"},"content":{"rendered":"<p>N\u00eb dalje nga SPAK, kryetari i PD, Sali Berisha u p\u00ebrsh\u00ebndetet me dy gishta nga t\u00eb paraburgosurit. Berisha tha n\u00eb nj\u00eb komunikim p\u00ebr mediat se, i garantoj se ato dit\u00eb burgu q\u00eb b\u00ebjn\u00eb pa merit\u00eb, do u shp\u00ebrblehen me rrogat e qeveritar\u00ebve.<\/p>\n<p>\u201cMesazhi im \u00ebsht\u00eb ky, Shqip\u00ebria \u00ebsht\u00eb njolla e zez\u00eb e turpit n\u00eb Evrop\u00eb dhe nga m\u00eb t\u00eb zezat n\u00eb bot\u00eb.<\/p>\n<p>Sepse Shqip\u00ebria mban n\u00eb burgje 67 p\u00ebr qind t\u00eb t\u00eb gjith\u00eb popullat\u00ebs s\u00eb burgjeve \u00ebsht\u00eb n\u00eb paraburgim dhe nuk ka d\u00ebshmi m\u00eb madhore torture se sa kjo.<\/p>\n<p>N\u00eb k\u00ebt\u00eb vend ka pushuar s\u00eb funksionuari prezumimi i pafaj\u00ebsis\u00eb, nj\u00eb parim shekullor i drejt\u00ebsis\u00eb.<\/p>\n<p>Ndaj i garantoj se ato dit\u00eb burgu q\u00eb b\u00ebjn\u00eb pa merit\u00eb, do u shp\u00ebrblehen me rrogat e qeveritar\u00ebve q\u00eb i kan\u00eb mbajtur.<\/p>\n<p>\u00cbsht\u00eb nj\u00eb krim.<\/p>\n<p>Dhe duhet ta din\u00eb se un\u00eb n\u00eb K\u00ebshillin e Europ\u00ebs, kam b\u00ebr\u00eb nj\u00eb takim shum\u00eb t\u00eb frytsh\u00ebm me komitetin antitortur\u00eb, n\u00eb t\u00eb cilin kan\u00eb qen\u00eb dy \u00e7\u00ebshtje kryesore.<\/p>\n<p>Ka qen\u00eb tortura q\u00eb i b\u00ebn\u00eb ish-presidentit, ish-kryeministrit, ish-kryetarit t\u00eb parlamentit, Ilir Meta dhe tortura q\u00eb u b\u00ebjn\u00eb 67 p\u00ebrqind e t\u00eb paraburgosurve, nj\u00eb e treta e t\u00eb cil\u00ebve jan\u00eb pa asnj\u00eb akuz\u00eb. 500 prej tyre jan\u00eb t\u00eb s\u00ebmur\u00eb.<\/p>\n<p>Pra \u00ebsht\u00eb nj\u00eb gjendje katastrofale p\u00ebr t\u00eb cil\u00ebn k\u00ebta meritojn\u00eb, dhe un\u00eb kam besim shum\u00eb t\u00eb madh&#8230;<\/p>\n<p>Komiteti i Antitortur\u00ebs n\u00eb K\u00ebshillin e Evrop\u00ebs \u00ebsht\u00eb nj\u00eb institucion jasht\u00ebzakonisht serioz dhe kam besim q\u00eb ky komitet do b\u00ebj\u00eb avokatin\u00eb e t\u00eb gjith\u00eb atyre q\u00eb u shkelmohen t\u00eb drejtat n\u00eb burgjet shqiptare.<\/p>\n<p>Se p\u00ebr k\u00eb do votojn\u00eb, e din\u00eb ata vet\u00eb, por ne themi, t\u00eb votosh p\u00ebr xhelatin t\u00ebnd, \u00ebsht\u00eb problem\u201d, tha Berisha.<\/p>\n","protected":false},"excerpt":{"rendered":"<p>N\u00eb dalje nga SPAK, kryetari i PD, Sali Berisha u p\u00ebrsh\u00ebndetet me dy gishta nga t\u00eb paraburgosurit. Berisha tha n\u00eb nj\u00eb komunikim p\u00ebr mediat se, i garantoj se ato dit\u00eb burgu q\u00eb b\u00ebjn\u00eb pa merit\u00eb, do u shp\u00ebrblehen me rrogat e qeveritar\u00ebve. \u201cMesazhi im \u00ebsht\u00eb ky, Shqip\u00ebria \u00ebsht\u00eb njolla e zez\u00eb e turpit n\u00eb Evrop\u00eb &hellip;<\/p>\n","protected":false},"author":4,"featured_media":111115,"comment_status":"closed","ping_status":"closed","sticky":false,"template":"","format":"standard","meta":{"footnotes":""},"categories":[37],"tags":[],"class_list":["post-111118","post","type-post","status-publish","format-standard","has-post-thumbnail","","category-politike"],"_links":{"self":[{"href":"https:\/\/rdnews.al\/index.php\/wp-json\/wp\/v2\/posts\/111118","targetHints":{"allow":["GET"]}}],"collection":[{"href":"https:\/\/rdnews.al\/index.php\/wp-json\/wp\/v2\/posts"}],"about":[{"href":"https:\/\/rdnews.al\/index.php\/wp-json\/wp\/v2\/types\/post"}],"author":[{"embeddable":true,"href":"https:\/\/rdnews.al\/index.php\/wp-json\/wp\/v2\/users\/4"}],"replies":[{"embeddable":true,"href":"https:\/\/rdnews.al\/index.php\/wp-json\/wp\/v2\/comments?post=111118"}],"version-history":[{"count":2,"href":"https:\/\/rdnews.al\/index.php\/wp-json\/wp\/v2\/posts\/111118\/revisions"}],"predecessor-version":[{"id":111120,"href":"https:\/\/rdnews.al\/index.php\/wp-json\/wp\/v2\/posts\/111118\/revisions\/111120"}],"wp:featuredmedia":[{"embeddable":true,"href":"https:\/\/rdnews.al\/index.php\/wp-json\/wp\/v2\/media\/111115"}],"wp:attachment":[{"href":"https:\/\/rdnews.al\/index.php\/wp-json\/wp\/v2\/media?parent=111118"}],"wp:term":[{"taxonomy":"category","embeddable":true,"href":"https:\/\/rdnews.al\/index.php\/wp-json\/wp\/v2\/categories?post=111118"},{"taxonomy":"post_tag","embeddable":true,"href":"https:\/\/rdnews.al\/index.php\/wp-json\/wp\/v2\/tags?post=111118"}],"curies":[{"name":"wp","href":"https:\/\/api.w.org\/{rel}","templated":true}]}}