{"id":111159,"date":"2025-04-21T11:14:07","date_gmt":"2025-04-21T11:14:07","guid":{"rendered":"https:\/\/rdnews.al\/?p=111159"},"modified":"2025-04-21T11:14:07","modified_gmt":"2025-04-21T11:14:07","slug":"berisha-asnje-vote-per-partite-qe-rrahin-gjoksin-si-opozite-e-opozites-ata-jane-patericat-e-edi-rames","status":"publish","type":"post","link":"https:\/\/rdnews.al\/index.php\/2025\/04\/21\/berisha-asnje-vote-per-partite-qe-rrahin-gjoksin-si-opozite-e-opozites-ata-jane-patericat-e-edi-rames\/","title":{"rendered":"Berisha: Asnj\u00eb vot\u00eb p\u00ebr partit\u00eb q\u00eb rrahin gjoksin si opozit\u00eb e opozit\u00ebs! Ata jan\u00eb patericat e Edi Ram\u00ebs!"},"content":{"rendered":"<p>Kryetari i PD, Sali Berisha u ka b\u00ebr\u00eb thirrje qytetar\u00ebve pukian\u00eb t\u00eb mos hedhin asnj\u00eb vot\u00eb, p\u00ebr ata q\u00eb i cil\u00ebson si \u2018opozit\u00eb t\u00eb opozit\u00ebs\u2019.<\/p>\n<p>Duke folur n\u00eb takimin elektoral n\u00eb Puk\u00eb, ku dhe ka prezantuar kandidat\u00ebt e koalicionit opozitar \u2018Aleanca p\u00ebr Shqip\u00ebrin\u00eb Madh\u00ebshtore\u2019, Berisha tha se \u2018opozita e opozit\u00ebs\u2019 nuk jan\u00eb asgj\u00eb tjet\u00ebr ve\u00e7se, paterica t\u00eb Edi Ram\u00ebs.<\/p>\n<p>Berisha tha se, t\u00eb gjitha votat p\u00ebr veten tuaj, p\u00ebr rrogat tuaja, p\u00ebr pensionet tuaja, p\u00ebr fermat tuaja p\u00ebr f\u00ebmij\u00ebt tuaj, p\u00ebr biznesin tuaj, p\u00ebr Shqip\u00ebrin\u00eb Madh\u00ebshtore.<\/p>\n<p>\u201cMiq, po t\u00eb mos kishte mercenar Dumanin, Erioni do dukej lule n\u00eb krahasim me Edi Ram\u00ebn.<\/p>\n<p>Po, ua them un\u00eb ju, prandaj n\u00eb \u00e7do fjalim, rroft\u00eb e qoft\u00eb Altin Dumani th\u00ebrret.<\/p>\n<p>Po le t\u2019ia l\u00ebm\u00eb ato atij.<\/p>\n<p>Me 11 Maj ndahen dy epoka, ndahen dy morale.<\/p>\n<p>Shikoni si ec\u00ebn, ka qeverisur 12 vite, nuk mbron dot nj\u00eb projekt, nj\u00eb arritje t\u00eb tij, sepse \u00e7do arritje e ka t\u00eb nxir\u00eb me vjedhje.<\/p>\n<p>Sepse n\u00eb tunelin e Llogaras\u00eb, me fakte, u vodh\u00ebn 60 milion\u00eb euro.<\/p>\n<p>Sepse rruga q\u00eb n\u00eb Kroaci nd\u00ebrtohet me 1.6 milion\u00eb euro, n\u00eb Shqip\u00ebri, Rruga e Arbrit nd\u00ebrtohet me 11 milion\u00eb euro.<\/p>\n<p>Sepse Unaza e Tiran\u00ebs, 13 kilometra, ndahet n\u00eb 14 kontrata, p\u00ebr t\u00eb vjedhur 14 her\u00eb dhe nd\u00ebrtohet me 17 milion\u00eb euro kilometri.<\/p>\n<p>Pra p\u00ebr t\u00eb mbuluar t\u00eb gjitha \u00ebkto kalon dhe k\u00ebrkon ta b\u00ebj\u00eb parodi fushat\u00ebn elektorale.<\/p>\n<p>Mendon se duke u hedhur shashka t\u00eb tilla t\u00eb turpshme shqiptar\u00ebve, do mund t\u2019i mashtroj\u00eb.<\/p>\n<p>Nuk u thot\u00eb asgj\u00eb, u p\u00ebrmend vet\u00ebm pasaport\u00ebn evropiane, t\u00eb cil\u00ebn ai nuk e arrin kurr\u00eb.<\/p>\n<p>Nuk shkohet n\u00eb Europ\u00eb me kriminel\u00eb si Edi Rama, Taulant Balla, Lubi Balluku, nuk shkohet n\u00eb Europ\u00eb me k\u00ebta.<\/p>\n<p>N\u00eb Europ\u00eb shkohet me vendosjen e shtetit ligjor, me vendosjen e bandave para ligjit.<\/p>\n<p>Nuk shkohet n\u00eb Europ\u00eb me Safet Bajrin, me Vis Poj\u00ebn apo bandat e Elbasanit, etj.<\/p>\n<p>Shkohet me to kur t\u2019i vendos\u00ebsh para ligjit.<\/p>\n<p>Dhe ua them prap\u00eb n\u00eb Puk\u00eb se jav\u00ebn e par\u00eb t\u00eb majit do shpallen grupe terroriste.<\/p>\n<p>Puka Madh\u00ebshtore \u00ebsht\u00eb Puka, nj\u00eb rreth me prodhime t\u00eb jasht\u00ebzakonshme energjie.<\/p>\n<p>Kaskada \u00ebsht\u00eb e Puk\u00ebs. Por tre her\u00eb m\u00eb shum\u00eb se kaskada, Puka mund t\u00eb prodhoj\u00eb sipas studimeve shkencore, mund t\u00eb prodhoj\u00eb me turbinat e er\u00ebs nga Sh\u00ebmria gjer n\u00eb Va t\u00eb Dej\u00ebs.<\/p>\n<p>Dy her\u00eb m\u00eb shum\u00eb se kaskada mund t\u00eb prodhoj\u00eb me t\u00eb gjitha \u00e7atit\u00eb e pukjan\u00ebve t\u00eb mbuluara me panele fotovoltaike me financim t\u00eb shtetit.<\/p>\n<p>Pra, ne do i shnd\u00ebrrojm\u00eb n\u00eb pasuri p\u00ebr qytetar\u00ebt gjith\u00e7ka q\u00eb natyra, Zoti i ka dh\u00ebn\u00eb Puk\u00ebs dhe Shqip\u00ebris\u00eb.<\/p>\n<p>Ndaj miqt\u00eb e mi, 11 Maji \u00ebsht\u00eb dita juaj, \u00ebsht\u00eb ora juaj.<\/p>\n<p>U b\u00ebj thirrje t\u00eb shkoni tek \u00e7do qytetar. Ata q\u00eb nuk i arrini dot, me telefon, me SMS, me \u00e7do m\u00ebnyr\u00eb, t\u2019ua paraqisni k\u00ebt\u00eb program.<\/p>\n<p>Nuk \u00ebsht\u00eb program p\u00ebr nj\u00eb parti, nuk \u00ebsht\u00eb program p\u00ebr Sali Berish\u00ebn, por \u00ebsht\u00eb program p\u00ebr \u00e7do shqiptar.<\/p>\n<p>\u00cbsht\u00eb nj\u00eb program p\u00ebr Shqip\u00ebrin\u00eb sepse p\u00ebr \u00e7do njeri ky program garanton nj\u00eb mund\u00ebsi m\u00eb t\u00eb madhe.<\/p>\n<p>P\u00ebr Shqip\u00ebrin\u00eb nj\u00eb mund\u00ebsi e madhe q\u00eb bijt\u00eb dhe bijat e saj t\u00eb q\u00ebndrojn\u00eb n\u00eb Shqip\u00ebri dhe t\u00eb nd\u00ebrtojn\u00eb \u00ebndrr\u00ebn k\u00ebtu.<\/p>\n<p>P\u00ebr \u00e7do t\u00eb ri ofron mund\u00ebsin\u00eb e nj\u00eb shkollimi n\u00eb shkolla shum\u00eb m\u00eb t\u00eb mira. Hiqet mesatarja, vendoset bursa 200 euro. Kredi pas mbarimit t\u00eb studimeve p\u00ebr strehimin. Pages\u00eb t\u00eb sigurimeve shoq\u00ebrore p\u00ebr \u00e7do t\u00eb ri p\u00ebr pun\u00ebsimin e tyre.<\/p>\n<p>P\u00ebr \u00e7do n\u00ebn\u00eb, p\u00ebr \u00e7do mot\u00ebr, nj\u00eb p\u00ebrpjekje e re e madhe p\u00ebr t\u2019i rikthyer ato n\u00eb piedestalin q\u00eb meritojn\u00eb.<\/p>\n<p>Madh\u00ebshtia e Shqip\u00ebris\u00eb jan\u00eb n\u00ebnat dhe motrat tona, jan\u00eb grat\u00eb tona.<\/p>\n<p>Pukjane t\u00eb men\u00e7ura dhe shqiptare t\u00eb men\u00e7ura, d\u00ebgjojeni se si shkon, kalon nga takimi n\u00eb takim me nj\u00eb gjuh\u00eb q\u00eb nuk po e them m\u00eb, por e dini vet\u00eb ju, n\u00eb t\u00eb cilat p\u00ebrpiqet t\u00eb denigroj\u00eb familjen shqiptare sepse ai mendon se duke denigruar baban\u00eb, prindin, bashk\u00ebshortin, v\u00ebllain, e g\u00ebzon n\u00ebn\u00ebn, motr\u00ebn, bashk\u00ebshorten.<\/p>\n<p>Nuk ka mendje m\u00eb perverse se kjo.<\/p>\n<p>Po ky nuk i ka t\u00eb rast\u00ebsishme k\u00ebto. Ky \u00ebsht\u00eb i atij mentaliteti p\u00ebr t\u00eb cilin edhe fjala n\u00ebn\u00eb dhe baba duhet t\u00eb fshihet.<\/p>\n<p>Ky filloi dhe futi n\u00eb tekstet shkollore Prindi 1 dhe Prindi 2.<\/p>\n<p>Ky solli n\u00eb parlament ligjin e fermave t\u00eb grave. Q\u00eb do t\u00eb thot\u00eb lindin f\u00ebmij\u00ebt e askujt.<\/p>\n<p>Dhe ky tani si p\u00ebr t\u00eb shkelmuar familjen, ajo thot\u00eb, ajo q\u00eb u nda, \u00ebsht\u00eb e duhura p\u00ebr ne. Por bashkimi dhe ndarja jan\u00eb akte t\u00eb liris\u00eb s\u00eb njeriut, po ajo q\u00eb ne e kemi t\u00eb shenjt\u00eb, ajo q\u00eb ne e kemi djepin ton\u00eb t\u00eb sukseseve, t\u00eb jet\u00ebs dhe \u00e7do gj\u00ebje \u00ebsht\u00eb familja.<\/p>\n<p>Sigurisht q\u00eb \u00ebsht\u00eb familja.<\/p>\n<p>At\u00eb thirrje t\u00eb tij nuk e pranon asnj\u00eb burr\u00eb, asnj\u00eb grua.<\/p>\n<p>Po ky njeri, i kapur keq nga ato q\u00eb ka kryer, p\u00ebrpiqet dhe flet \u00e7do gj\u00eb n\u00eb m\u00ebnyr\u00eb q\u00eb t\u00eb mund t\u00eb mashtroj\u00eb dhe t\u00eb marr\u00eb ndonj\u00eb vot\u00eb.<\/p>\n<p>Jam i bindur q\u00eb n\u00ebnat, motrat, grat\u00eb shqiptare do i japin atij m\u00eb 11 maj at\u00eb q\u00eb meriton m\u00eb shum\u00eb se kushdo tjet\u00ebr.<\/p>\n<p>Dhe un\u00eb i garantoj ato se do b\u00ebjm\u00eb gjith\u00e7ka q\u00eb f\u00ebmij\u00ebt e tyre t\u00eb mos largohen nga Shqip\u00ebria.<\/p>\n<p>Do b\u00ebjm\u00eb gjith\u00e7ka q\u00eb f\u00ebmij\u00ebt e tyre t\u00eb rriten t\u00eb sh\u00ebndetsh\u00ebm.<\/p>\n<p>Do paguajm\u00eb 70 euro p\u00ebr f\u00ebmij\u00ebn e par\u00eb.<\/p>\n<p>Do paguajm\u00eb 60 euro p\u00ebr f\u00ebmij\u00ebn e dyt\u00eb.<\/p>\n<p>Do paguajm\u00eb nga lindja gjer 23 vje\u00e7 p\u00ebr f\u00ebmij\u00ebn e tret\u00eb nga shteti.<\/p>\n<p>Po kur dje m\u00eb pyeti nj\u00eb qytetar, Sali, po me kat\u00ebr f\u00ebmij\u00eb \u00e7\u2019do b\u00ebsh? Kat\u00ebr f\u00ebmij\u00eb, do paguhet edhe i kat\u00ebrti, edhe i pesti, nga lindja gjer 23 vje\u00e7.<\/p>\n<p>Asnj\u00eb vot\u00eb p\u00ebr partit\u00eb q\u00eb rrahin gjoksin si opozit\u00eb e opozit\u00ebs. Ata jan\u00eb patericat e Edi Ram\u00ebs.<\/p>\n<p>A e pat\u00eb se \u00e7far\u00eb ndodhi n\u00eb Lezh\u00eb, dy kandidat\u00eb p\u00ebr deputet\u00eb t\u00eb Doshit u t\u00ebrhoq\u00ebn, i t\u00ebrhoqi Rama. I t\u00ebrhoqi Ulsiu. E thirri Doshin n\u00eb SPAK, t\u00ebrhoqi ose do vazhdojm\u00eb, Doshi urdh\u00ebr atyre p\u00ebr t\u2019u t\u00ebrhequr.<\/p>\n<p>Kurse k\u00ebta t\u00eb tjerat i ftova, ta dini. Secili prej jush ta dij\u00eb, kam dal\u00eb mbi veten, kam dal\u00eb p\u00ebr interesat tuaj, i kam ftuar secilin t\u00eb bashkohemi.<\/p>\n<p>Jo, than\u00eb, se ne jemi opozit\u00eb e opozit\u00ebs. Pra jan\u00eb pateric\u00eb e Edi Ram\u00ebs.<\/p>\n<p>Asnj\u00eb vot\u00eb p\u00ebr ta.<\/p>\n<p>T\u00eb gjitha votat p\u00ebr Aleanc\u00ebn e Shqip\u00ebris\u00eb Madh\u00ebshtore.<\/p>\n<p>T\u00eb gjitha votat p\u00ebr veten tuaj, p\u00ebr rrogat tuaja, p\u00ebr pensionet tuaja, p\u00ebr fermat tuaja p\u00ebr f\u00ebmij\u00ebt tuaj, p\u00ebr biznesin tuaj, p\u00ebr Shqip\u00ebrin\u00eb Madh\u00ebshtore\u201d, u shpreh Berisha.<\/p>\n","protected":false},"excerpt":{"rendered":"<p>Kryetari i PD, Sali Berisha u ka b\u00ebr\u00eb thirrje qytetar\u00ebve pukian\u00eb t\u00eb mos hedhin asnj\u00eb vot\u00eb, p\u00ebr ata q\u00eb i cil\u00ebson si \u2018opozit\u00eb t\u00eb opozit\u00ebs\u2019. Duke folur n\u00eb takimin elektoral n\u00eb Puk\u00eb, ku dhe ka prezantuar kandidat\u00ebt e koalicionit opozitar \u2018Aleanca p\u00ebr Shqip\u00ebrin\u00eb Madh\u00ebshtore\u2019, Berisha tha se \u2018opozita e opozit\u00ebs\u2019 nuk jan\u00eb asgj\u00eb tjet\u00ebr ve\u00e7se, &hellip;<\/p>\n","protected":false},"author":4,"featured_media":111144,"comment_status":"closed","ping_status":"closed","sticky":false,"template":"","format":"standard","meta":{"footnotes":""},"categories":[37],"tags":[],"class_list":["post-111159","post","type-post","status-publish","format-standard","has-post-thumbnail","","category-politike"],"_links":{"self":[{"href":"https:\/\/rdnews.al\/index.php\/wp-json\/wp\/v2\/posts\/111159","targetHints":{"allow":["GET"]}}],"collection":[{"href":"https:\/\/rdnews.al\/index.php\/wp-json\/wp\/v2\/posts"}],"about":[{"href":"https:\/\/rdnews.al\/index.php\/wp-json\/wp\/v2\/types\/post"}],"author":[{"embeddable":true,"href":"https:\/\/rdnews.al\/index.php\/wp-json\/wp\/v2\/users\/4"}],"replies":[{"embeddable":true,"href":"https:\/\/rdnews.al\/index.php\/wp-json\/wp\/v2\/comments?post=111159"}],"version-history":[{"count":1,"href":"https:\/\/rdnews.al\/index.php\/wp-json\/wp\/v2\/posts\/111159\/revisions"}],"predecessor-version":[{"id":111160,"href":"https:\/\/rdnews.al\/index.php\/wp-json\/wp\/v2\/posts\/111159\/revisions\/111160"}],"wp:featuredmedia":[{"embeddable":true,"href":"https:\/\/rdnews.al\/index.php\/wp-json\/wp\/v2\/media\/111144"}],"wp:attachment":[{"href":"https:\/\/rdnews.al\/index.php\/wp-json\/wp\/v2\/media?parent=111159"}],"wp:term":[{"taxonomy":"category","embeddable":true,"href":"https:\/\/rdnews.al\/index.php\/wp-json\/wp\/v2\/categories?post=111159"},{"taxonomy":"post_tag","embeddable":true,"href":"https:\/\/rdnews.al\/index.php\/wp-json\/wp\/v2\/tags?post=111159"}],"curies":[{"name":"wp","href":"https:\/\/api.w.org\/{rel}","templated":true}]}}