{"id":111166,"date":"2025-04-21T11:55:43","date_gmt":"2025-04-21T11:55:43","guid":{"rendered":"https:\/\/rdnews.al\/?p=111166"},"modified":"2025-04-21T11:55:43","modified_gmt":"2025-04-21T11:55:43","slug":"doris-pack-i-kerkon-be-se-te-reagoje-ndaj-deklaratave-te-edi-rames","status":"publish","type":"post","link":"https:\/\/rdnews.al\/index.php\/2025\/04\/21\/doris-pack-i-kerkon-be-se-te-reagoje-ndaj-deklaratave-te-edi-rames\/","title":{"rendered":"Doris Pack i k\u00ebrkon BE-s\u00eb t\u00eb reagoj\u00eb ndaj deklaratave t\u00eb Edi Ram\u00ebs"},"content":{"rendered":"<p>Presidentja e EPP Women dhe ish-deputetja e Parlamentit Europian, Doris Pack, ka reaguar e shqet\u00ebsuar nga deklaratat e kryeministrit shqiptar Edi Rama.<\/p>\n<p>Doris Pack ka shp\u00ebrndar\u00eb n\u00eb rrjetin X nj\u00eb video t\u00eb Ram\u00ebs i cili u drejtohet qytetar\u00ebve q\u00eb t\u00eb mos dalin nga sht\u00ebpia m\u00eb 11 Maj n\u00ebse nuk ia japin vot\u00ebn PS-s\u00eb.<\/p>\n<p>Pack i b\u00ebn thirrje BE-s\u00eb t\u00eb reagoj\u00eb p\u00ebr komentet shqet\u00ebsuese t\u00eb kryeministrit shqiptar pak dit\u00eb para zgjedhjeve parlamentare.<\/p>\n<p>\u201cKryeministri shqiptar, Edi Rama ka l\u00ebshuar mesazhe shqet\u00ebsuese publike: \u201cN\u00ebse nuk m\u00eb votoni, mos dilni fare nga sht\u00ebpia\u201d!<\/p>\n<p>Ndonj\u00eb reagim i BE-s\u00eb?\u201d,\u00a0shkruan Doris Pack.<\/p>\n<div class=\"twitter-tweet twitter-tweet-rendered\"><iframe id=\"twitter-widget-0\" class=\"\" title=\"X Post\" src=\"https:\/\/platform.twitter.com\/embed\/Tweet.html?creatorScreenName=AlBoldnews&amp;dnt=false&amp;embedId=twitter-widget-0&amp;features=eyJ0ZndfdGltZWxpbmVfbGlzdCI6eyJidWNrZXQiOltdLCJ2ZXJzaW9uIjpudWxsfSwidGZ3X2ZvbGxvd2VyX2NvdW50X3N1bnNldCI6eyJidWNrZXQiOnRydWUsInZlcnNpb24iOm51bGx9LCJ0ZndfdHdlZXRfZWRpdF9iYWNrZW5kIjp7ImJ1Y2tldCI6Im9uIiwidmVyc2lvbiI6bnVsbH0sInRmd19yZWZzcmNfc2Vzc2lvbiI6eyJidWNrZXQiOiJvbiIsInZlcnNpb24iOm51bGx9LCJ0ZndfZm9zbnJfc29mdF9pbnRlcnZlbnRpb25zX2VuYWJsZWQiOnsiYnVja2V0Ijoib24iLCJ2ZXJzaW9uIjpudWxsfSwidGZ3X21peGVkX21lZGlhXzE1ODk3Ijp7ImJ1Y2tldCI6InRyZWF0bWVudCIsInZlcnNpb24iOm51bGx9LCJ0ZndfZXhwZXJpbWVudHNfY29va2llX2V4cGlyYXRpb24iOnsiYnVja2V0IjoxMjA5NjAwLCJ2ZXJzaW9uIjpudWxsfSwidGZ3X3Nob3dfYmlyZHdhdGNoX3Bpdm90c19lbmFibGVkIjp7ImJ1Y2tldCI6Im9uIiwidmVyc2lvbiI6bnVsbH0sInRmd19kdXBsaWNhdGVfc2NyaWJlc190b19zZXR0aW5ncyI6eyJidWNrZXQiOiJvbiIsInZlcnNpb24iOm51bGx9LCJ0ZndfdXNlX3Byb2ZpbGVfaW1hZ2Vfc2hhcGVfZW5hYmxlZCI6eyJidWNrZXQiOiJvbiIsInZlcnNpb24iOm51bGx9LCJ0ZndfdmlkZW9faGxzX2R5bmFtaWNfbWFuaWZlc3RzXzE1MDgyIjp7ImJ1Y2tldCI6InRydWVfYml0cmF0ZSIsInZlcnNpb24iOm51bGx9LCJ0ZndfbGVnYWN5X3RpbWVsaW5lX3N1bnNldCI6eyJidWNrZXQiOnRydWUsInZlcnNpb24iOm51bGx9LCJ0ZndfdHdlZXRfZWRpdF9mcm9udGVuZCI6eyJidWNrZXQiOiJvbiIsInZlcnNpb24iOm51bGx9fQ%3D%3D&amp;frame=false&amp;hideCard=false&amp;hideThread=false&amp;id=1914275355415675341&amp;lang=en&amp;origin=https%3A%2F%2Fboldnews.al%2F2025%2F04%2F21%2F11-maji-doris-pack-e-shqetesuar-nga-deklaratat-e-edi-rames-i-kerkon-be-se-te-reagoje%2F&amp;sessionId=a2db3b6c544a9a5b5dde7ad64746a6d04e9bc990&amp;siteScreenName=AlBoldnews&amp;theme=light&amp;widgetsVersion=2615f7e52b7e0%3A1702314776716&amp;width=550px\" frameborder=\"0\" scrolling=\"no\" allowfullscreen=\"allowfullscreen\" data-tweet-id=\"1914275355415675341\" data-mce-fragment=\"1\"><\/iframe><\/div>\n<p>&nbsp;<\/p>\n<div class=\"twitter-tweet twitter-tweet-rendered\"><iframe id=\"twitter-widget-1\" class=\"\" title=\"X Post\" src=\"https:\/\/platform.twitter.com\/embed\/Tweet.html?creatorScreenName=AlBoldnews&amp;dnt=false&amp;embedId=twitter-widget-1&amp;features=eyJ0ZndfdGltZWxpbmVfbGlzdCI6eyJidWNrZXQiOltdLCJ2ZXJzaW9uIjpudWxsfSwidGZ3X2ZvbGxvd2VyX2NvdW50X3N1bnNldCI6eyJidWNrZXQiOnRydWUsInZlcnNpb24iOm51bGx9LCJ0ZndfdHdlZXRfZWRpdF9iYWNrZW5kIjp7ImJ1Y2tldCI6Im9uIiwidmVyc2lvbiI6bnVsbH0sInRmd19yZWZzcmNfc2Vzc2lvbiI6eyJidWNrZXQiOiJvbiIsInZlcnNpb24iOm51bGx9LCJ0ZndfZm9zbnJfc29mdF9pbnRlcnZlbnRpb25zX2VuYWJsZWQiOnsiYnVja2V0Ijoib24iLCJ2ZXJzaW9uIjpudWxsfSwidGZ3X21peGVkX21lZGlhXzE1ODk3Ijp7ImJ1Y2tldCI6InRyZWF0bWVudCIsInZlcnNpb24iOm51bGx9LCJ0ZndfZXhwZXJpbWVudHNfY29va2llX2V4cGlyYXRpb24iOnsiYnVja2V0IjoxMjA5NjAwLCJ2ZXJzaW9uIjpudWxsfSwidGZ3X3Nob3dfYmlyZHdhdGNoX3Bpdm90c19lbmFibGVkIjp7ImJ1Y2tldCI6Im9uIiwidmVyc2lvbiI6bnVsbH0sInRmd19kdXBsaWNhdGVfc2NyaWJlc190b19zZXR0aW5ncyI6eyJidWNrZXQiOiJvbiIsInZlcnNpb24iOm51bGx9LCJ0ZndfdXNlX3Byb2ZpbGVfaW1hZ2Vfc2hhcGVfZW5hYmxlZCI6eyJidWNrZXQiOiJvbiIsInZlcnNpb24iOm51bGx9LCJ0ZndfdmlkZW9faGxzX2R5bmFtaWNfbWFuaWZlc3RzXzE1MDgyIjp7ImJ1Y2tldCI6InRydWVfYml0cmF0ZSIsInZlcnNpb24iOm51bGx9LCJ0ZndfbGVnYWN5X3RpbWVsaW5lX3N1bnNldCI6eyJidWNrZXQiOnRydWUsInZlcnNpb24iOm51bGx9LCJ0ZndfdHdlZXRfZWRpdF9mcm9udGVuZCI6eyJidWNrZXQiOiJvbiIsInZlcnNpb24iOm51bGx9fQ%3D%3D&amp;frame=false&amp;hideCard=false&amp;hideThread=false&amp;id=1914279266339930264&amp;lang=en&amp;maxWidth=560px&amp;origin=https%3A%2F%2Fboldnews.al%2F2025%2F04%2F21%2F11-maji-doris-pack-e-shqetesuar-nga-deklaratat-e-edi-rames-i-kerkon-be-se-te-reagoje%2F&amp;sessionId=a2db3b6c544a9a5b5dde7ad64746a6d04e9bc990&amp;siteScreenName=AlBoldnews&amp;theme=light&amp;widgetsVersion=2615f7e52b7e0%3A1702314776716&amp;width=550px\" frameborder=\"0\" scrolling=\"no\" allowfullscreen=\"allowfullscreen\" data-tweet-id=\"1914279266339930264\" data-mce-fragment=\"1\"><\/iframe><\/div>\n<div class=\"jeg_post_tags\"><\/div>\n","protected":false},"excerpt":{"rendered":"<p>Presidentja e EPP Women dhe ish-deputetja e Parlamentit Europian, Doris Pack, ka reaguar e shqet\u00ebsuar nga deklaratat e kryeministrit shqiptar Edi Rama. Doris Pack ka shp\u00ebrndar\u00eb n\u00eb rrjetin X nj\u00eb video t\u00eb Ram\u00ebs i cili u drejtohet qytetar\u00ebve q\u00eb t\u00eb mos dalin nga sht\u00ebpia m\u00eb 11 Maj n\u00ebse nuk ia japin vot\u00ebn PS-s\u00eb. Pack i &hellip;<\/p>\n","protected":false},"author":4,"featured_media":5259,"comment_status":"closed","ping_status":"closed","sticky":false,"template":"","format":"standard","meta":{"footnotes":""},"categories":[37],"tags":[],"class_list":["post-111166","post","type-post","status-publish","format-standard","has-post-thumbnail","","category-politike"],"_links":{"self":[{"href":"https:\/\/rdnews.al\/index.php\/wp-json\/wp\/v2\/posts\/111166","targetHints":{"allow":["GET"]}}],"collection":[{"href":"https:\/\/rdnews.al\/index.php\/wp-json\/wp\/v2\/posts"}],"about":[{"href":"https:\/\/rdnews.al\/index.php\/wp-json\/wp\/v2\/types\/post"}],"author":[{"embeddable":true,"href":"https:\/\/rdnews.al\/index.php\/wp-json\/wp\/v2\/users\/4"}],"replies":[{"embeddable":true,"href":"https:\/\/rdnews.al\/index.php\/wp-json\/wp\/v2\/comments?post=111166"}],"version-history":[{"count":1,"href":"https:\/\/rdnews.al\/index.php\/wp-json\/wp\/v2\/posts\/111166\/revisions"}],"predecessor-version":[{"id":111167,"href":"https:\/\/rdnews.al\/index.php\/wp-json\/wp\/v2\/posts\/111166\/revisions\/111167"}],"wp:featuredmedia":[{"embeddable":true,"href":"https:\/\/rdnews.al\/index.php\/wp-json\/wp\/v2\/media\/5259"}],"wp:attachment":[{"href":"https:\/\/rdnews.al\/index.php\/wp-json\/wp\/v2\/media?parent=111166"}],"wp:term":[{"taxonomy":"category","embeddable":true,"href":"https:\/\/rdnews.al\/index.php\/wp-json\/wp\/v2\/categories?post=111166"},{"taxonomy":"post_tag","embeddable":true,"href":"https:\/\/rdnews.al\/index.php\/wp-json\/wp\/v2\/tags?post=111166"}],"curies":[{"name":"wp","href":"https:\/\/api.w.org\/{rel}","templated":true}]}}