{"id":111168,"date":"2025-04-21T12:27:03","date_gmt":"2025-04-21T12:27:03","guid":{"rendered":"https:\/\/rdnews.al\/?p=111168"},"modified":"2025-04-21T12:27:03","modified_gmt":"2025-04-21T12:27:03","slug":"une-jam-ilir-vrenozi-ai-qe-ha-terhana-e-fasule-por-rama-nuk-me-blen-dot-mua-si-lulin","status":"publish","type":"post","link":"https:\/\/rdnews.al\/index.php\/2025\/04\/21\/une-jam-ilir-vrenozi-ai-qe-ha-terhana-e-fasule-por-rama-nuk-me-blen-dot-mua-si-lulin\/","title":{"rendered":"Un\u00eb jam Ilir Vrenozi, ai q\u00eb ha t\u00ebrhana e fasule, por Rama nuk m\u00eb blen dot mua si Lulin"},"content":{"rendered":"<div class=\"x11i5rnm xat24cr x1mh8g0r x1vvkbs xtlvy1s x126k92a\">\n<div dir=\"auto\"><strong>Ilir VRENOZI<\/strong><\/div>\n<div dir=\"auto\"><\/div>\n<div dir=\"auto\">Per te gjithe ata qe me thone , pse e refuzove kafen me Ramen, pse e humb mundesine te futesh femijet ne punera te mira e te tjera e te tjera&#8230; ju them qe kjo qe po ben Rama keto dy dite , eshte ti mbyll gojen nj\u00eb opozitari me te qeshme me te ngjeshme, e ta perdore ne fushate, qe une kundeshtaret i ble si dele , ja dhe &#8220;opozitarin &#8221; me te famshem ja u morra, gje qe nuk do ndodhe kurre&#8230;<\/div>\n<div dir=\"auto\"><\/div>\n<\/div>\n<div class=\"x11i5rnm xat24cr x1mh8g0r x1vvkbs xtlvy1s x126k92a\">\n<div dir=\"auto\">Vrenozi nuk genjehet kurre me nje &#8220;karamele imagjinare &#8221; mua s&#8221;m\u00eb ben burre e te pasur paraja ,sinqerisht po, sidomos paraja e Rilindasve! Degjoni ketu, o Miqte e mi, ka gjera qe nuk shiten kurre ne jet\u00eb, dhe nje nder to eshte karakteri e burreria.<\/div>\n<div dir=\"auto\"><\/div>\n<\/div>\n<div class=\"x11i5rnm xat24cr x1mh8g0r x1vvkbs xtlvy1s x126k92a\">\n<div dir=\"auto\">Ti o i gjate, ke blere ministra deputete kryetare Bashkie, opozitare deri dhe drejtorin e FBI-se, dhe mendove qe Vrenozin e varfer do e kesh thjeshte nje karamele , e do ta rrezoje me nje ftese kafeje, une mund te jem me i varferi nga te gjithe keta qe ke peshkuar ti, por Paraja o i gjate smund ti blej dot te gjith\u00eb, sidomos mua qe e kam shpirtin dhe ndergjegjen e paster dhe ky karakter me ka mbajtur deri tani, Ke vite qe ble njerez Opozitare e jo vetem, se nuk kane burreri ata shesin dhe gruan dhe motren per para se kane problem, mua nuk me ble dot , une nuk e shes Nderin, Familjen Atdheun kurre per Para ! Ta di qe do ha terhana e fasule gjithe jeten, por ama do jem i paster ne shpirt e zemer , une nuk di te tradhtoj , jam Unikal ne kete fush\u00eb, une kam 28 vjet martuar nuk e kam tradhetuar kurre gruan time, asnjehere te vetme, i kam ndenjur besnik parimeve te mija, Zoti me vrafte ne genjej, per shpirt te nenes, kurse ti se ke problem se i ke ndare nja 4 a pese gra, une nuk di cfare eshte tradhetia se kam perdorur kurre ne asnje fushe te jetes kurre &#8230;<\/div>\n<div dir=\"auto\"><\/div>\n<\/div>\n<div class=\"x11i5rnm xat24cr x1mh8g0r x1vvkbs xtlvy1s x126k92a\">\n<div dir=\"auto\">prandaj STOP kesaj telenovele qe kerkon te fillosh me mua, ka dy dite qe kur me morre ne telefon qe nuk ndihem rehat, me ler ne hallet e mija, me ler ne &#8220;varferine&#8221; time te lumtur&#8230; me ler ai Vrenozi qe jam, me ler o burre, mbylle ketu telenovelen qe do te fillosh me mua, nuk jam Lul Basha apo ndonje tjeter, une jam vertet njeri i paster ne shpirt e jam dinjitoz, dhe kam fituar zemrat e mijra demokrateve per kete qe jam, keshtu qe per shpirt te halleve me ler te qete si\u00e7 kam qene para dy ditesh para se te me telefonoje&#8230;.<\/div>\n<div dir=\"auto\"><\/div>\n<\/div>\n<div class=\"x11i5rnm xat24cr x1mh8g0r x1vvkbs xtlvy1s x126k92a\">\n<div dir=\"auto\">Une jam Ilir Vrenozi, ai qe ha terhana e fasule para kameras pa komplekse, me ler te jem ky qe jam&#8230; stop telenoveles me mua , sepse the die sapo ka filluar&#8230; jo jo STOP STOP STOP une kam qene e do jem kundeshtari tend politik, ska shanse te behemi ne te dy miq, mos tento m\u00eb , STOP<\/div>\n<\/div>\n<div class=\"x11i5rnm xat24cr x1mh8g0r x1vvkbs xtlvy1s x126k92a\">\n<div dir=\"auto\"><\/div>\n<\/div>\n","protected":false},"excerpt":{"rendered":"<p>Ilir VRENOZI Per te gjithe ata qe me thone , pse e refuzove kafen me Ramen, pse e humb mundesine te futesh femijet ne punera te mira e te tjera e te tjera&#8230; ju them qe kjo qe po ben Rama keto dy dite , eshte ti mbyll gojen nj\u00eb opozitari me te qeshme me &hellip;<\/p>\n","protected":false},"author":3,"featured_media":111169,"comment_status":"closed","ping_status":"closed","sticky":false,"template":"","format":"standard","meta":{"footnotes":""},"categories":[37],"tags":[],"class_list":["post-111168","post","type-post","status-publish","format-standard","has-post-thumbnail","","category-politike"],"_links":{"self":[{"href":"https:\/\/rdnews.al\/index.php\/wp-json\/wp\/v2\/posts\/111168","targetHints":{"allow":["GET"]}}],"collection":[{"href":"https:\/\/rdnews.al\/index.php\/wp-json\/wp\/v2\/posts"}],"about":[{"href":"https:\/\/rdnews.al\/index.php\/wp-json\/wp\/v2\/types\/post"}],"author":[{"embeddable":true,"href":"https:\/\/rdnews.al\/index.php\/wp-json\/wp\/v2\/users\/3"}],"replies":[{"embeddable":true,"href":"https:\/\/rdnews.al\/index.php\/wp-json\/wp\/v2\/comments?post=111168"}],"version-history":[{"count":1,"href":"https:\/\/rdnews.al\/index.php\/wp-json\/wp\/v2\/posts\/111168\/revisions"}],"predecessor-version":[{"id":111170,"href":"https:\/\/rdnews.al\/index.php\/wp-json\/wp\/v2\/posts\/111168\/revisions\/111170"}],"wp:featuredmedia":[{"embeddable":true,"href":"https:\/\/rdnews.al\/index.php\/wp-json\/wp\/v2\/media\/111169"}],"wp:attachment":[{"href":"https:\/\/rdnews.al\/index.php\/wp-json\/wp\/v2\/media?parent=111168"}],"wp:term":[{"taxonomy":"category","embeddable":true,"href":"https:\/\/rdnews.al\/index.php\/wp-json\/wp\/v2\/categories?post=111168"},{"taxonomy":"post_tag","embeddable":true,"href":"https:\/\/rdnews.al\/index.php\/wp-json\/wp\/v2\/tags?post=111168"}],"curies":[{"name":"wp","href":"https:\/\/api.w.org\/{rel}","templated":true}]}}