{"id":111204,"date":"2025-04-21T18:19:02","date_gmt":"2025-04-21T18:19:02","guid":{"rendered":"https:\/\/rdnews.al\/?p=111204"},"modified":"2025-04-21T20:12:34","modified_gmt":"2025-04-21T20:12:34","slug":"berisha-ne-kukes-i-biri-i-xhelatit-te-havzi-neles-deboi-nga-tirana-dy-jave-me-pare-perfaqesuesit-e-qeverise-se-kosoves","status":"publish","type":"post","link":"https:\/\/rdnews.al\/index.php\/2025\/04\/21\/berisha-ne-kukes-i-biri-i-xhelatit-te-havzi-neles-deboi-nga-tirana-dy-jave-me-pare-perfaqesuesit-e-qeverise-se-kosoves\/","title":{"rendered":"Berisha: I biri i xhelatit t\u00eb Havzi Nel\u00ebs d\u00ebboi nga Tirana dy jav\u00eb m\u00eb par\u00eb p\u00ebrfaq\u00ebsuesit e qeveris\u00eb s\u00eb Kosov\u00ebs"},"content":{"rendered":"<p>Kryetari i PD, Sali Berisha, n\u00eb ceremonin\u00eb e prezantimit t\u00eb kandidat\u00ebve t\u00eb PD-Aleanca p\u00ebr Shqip\u00ebrin\u00eb Madh\u00ebshtore n\u00eb Kuk\u00ebs, akuzoi Edi Ram\u00ebn se para dy jav\u00ebsh ka d\u00ebbuar nga Tirana p\u00ebrfaq\u00ebsuesit e qeveris\u00eb s\u00eb Kosov\u00ebs.<\/p>\n<p>Berisha i kujtoi s\u00ebrish Edi Ram\u00ebs, se babai i tij, Kristaq Rama firmosi varjen n\u00eb litar t\u00eb poetit kuksian, Havzi Nela.<\/p>\n<p>Ai tha se, Havzi Nela kishte me vepr\u00ebn e vet 5 mij\u00eb vargje kushtuar Kosov\u00ebs.<\/p>\n<p>Edi Rama, i biri t\u00eb xhelatit t\u00eb Havzi Nel\u00ebs, p\u00ebrzuri nga Tirana dy jav\u00eb m\u00eb par\u00eb p\u00ebrfaq\u00ebsuesin e qeveris\u00eb s\u00eb Kosov\u00ebs, sepse i vuri nofk\u00ebn e armikut, n\u00eb nj\u00eb koh\u00eb kur SHBA e etiketoi at\u00eb rezolut\u00eb si nj\u00eb let\u00ebr e vdekur e pa kuptim.<\/p>\n<p>\u201cT\u00eb dashur qytetare dhe qytetar\u00eb, banor\u00eb t\u00eb Kuk\u00ebsit, Hasit dhe Tropoj\u00ebs, p\u00ebrsh\u00ebndetjet m\u00eb t\u00eb zjarrta, mir\u00ebnjohjen m\u00eb t\u00eb pakufishme ndaj jush p\u00ebr k\u00ebt\u00eb pritje fantastike.<\/p>\n<p>P\u00ebr k\u00ebt\u00eb mesazh madh\u00ebshtor q\u00eb p\u00ebrcillni sonte n\u00eb mbar\u00eb Shqip\u00ebrin\u00eb, n\u00eb \u00e7do vot\u00ebr, n\u00eb \u00e7do zem\u00ebr shqiptare, mesazhin e shpres\u00ebs, mesazhin e fitores s\u00eb shk\u00eblqyer t\u00eb dat\u00ebs 11 maj<\/p>\n<p>Un\u00eb vij t\u00eb paraqes k\u00ebtu tek ju projektin e Aleanc\u00ebs p\u00ebr Shqip\u00ebrin\u00eb Madh\u00ebshtore, aleanc\u00ebs m\u00eb t\u00eb fuqishme q\u00eb vendi ka njohur gjer sot, q\u00eb grumbullon 25 parti politik\u00eb.<\/p>\n<p>Aleanc\u00eb, e cila me projektin e saj ka vendosur t\u2019i jap\u00eb p\u00ebrgjigjen flak\u00eb p\u00ebr flak\u00eb, m\u00eb t\u00eb vendosur, m\u00eb t\u00eb sigurt, problemeve madhore me t\u00eb cilat p\u00ebrballen sot qytetar\u00ebt shqiptar\u00eb.<\/p>\n<p>\u00cbsht\u00eb e v\u00ebshtir\u00eb q\u00eb n\u00eb koh\u00ebra t\u00eb zymta t\u00eb flas\u00ebsh p\u00ebr madh\u00ebshti, por \u00ebsht\u00eb fatale t\u00eb harrosh madh\u00ebshtin\u00eb mbi t\u00eb cil\u00ebn je ngritur.<\/p>\n<p>Kuk\u00ebsi, Hasi, Tropoja, por edhe mbar\u00eb Shqip\u00ebria, kan\u00eb n\u00eb historin\u00eb e tyre, kan\u00eb n\u00eb trash\u00ebgimin\u00eb e tyre akte nd\u00ebr m\u00eb madh\u00ebshtoret.<\/p>\n<p>Kan\u00eb n\u00eb trash\u00ebgimin\u00eb e tyre pasuri nd\u00ebr m\u00eb p\u00ebrralloret.<\/p>\n<p>Kan\u00eb realisht potenciale nga m\u00eb t\u00eb jasht\u00ebzakonshmet p\u00ebr t\u00eb cilat nuk mund t\u2019i ken\u00eb lakmi askujt.<\/p>\n<p>Pra ky projekt i Shqip\u00ebris\u00eb Madh\u00ebshtore bazohet n\u00eb nj\u00eb trash\u00ebgimi madh\u00ebshtore q\u00eb kemi ne.<\/p>\n<p>Bazohet n\u00eb nj\u00eb pasuri t\u00eb jasht\u00ebzakonshme q\u00eb kemi, n\u00eb potencialet e m\u00ebdha, t\u00eb cilat ne nuk k\u00ebrkojm\u00eb gj\u00eb tjet\u00ebr ve\u00e7se t\u2019i shnd\u00ebrrojm\u00eb n\u00eb t\u00eb mira p\u00ebr qytetar\u00ebt e Kuk\u00ebsit, Hasit, Tropoj\u00ebs dhe Shqip\u00ebris\u00eb.<\/p>\n<p>Miqt\u00eb e mi, k\u00ebt\u00eb projekt ne e nisim me shtetin patriotik, me shtetin patriot.<\/p>\n<p>Shteti patriot \u00ebsht\u00eb shteti i burrave dhe grave q\u00eb e duan dheun e tyre, e duan vendin e tyre.<\/p>\n<p>Burrave dhe grave q\u00eb besojn\u00eb se dashuria p\u00ebr vendin, p\u00ebr dheun e tyre, p\u00ebr Hasin, Kuk\u00ebsin dhe Tropoj\u00ebn, \u00ebsht\u00eb Leva e Arkimedit p\u00ebr t\u00eb shum\u00ebfishuar energjit\u00eb e tyre.<\/p>\n<p>P\u00ebr t\u00eb shum\u00ebfishuar besimin, p\u00ebr t\u00eb b\u00ebr\u00eb t\u00eb mundur, t\u00eb pamundur\u00ebn.<\/p>\n<p>P\u00ebr t\u00eb shnd\u00ebrruar k\u00ebto treva t\u00eb bekuara n\u00eb treva t\u00eb begata p\u00ebr banor\u00ebt e saj.<\/p>\n<p>Miqt\u00eb e mi, askush m\u00eb shtrenjt\u00eb se ju nuk e ka paguar dashurin\u00eb p\u00ebr vendin, p\u00ebr Kuk\u00ebsin, p\u00ebr Hasin, p\u00ebr Tropoj\u00ebn, p\u00ebr Shqip\u00ebrin\u00eb.<\/p>\n<p>Por faktikisht atij \u00e7mimi i detyrojm\u00eb sot ne ekzistenc\u00ebn si komb krenar, komb shqiptar.<\/p>\n<p>Nuk do shkoj t\u00eb ndalem n\u00eb histori t\u00eb shkuara, jo. Por do ndalem vet\u00ebm n\u00eb pranver\u00ebn e vitit 1999, kur ju burrat dhe grat\u00eb e Kuk\u00ebsit, Hasit dhe Tropoj\u00ebs, votrat tuaja u b\u00ebn\u00eb t\u00eb famshme n\u00eb gjith\u00eb bot\u00ebn p\u00ebr bujarin\u00eb. U b\u00ebn\u00eb t\u00eb famshme n\u00eb t\u00eb gjith\u00eb bot\u00ebn dhe b\u00ebn\u00eb t\u00eb d\u00ebshtoj\u00eb n\u00eb rrug\u00ebt, rrugicat e k\u00ebtij qyteti, e k\u00ebtyre fshatrave, t\u00eb k\u00ebtij qarku, projektet ogurzeza t\u00eb Slobodan Milloshevi\u00e7it, i cili mendoi se duke p\u00ebrz\u00ebn\u00eb qindra mij\u00ebra shqiptar\u00eb, do i \u00e7onte ata drejt katastrof\u00ebs. N\u00eb t\u00eb v\u00ebrtet\u00eb ata i \u00e7oi drejt votrave tuaja fisnike dhe i prit\u00ebt si v\u00ebllez\u00ebr n\u00eb nj\u00eb akt sublim bashkimi komb\u00ebtar.<\/p>\n<p>Miq, e par\u00eb n\u00eb k\u00ebt\u00eb k\u00ebnd, Edi Rama \u00ebsht\u00eb po aq armik sa i ati i tij, i Kuk\u00ebsit.<\/p>\n<p>Po aq armik sa i ati i tij q\u00eb firmoste varjen n\u00eb litar t\u00eb birit t\u00eb pavdeksh\u00ebm, poetit t\u00eb madh, heroit t\u00eb fjal\u00ebs s\u00eb lir\u00eb, Havzi Nel\u00ebs, n\u00eb sheshin e k\u00ebtij qyteti.<\/p>\n<p>Havzi Nela kishte me vepr\u00ebn e vet 5 mij\u00eb vargje kushtuar Kosov\u00ebs.<\/p>\n<p>Edi Rama, i biri t\u00eb xhelatit t\u00eb Havzi Nel\u00ebs, p\u00ebrzuri nga Tirana dy jav\u00eb m\u00eb par\u00eb p\u00ebrfaq\u00ebsuesin e qeveris\u00eb s\u00eb Kosov\u00ebs, sepse i vuri nofk\u00ebn e armikut, n\u00eb nj\u00eb koh\u00eb kur SHBA e etiketoi at\u00eb rezolut\u00eb si nj\u00eb let\u00ebr e vdekur e pa kuptim.<\/p>\n<p>E vdekur p\u00ebr SHBA, por jo p\u00ebr Vu\u00e7i\u00e7in dhe argatin e tij n\u00eb Tiran\u00eb, i cili n\u00eb nj\u00eb akt antikomb\u00ebtar detyroi delegacionin e Kosov\u00ebs t\u00eb largohej nga Tirana\u201d, u shpreh Berisha.<\/p>\n","protected":false},"excerpt":{"rendered":"<p>Kryetari i PD, Sali Berisha, n\u00eb ceremonin\u00eb e prezantimit t\u00eb kandidat\u00ebve t\u00eb PD-Aleanca p\u00ebr Shqip\u00ebrin\u00eb Madh\u00ebshtore n\u00eb Kuk\u00ebs, akuzoi Edi Ram\u00ebn se para dy jav\u00ebsh ka d\u00ebbuar nga Tirana p\u00ebrfaq\u00ebsuesit e qeveris\u00eb s\u00eb Kosov\u00ebs. Berisha i kujtoi s\u00ebrish Edi Ram\u00ebs, se babai i tij, Kristaq Rama firmosi varjen n\u00eb litar t\u00eb poetit kuksian, Havzi Nela. &hellip;<\/p>\n","protected":false},"author":4,"featured_media":111197,"comment_status":"closed","ping_status":"closed","sticky":false,"template":"","format":"standard","meta":{"footnotes":""},"categories":[37],"tags":[],"class_list":["post-111204","post","type-post","status-publish","format-standard","has-post-thumbnail","","category-politike"],"_links":{"self":[{"href":"https:\/\/rdnews.al\/index.php\/wp-json\/wp\/v2\/posts\/111204","targetHints":{"allow":["GET"]}}],"collection":[{"href":"https:\/\/rdnews.al\/index.php\/wp-json\/wp\/v2\/posts"}],"about":[{"href":"https:\/\/rdnews.al\/index.php\/wp-json\/wp\/v2\/types\/post"}],"author":[{"embeddable":true,"href":"https:\/\/rdnews.al\/index.php\/wp-json\/wp\/v2\/users\/4"}],"replies":[{"embeddable":true,"href":"https:\/\/rdnews.al\/index.php\/wp-json\/wp\/v2\/comments?post=111204"}],"version-history":[{"count":2,"href":"https:\/\/rdnews.al\/index.php\/wp-json\/wp\/v2\/posts\/111204\/revisions"}],"predecessor-version":[{"id":111226,"href":"https:\/\/rdnews.al\/index.php\/wp-json\/wp\/v2\/posts\/111204\/revisions\/111226"}],"wp:featuredmedia":[{"embeddable":true,"href":"https:\/\/rdnews.al\/index.php\/wp-json\/wp\/v2\/media\/111197"}],"wp:attachment":[{"href":"https:\/\/rdnews.al\/index.php\/wp-json\/wp\/v2\/media?parent=111204"}],"wp:term":[{"taxonomy":"category","embeddable":true,"href":"https:\/\/rdnews.al\/index.php\/wp-json\/wp\/v2\/categories?post=111204"},{"taxonomy":"post_tag","embeddable":true,"href":"https:\/\/rdnews.al\/index.php\/wp-json\/wp\/v2\/tags?post=111204"}],"curies":[{"name":"wp","href":"https:\/\/api.w.org\/{rel}","templated":true}]}}