{"id":111230,"date":"2025-04-21T20:49:14","date_gmt":"2025-04-21T20:49:14","guid":{"rendered":"https:\/\/rdnews.al\/?p=111230"},"modified":"2025-04-21T20:49:14","modified_gmt":"2025-04-21T20:49:14","slug":"nga-2-mije-euro-per-mos-arrestimin-tek-26-mije-euro-nen-jastek-cfare-po-ndodh-me-drejtuesit-e-policise","status":"publish","type":"post","link":"https:\/\/rdnews.al\/index.php\/2025\/04\/21\/nga-2-mije-euro-per-mos-arrestimin-tek-26-mije-euro-nen-jastek-cfare-po-ndodh-me-drejtuesit-e-policise\/","title":{"rendered":"&#8220;Nga 2 mij\u00eb euro p\u00ebr mos arrestimin tek 26 mij\u00eb euro n\u00ebn jast\u00ebk&#8221;, \u00e7f\u00e1r\u00eb po ndodh me drejtuesit e policis\u00eb?"},"content":{"rendered":"<p>N\u00ebse drejt\u00ebsia \u00ebsht\u00eb duke b\u00ebr\u00eb pun\u00ebn e saj, politika dhe administrate shtet\u00ebrore nuk mund t\u00eb fshihen m\u00eb as pas fasad\u00ebs, as pas kompetencave as pas p\u00ebrgjegj\u00ebsis\u00eb individuale.<\/p>\n<p>Arrestimi i Roven Zek\u00ebs, shefit t\u00eb Komisariatit t\u00eb Policis\u00eb Rrugore t\u00eb Tiran\u00ebs, njeriut t\u00eb besuar t\u00eb drejtorit t\u00eb p\u00ebrgjithsh\u00ebm t\u00eb Policis\u00eb s\u00eb Shtetit, Ilir Proda, nuk \u00ebsht\u00eb nj\u00eb rast i izoluar, por simptom\u00eb e nj\u00eb s\u00ebmundje t\u00eb r\u00ebnd\u00eb institucional eq\u00eb ka kapur policin\u00eb.<\/p>\n<p>SPAK konfirmoi ndalimin e Zek\u00ebs dhe dy vart\u00ebsve t\u00eb tij \u201ckorrupsion pasiv t\u00eb personave q\u00eb ushtrojn\u00eb funksione publike\u201d, e kryer n\u00eb bashk\u00ebpunim, nj\u00eb vep\u00ebr q\u00eb d\u00ebnohet nga 2 deri n\u00eb 8 vjet burg.<br \/>\nSipas nj\u00eb hetimi t\u00eb zhvilluar nga BKH-, ata rezulton se kan\u00eb k\u00ebrkuar dhe marr\u00eb 2 mij\u00eb euro p\u00ebr t\u00eb shmangur arrestimin e nj\u00eb drejtuesje automjeti t\u00eb p\u00ebrfshir\u00eb n\u00eb aksident me 5 t\u00eb plagosur. Ajo q\u00eb pason pas aksidentit dhe premtimit p\u00ebr t\u00eb mos e arrestuar gruan shkaktare t\u00eb aksidentit, \u00ebsht\u00eb nj\u00eb zinxhir i zakonsh\u00ebm i korrupsionit \u2013 pagesa \u201cn\u00ebn dor\u00eb\u201d, lidhje familjare, nd\u00ebrhyrje, dhe zyrtar\u00eb q\u00eb mbajn\u00eb detyra ky\u00e7e jo p\u00ebr merit\u00eb, por p\u00ebr besnik\u00ebri.<\/p>\n<p><strong>Ilir Proda, p\u00ebrgjegj\u00ebsi morale dhe funksionale<\/strong><\/p>\n<p>Roven Zeka nuk \u00ebsht\u00eb nj\u00eb em\u00ebr i rast\u00ebsish\u00ebm n\u00eb sistemin e policis\u00eb. Ai u katapultua n\u00eb pozita ky\u00e7e pa p\u00ebrvoj\u00ebn dhe pa integritetin e nevojsh\u00ebm, por me nj\u00eb mb\u00ebshtetje t\u00eb fort\u00eb: Ilir Prod\u00ebn. Si\u00e7 kan\u00eb raportuar disa media, em\u00ebrimi i Zek\u00ebs n\u00eb nj\u00eb nga komisariatet m\u00eb delikate t\u00eb vendit, ndodhi me insistimin personal t\u00eb Prod\u00ebs, pavar\u00ebsisht kritikave t\u00eb brendshme n\u00eb polici dhe raporteve t\u00eb medias, p\u00ebrfshir\u00eb Zoom.al.<\/p>\n<p>A \u00ebsht\u00eb normale q\u00eb drejtori i p\u00ebrgjithsh\u00ebm t\u00eb mos mbaj\u00eb p\u00ebrgjegj\u00ebsi kur njeriu i zgjedhur prej tij p\u00ebr nj\u00eb detyr\u00eb kritike del i p\u00ebrfshir\u00eb n\u00eb skandale t\u00eb tilla? A \u00ebsht\u00eb e ndershme q\u00eb Proda t\u00eb q\u00ebndroj\u00eb n\u00eb detyr\u00eb sikur ky t\u00eb ishte thjesht nj\u00eb aksident rrugor, dhe jo nj\u00eb prov\u00eb ul\u00ebrit\u00ebse p\u00ebr m\u00ebnyr\u00ebn se si udh\u00ebhiqet sot Policia e Shtetit?<\/p>\n<p>N\u00eb nj\u00eb sistem normal dhe me kultur\u00eb p\u00ebrgjegj\u00ebsie, arrestimi i nj\u00eb zyrtari t\u00eb k\u00ebtij niveli do t\u00eb \u00e7onte menj\u00ebher\u00eb n\u00eb dor\u00ebheqjen e njeriut q\u00eb e vendosi n\u00eb k\u00ebt\u00eb dety\u00eb, jo si nj\u00eb akt faj\u00ebsimi penal, por si nj\u00eb akt minimal moral dhe institucional.<\/p>\n<p>Mir\u00ebpo n\u00eb Shqip\u00ebri, ku hierarkia \u00ebsht\u00eb m\u00eb shum\u00eb nj\u00eb rrjet besnik\u00ebrish sesa nj\u00eb struktur\u00eb llogaridh\u00ebnieje, kjo \u00ebsht\u00eb e rrall\u00eb.<\/p>\n<p>Zoom.al pyet sot publikisht ministrin e Brendsh\u00ebm Ervin Hoxha dhe kryeministrin Edi Rama:<\/p>\n<p class=\"has-text-align-left\">\u2022A do t\u00eb q\u00ebndroj\u00eb ende n\u00eb detyr\u00eb Ilir Proda, sikur t\u00eb mos kishte ndodhur asgj\u00eb?<\/p>\n<p>\u2022A ka Ervin Hoxha guximin t\u2019i d\u00ebrgoj\u00eb kryeministrit Rama k\u00ebrkes\u00ebn p\u00ebr shkarkimin e tij?<\/p>\n<p>\u2022Dhe a e ka kryeministri Rama guximin t\u00eb largoj\u00eb nj\u00eb njeri q\u00eb ka humbur kredibilitetin e drejtimit t\u00eb policis\u00eb, pavar\u00ebsisht se kush ka ndikuar p\u00ebr ta v\u00ebn\u00eb at\u00eb n\u00eb k\u00ebt\u00eb detyr\u00eb?<\/p>\n<p>\u2022A duhet t\u00eb vazhdoj\u00eb t\u00eb pranoj\u00eb politika shqiptare se \u201ckapja\u201d e sistemit fillon pik\u00ebrisht nga k\u00ebto vendime em\u00ebrimi pa kriter, q\u00eb p\u00ebrfundojn\u00eb me pranga n\u00eb duart e atyre q\u00eb duhej t\u00eb zbatonin ligjin?<\/p>\n<p>Arrestimi i Roven Zek\u00ebs mund t\u00eb duket nj\u00eb normalitet n\u00eb nj\u00eb polici q\u00eb, sipas raportimeve t\u00eb shumta, \u00ebsht\u00eb e kriminalizuar. N\u00eb nj\u00eb vend me drejtues politik\u00eb t\u00eb p\u00ebrgjegjsh\u00ebm, kjo do t\u00eb duhej t\u00eb ishte nj\u00eb pik\u00eb kthese, q\u00eb do t\u00eb duhet t\u00eb niste me largimin e Ilir Prod\u00ebs. Kjo do t\u00eb ishte pik\u00ebnisja p\u00ebr nd\u00ebrtimin e nj\u00eb policie m\u00eb t\u00eb besueshme dhe t\u00eb distancuar nga kriminel\u00ebt e t\u00eb korruptuarit. N\u00ebse kjo nuk ndodh, at\u00ebher\u00eb gjith\u00e7ka tjet\u00ebr, nga reformat te deklaratat e luft\u00ebs kund\u00ebr korrupsionit, nuk jan\u00eb gj\u00eb tjet\u00ebr ve\u00e7se retorik\u00eb boshe..Zoom.al<\/p>\n","protected":false},"excerpt":{"rendered":"<p>N\u00ebse drejt\u00ebsia \u00ebsht\u00eb duke b\u00ebr\u00eb pun\u00ebn e saj, politika dhe administrate shtet\u00ebrore nuk mund t\u00eb fshihen m\u00eb as pas fasad\u00ebs, as pas kompetencave as pas p\u00ebrgjegj\u00ebsis\u00eb individuale. Arrestimi i Roven Zek\u00ebs, shefit t\u00eb Komisariatit t\u00eb Policis\u00eb Rrugore t\u00eb Tiran\u00ebs, njeriut t\u00eb besuar t\u00eb drejtorit t\u00eb p\u00ebrgjithsh\u00ebm t\u00eb Policis\u00eb s\u00eb Shtetit, Ilir Proda, nuk \u00ebsht\u00eb nj\u00eb &hellip;<\/p>\n","protected":false},"author":3,"featured_media":111231,"comment_status":"closed","ping_status":"closed","sticky":false,"template":"","format":"standard","meta":{"footnotes":""},"categories":[37],"tags":[],"class_list":["post-111230","post","type-post","status-publish","format-standard","has-post-thumbnail","","category-politike"],"_links":{"self":[{"href":"https:\/\/rdnews.al\/index.php\/wp-json\/wp\/v2\/posts\/111230","targetHints":{"allow":["GET"]}}],"collection":[{"href":"https:\/\/rdnews.al\/index.php\/wp-json\/wp\/v2\/posts"}],"about":[{"href":"https:\/\/rdnews.al\/index.php\/wp-json\/wp\/v2\/types\/post"}],"author":[{"embeddable":true,"href":"https:\/\/rdnews.al\/index.php\/wp-json\/wp\/v2\/users\/3"}],"replies":[{"embeddable":true,"href":"https:\/\/rdnews.al\/index.php\/wp-json\/wp\/v2\/comments?post=111230"}],"version-history":[{"count":1,"href":"https:\/\/rdnews.al\/index.php\/wp-json\/wp\/v2\/posts\/111230\/revisions"}],"predecessor-version":[{"id":111232,"href":"https:\/\/rdnews.al\/index.php\/wp-json\/wp\/v2\/posts\/111230\/revisions\/111232"}],"wp:featuredmedia":[{"embeddable":true,"href":"https:\/\/rdnews.al\/index.php\/wp-json\/wp\/v2\/media\/111231"}],"wp:attachment":[{"href":"https:\/\/rdnews.al\/index.php\/wp-json\/wp\/v2\/media?parent=111230"}],"wp:term":[{"taxonomy":"category","embeddable":true,"href":"https:\/\/rdnews.al\/index.php\/wp-json\/wp\/v2\/categories?post=111230"},{"taxonomy":"post_tag","embeddable":true,"href":"https:\/\/rdnews.al\/index.php\/wp-json\/wp\/v2\/tags?post=111230"}],"curies":[{"name":"wp","href":"https:\/\/api.w.org\/{rel}","templated":true}]}}