{"id":111621,"date":"2025-04-24T17:27:10","date_gmt":"2025-04-24T17:27:10","guid":{"rendered":"https:\/\/rdnews.al\/?p=111621"},"modified":"2025-04-24T17:27:10","modified_gmt":"2025-04-24T17:27:10","slug":"berisha-rames-pse-nuk-u-rriten-pensionet-sic-bene-fqinjet-ti-je-hajdut-dhe-nuk-u-jep-parate-qe-meritojne","status":"publish","type":"post","link":"https:\/\/rdnews.al\/index.php\/2025\/04\/24\/berisha-rames-pse-nuk-u-rriten-pensionet-sic-bene-fqinjet-ti-je-hajdut-dhe-nuk-u-jep-parate-qe-meritojne\/","title":{"rendered":"Berisha-Ram\u00ebs: Pse nuk u rrit\u00ebn pensionet si\u00e7 b\u00ebn\u00eb fqinj\u00ebt? Ti je hajdut dhe nuk u jep parat\u00eb q\u00eb meritojn\u00eb"},"content":{"rendered":"<p>Kryetari i Partis\u00eb Demokratike, Sali Berisha duke prezantuar kandidat\u00ebt e PD-ASHM n\u00eb Sarand\u00eb, ka akuzuar Edi Ram\u00ebn si hajdut, i cili nuk u ka dh\u00ebn\u00eb t\u00eb moshuarve, pensionin q\u00eb ata meritojn\u00eb.<\/p>\n<p>\u2018Ekonomist\u00ebt kan\u00eb faktuar se n\u00eb qoft\u00eb se, pensioni duhet t\u00eb ndiqte rritjen e \u00e7mimeve, t\u00eb ishte pak m\u00eb shum\u00eb, ai sot duhet t\u00eb ishte 390 mij\u00eb lek\u00eb.<\/p>\n<p>\u201cT\u00eb dashur qytetare dhe qytetar\u00eb t\u00eb Sarand\u00ebs, Konispolit, dhe t\u00eb gjith\u00ebk\u00ebtij rrethi. V\u00ebllez\u00ebr dhe motra, zonja dhe zot\u00ebrinj, p\u00ebrsh\u00ebndetjet m\u00eb t\u00eb p\u00ebrzem\u00ebrta p\u00ebr ju.<\/p>\n<p>I dashur, z.Bujar Leskaj, udh\u00ebheq\u00ebs politik i qarkut Vlor\u00eb. E dashur znj. Ina Zhupa, udh\u00ebheq\u00ebse politike e rrethit Sarand\u00eb.<\/p>\n<p>T\u00eb dashur kryetare edhe kryetar\u00eb t\u00eb deg\u00ebve t\u00eb PD dhe t\u00eb ASHM . i nderuari z.Vangjel Dule, kryetar i PBDNJ dhe aleat i \u00e7muar n\u00eb aleanc\u00ebn ton\u00eb.<\/p>\n<p>Nj\u00eb p\u00ebrsh\u00ebndetje t\u00eb p\u00ebrzem\u00ebrt kandidat\u00ebve tan\u00eb q\u00eb jan\u00eb krenaria e v\u00ebrtet\u00eb e ASHM-s\u00eb, krenari e qytetar\u00ebve t\u00eb rrethit Sarand\u00ebs, qarkut t\u00eb Vlor\u00ebs dhe mbar\u00eb Shqip\u00ebris\u00eb.<\/p>\n<p>T\u00eb flas\u00ebsh n\u00eb Sarand\u00eb, p\u00ebr Sarand\u00ebn madh\u00ebshtore, p\u00ebr Shqip\u00ebrin\u00eb madh\u00ebshtore \u00ebsht\u00eb m\u00eb e bazuar se kudo tjet\u00ebr, pasi n\u00eb \u00e7do pamje q\u00eb t\u00eb shoh\u00ebsh k\u00ebt\u00eb rreth ka madh\u00ebshti t\u00eb p\u00ebrjetshme. Saranda, ka nj\u00eb trash\u00ebgimi kulturore, natyrore, t\u00eb jasht\u00ebzakonshme. Saranda \u00ebsht\u00eb treva e bizhuve m\u00eb t\u00eb bukura t\u00eb kultur\u00ebs s\u00eb njer\u00ebzimit. Ka parkun kulturor natyror m\u00eb mahnit\u00ebs, t\u00eb cilin ndofta, nuk e ka asnj\u00eb vend tjet\u00ebr n\u00eb bot\u00eb.<\/p>\n<p>Saranda ka madh\u00ebshtin\u00eb e njer\u00ebzve t\u00eb vet. K\u00ebtu n\u00eb k\u00ebt\u00eb trev\u00eb, shqiptar\u00eb, grek\u00eb, rumun\u00eb, njer\u00ebz me prejardhje t\u00eb ndryshme jetojn\u00eb n\u00eb paqe, harmoni n\u00eb shekuj. N\u00eb k\u00ebt\u00eb kontekst, Saranda dhe jugu \u00ebsht\u00eb nj\u00eb universitet madhor i lirive dhe t\u00eb t\u00eb drejtave njer\u00ebzore, respektit reciprok.<\/p>\n<p>Pra, kjo \u00ebsht\u00eb Saranda q\u00eb trash\u00ebgojn\u00eb sarandjot\u00ebt, q\u00eb trash\u00ebgon Shqip\u00ebria.<\/p>\n<p>Po, cila \u00ebsht\u00eb Saranda jon\u00eb sot?<\/p>\n<p>Saranda, sot \u00ebsht\u00eb qyteti i burrave dhe grave t\u00eb moshuar, t\u00eb cil\u00ebt pasi kan\u00eb shkri jet\u00ebn e tyre, energjit\u00eb e tyre, n\u00eb k\u00ebt\u00eb qytet dhe n\u00eb k\u00ebt\u00eb rreth, p\u00ebrjetojn\u00eb tiranin\u00eb e mjerimit. P\u00ebrjetojn\u00eb nj\u00eb mbijetes\u00eb me nj\u00eb pension, m\u00eb qesharakun, m\u00eb t\u00eb pamerituarin.<\/p>\n<p>Miq, nuk do t\u00eb harrojm\u00eb nj\u00eb gj\u00eb. Ne q\u00eb jetuam ditkatur\u00ebn staliniste t\u00eb Enver Hoxh\u00ebs, ne e p\u00ebrmblidhnim at\u00eb me nj\u00eb term t\u00eb p\u00ebrgjithsh\u00ebm, diktatur\u00eb. Por, n\u00eb fakt ajo ishte diktatur\u00eb e luft\u00ebs s\u00eb klasave, por ishte po kaq diktatur\u00eb me tiranin\u00eb e mjerimit dhe t\u00eb varf\u00ebris\u00eb q\u00eb iu impononte shqiptar\u00ebve me hiperkolektivizimin e vet.<\/p>\n<p>Sot, nuk ka hiperkolektivizim. Por, sot, pensionisti, pun\u00ebtori n\u00eb nd\u00ebrtim, pun\u00ebori i ferm\u00ebs, sot, mjeku, m\u00ebsuesi, inxhinieri, profesionisti, jeton me nj\u00eb pension i cili \u00e7do dit\u00eb e m\u00eb shum\u00eb v\u00ebshtir\u00ebson ushqimin e p\u00ebrditsh\u00ebm. I cili, e detyron at\u00eb, t\u2019u thot\u00eb nip\u00ebrve, mbesave: shkoni, se kaq kam. K\u00ebtu nuk ka m\u00eb p\u00ebr ju! Merrni rrug\u00ebt e bot\u00ebs!<\/p>\n<p>I cili, e le k\u00ebt\u00eb zonj\u00eb, k\u00ebt\u00eb zot\u00ebri, e le pa ila\u00e7e. K\u00ebt\u00eb jav\u00eb nuk po i marr ila\u00e7et, se nuk arrij.<\/p>\n<p>Cili \u00ebsht\u00eb ai q\u00eb arrin t\u00eb marr\u00eb ila\u00e7et me nj\u00eb pension mesatar 172 mij\u00eb lek\u00eb?<\/p>\n<p>Cili \u00ebsht\u00eb ai q\u00eb mund t\u00eb k\u00ebnaq\u00eb veten, apo njer\u00ebzit e tij me nj\u00eb pension qesharak si ky? Mos t\u00eb harrojm\u00eb se, 57% e k\u00ebtyre burrave dhe grave nuk marrin 172 mij\u00eb lek\u00eb, jo. 57% e pensionist\u00ebve i kan\u00eb pensionet shum\u00eb m\u00eb t\u00eb vogla, t\u00eb pjesshme dhe t\u00eb pjesshme.<\/p>\n<p>Pra, \u00e7far\u00eb ndodhi k\u00ebtu me k\u00ebt\u00eb vend?<\/p>\n<p>Si ka mund\u00ebsi q\u00eb, p\u00ebrs\u00ebri u rikthye pa m\u00ebshir\u00eb skamja, varf\u00ebria ekstreme? Po, po! Sepse, \u00e7mimet nga viti 2013 gjer sot, jan\u00eb mbidyfishuar ushqimet dhe gj\u00ebrave baz\u00eb. Litri i qum\u00ebshtit \u00ebsht\u00eb dy her\u00eb m\u00eb shum\u00eb, kilogrami i mishit po k\u00ebshtu, buka po k\u00ebshtu dhe ushqimet me radh\u00eb.<\/p>\n<p>Ekonomist\u00ebt kan\u00eb faktuar se n\u00eb qoft\u00eb se, pensioni duhet t\u00eb ndiqte rritjen e \u00e7mimeve, t\u00eb ishte pak m\u00eb shum\u00eb, ai sot duhet t\u00eb ishte 390 mij\u00eb lek\u00eb.<\/p>\n<p>Pra, nj\u00eb pensionist q\u00eb merrte n\u00eb vitin 2013 nj\u00eb pension 143 mij\u00eb lek\u00eb, p\u00ebr t\u00eb jetuar sot si\u00e7 jetonte at\u00eb vit, duhet t\u00eb kishte nj\u00eb pension 390 mij\u00eb lek\u00eb.<\/p>\n<p>Pse nuk ndodhi kjo?<\/p>\n<p>\u00c7far\u00eb pati Shqip\u00ebria q\u00eb nuk ndodhi? Pati ndonj\u00eb luft\u00eb? Jo, nuk pati. \u00c7far\u00eb pati ky vend?<\/p>\n<p>Ky vend pati vet\u00ebm nj\u00eb gj\u00eb. K\u00ebta qytetar\u00eb u vodh\u00ebn, u vodh\u00ebn, sa asnj\u00eb qytetar tjet\u00ebr n\u00eb Europ\u00eb.<\/p>\n<p>Po, pse qytetari i Malit t\u00eb Zi, q\u00eb merrte nj\u00eb pension 138 mij\u00eb lek\u00eb n\u00eb 2013, merr sot, 450 mij\u00eb?<\/p>\n<p>Pse qytetari i Maqedonis\u00eb s\u00eb Veriut, q\u00eb merrte nj\u00eb pension 130 mij\u00eb lek\u00eb n\u00eb vitin 2013, merr sot 380 mij\u00eb lek\u00eb?<\/p>\n<p>Po pse, qyetetari serb, q\u00eb merrte n\u00eb vitin 2013, nj\u00eb pension 135 mij\u00eb lek\u00eb, merr sot 405 mij\u00eb lek\u00eb?<\/p>\n<p>Pse k\u00ebta? K\u00ebta nuk pat\u00ebn kryeministra, si puna e k\u00ebtij q\u00eb t\u2019u thot\u00eb: shqiptar\u00ebt jan\u00eb dembela. \u00c7far\u00eb dembelash jan\u00eb pensionist\u00ebt? T\u00eb vret Zoti t\u00eb nxjerr\u00ebsh nj\u00eb fjal\u00eb t\u00eb till\u00eb p\u00ebr ta. Por, je hajdut ti, i vjedh ti dhe nuk u jep parat\u00eb q\u00eb meritojn\u00eb\u201d, u shpreh Berisha.<\/p>\n","protected":false},"excerpt":{"rendered":"<p>Kryetari i Partis\u00eb Demokratike, Sali Berisha duke prezantuar kandidat\u00ebt e PD-ASHM n\u00eb Sarand\u00eb, ka akuzuar Edi Ram\u00ebn si hajdut, i cili nuk u ka dh\u00ebn\u00eb t\u00eb moshuarve, pensionin q\u00eb ata meritojn\u00eb. \u2018Ekonomist\u00ebt kan\u00eb faktuar se n\u00eb qoft\u00eb se, pensioni duhet t\u00eb ndiqte rritjen e \u00e7mimeve, t\u00eb ishte pak m\u00eb shum\u00eb, ai sot duhet t\u00eb ishte &hellip;<\/p>\n","protected":false},"author":4,"featured_media":111622,"comment_status":"closed","ping_status":"closed","sticky":false,"template":"","format":"standard","meta":{"footnotes":""},"categories":[37],"tags":[],"class_list":["post-111621","post","type-post","status-publish","format-standard","has-post-thumbnail","","category-politike"],"_links":{"self":[{"href":"https:\/\/rdnews.al\/index.php\/wp-json\/wp\/v2\/posts\/111621","targetHints":{"allow":["GET"]}}],"collection":[{"href":"https:\/\/rdnews.al\/index.php\/wp-json\/wp\/v2\/posts"}],"about":[{"href":"https:\/\/rdnews.al\/index.php\/wp-json\/wp\/v2\/types\/post"}],"author":[{"embeddable":true,"href":"https:\/\/rdnews.al\/index.php\/wp-json\/wp\/v2\/users\/4"}],"replies":[{"embeddable":true,"href":"https:\/\/rdnews.al\/index.php\/wp-json\/wp\/v2\/comments?post=111621"}],"version-history":[{"count":1,"href":"https:\/\/rdnews.al\/index.php\/wp-json\/wp\/v2\/posts\/111621\/revisions"}],"predecessor-version":[{"id":111623,"href":"https:\/\/rdnews.al\/index.php\/wp-json\/wp\/v2\/posts\/111621\/revisions\/111623"}],"wp:featuredmedia":[{"embeddable":true,"href":"https:\/\/rdnews.al\/index.php\/wp-json\/wp\/v2\/media\/111622"}],"wp:attachment":[{"href":"https:\/\/rdnews.al\/index.php\/wp-json\/wp\/v2\/media?parent=111621"}],"wp:term":[{"taxonomy":"category","embeddable":true,"href":"https:\/\/rdnews.al\/index.php\/wp-json\/wp\/v2\/categories?post=111621"},{"taxonomy":"post_tag","embeddable":true,"href":"https:\/\/rdnews.al\/index.php\/wp-json\/wp\/v2\/tags?post=111621"}],"curies":[{"name":"wp","href":"https:\/\/api.w.org\/{rel}","templated":true}]}}