{"id":111624,"date":"2025-04-24T17:32:05","date_gmt":"2025-04-24T17:32:05","guid":{"rendered":"https:\/\/rdnews.al\/?p=111624"},"modified":"2025-04-24T17:32:05","modified_gmt":"2025-04-24T17:32:05","slug":"berisha-te-gjithe-ne-qeveri-po-hane-dardha-me-ramen-dhe-po-vjedhin-gjithe-diten-qytetarin","status":"publish","type":"post","link":"https:\/\/rdnews.al\/index.php\/2025\/04\/24\/berisha-te-gjithe-ne-qeveri-po-hane-dardha-me-ramen-dhe-po-vjedhin-gjithe-diten-qytetarin\/","title":{"rendered":"Berisha: T\u00eb gjith\u00eb n\u00eb qeveri po han\u00eb dardha me Ram\u00ebn dhe po vjedhin gjith\u00eb dit\u00ebn qytetarin"},"content":{"rendered":"<p>Gjat\u00eb fjal\u00ebs s\u00eb mbajtur n\u00eb Sarand\u00eb, kryetari i PD, Sali Berisha ka akuzuar Edi Ram\u00ebn se bashk\u00eb me qeverin\u00eb e tij, po han\u00eb dardha dhe po vjedh qytetar\u00ebt gjith\u00eb dit\u00ebn.<\/p>\n<p>Berisha akuzoi Ram\u00ebn, se edhe pse e di q\u00eb n\u00eb spitalin e onkologjikut jan\u00eb kryer krime, nuk mori asnj\u00eb mas\u00eb, por ja hodhi fajin mjek\u00ebve.<\/p>\n<p>\u201cA mund t\u00eb jet\u00eb Saranda madh\u00ebshtore, at\u00ebher\u00eb, Saranda e burrave dhe grave q\u00eb num\u00ebrojn\u00eb kafshat\u00ebn, q\u00eb nuk marrin ila\u00e7et?<\/p>\n<p>A mund t\u00eb jet\u00eb Saranda madh\u00ebshtore? Ka gjith\u00eb k\u00ebt\u00eb teat\u00ebr, qindra e mij\u00ebra vjet m\u00eb par\u00eb. Sot nuk ka asnj\u00eb teat\u00ebr.<\/p>\n<p>A mund t\u00eb jet\u00eb Saranda madh\u00ebshtore, kur f\u00ebmij\u00ebt e saj nga viti n\u00eb vit, nga 2013 gjer sot, ran\u00eb n\u00eb cil\u00ebsin\u00eb e shkollimit dhe dol\u00ebm dy vite m\u00eb par\u00eb me r\u00ebnien m\u00eb t\u00eb madhe n\u00eb bot\u00eb n\u00eb testin e cil\u00ebsis\u00eb s\u00eb arsimit, sepse b\u00ebjn\u00eb me klasa kolektive, sepse b\u00ebjn\u00eb me dy turne, sepse m\u00ebsuesit, nj\u00eb pjes\u00eb b\u00ebhen militant\u00eb, etj., etj.<\/p>\n<p>A mund t\u00eb jet\u00eb Saranda madh\u00ebshtore, kur ka nj\u00eb spital, por nuk ka sh\u00ebrbime mjek\u00ebsore? A mund t\u00eb jet\u00eb Shqip\u00ebria madh\u00ebshtore, kur i le t\u00eb s\u00ebmur\u00ebt t\u00eb vdesin p\u00ebr munges\u00eb ila\u00e7esh n\u00eb kthetrat e s\u00ebmundjeve? Dhe ku kryeministri i vendit thot\u00eb: po thot\u00eb, aty n\u00eb spitalin Onkologjik u kryhen krime kund\u00ebr njer\u00ebzimit.<\/p>\n<p>Po n\u00eb qoft\u00eb se thua jan\u00eb kryer krime kund\u00ebr njer\u00ebzimit, dhe jan\u00eb kryer, ua them un\u00eb ju me definicion, \u00ebsht\u00eb krim kund\u00ebr njer\u00ebzimit, n\u00eb qoft\u00eb se ti e le t\u00eb s\u00ebmurin pa ila\u00e7e, t\u00eb cilat jan\u00eb jetike p\u00ebr t\u2019i zgjatur jet\u00ebn apo p\u00ebr t\u00eb shp\u00ebtuar jet\u00ebn.<\/p>\n<p>Por n\u00eb qoft\u00eb se ti, e ditke pra, e di q\u00eb jan\u00eb kryer krime, \u00e7far\u00eb masash more? Asnj\u00eb! Po, pse? Sepse je autori i krimeve.<\/p>\n<p>K\u00ebrkove vet\u00ebm si njeriu primitiv q\u00eb nuk njeh asnj\u00eb p\u00ebrgjegj\u00ebsi, t\u2019ja shkarkosh mjekut. Por, n\u00eb qoft\u00eb se mjeku ka v\u00ebn\u00eb dor\u00ebn mbi fondet e ila\u00e7eve t\u00eb t\u00eb s\u00ebmurit, ai duhet t\u00eb marr\u00eb nd\u00ebshkimet m\u00eb t\u00eb r\u00ebnda si kriminel p\u00ebr krimet e r\u00ebnda kund\u00ebr njer\u00ebzimit. Po nuk i ka v\u00ebn\u00eb mjeku dor\u00ebn aty ku ka v\u00ebn\u00eb dor\u00ebn ministri i tij. Ata, q\u00eb thot\u00eb, po ha dardha prapa shpin\u00ebs sime, po han\u00eb gjith\u00eb dit\u00ebn dardha me t\u00eb dhe vjedhin qytetarin gjith\u00eb dit\u00ebn me t\u00eb\u201d, tha Berisha.<\/p>\n","protected":false},"excerpt":{"rendered":"<p>Gjat\u00eb fjal\u00ebs s\u00eb mbajtur n\u00eb Sarand\u00eb, kryetari i PD, Sali Berisha ka akuzuar Edi Ram\u00ebn se bashk\u00eb me qeverin\u00eb e tij, po han\u00eb dardha dhe po vjedh qytetar\u00ebt gjith\u00eb dit\u00ebn. Berisha akuzoi Ram\u00ebn, se edhe pse e di q\u00eb n\u00eb spitalin e onkologjikut jan\u00eb kryer krime, nuk mori asnj\u00eb mas\u00eb, por ja hodhi fajin mjek\u00ebve. &hellip;<\/p>\n","protected":false},"author":4,"featured_media":111625,"comment_status":"closed","ping_status":"closed","sticky":false,"template":"","format":"standard","meta":{"footnotes":""},"categories":[37],"tags":[],"class_list":["post-111624","post","type-post","status-publish","format-standard","has-post-thumbnail","","category-politike"],"_links":{"self":[{"href":"https:\/\/rdnews.al\/index.php\/wp-json\/wp\/v2\/posts\/111624","targetHints":{"allow":["GET"]}}],"collection":[{"href":"https:\/\/rdnews.al\/index.php\/wp-json\/wp\/v2\/posts"}],"about":[{"href":"https:\/\/rdnews.al\/index.php\/wp-json\/wp\/v2\/types\/post"}],"author":[{"embeddable":true,"href":"https:\/\/rdnews.al\/index.php\/wp-json\/wp\/v2\/users\/4"}],"replies":[{"embeddable":true,"href":"https:\/\/rdnews.al\/index.php\/wp-json\/wp\/v2\/comments?post=111624"}],"version-history":[{"count":1,"href":"https:\/\/rdnews.al\/index.php\/wp-json\/wp\/v2\/posts\/111624\/revisions"}],"predecessor-version":[{"id":111626,"href":"https:\/\/rdnews.al\/index.php\/wp-json\/wp\/v2\/posts\/111624\/revisions\/111626"}],"wp:featuredmedia":[{"embeddable":true,"href":"https:\/\/rdnews.al\/index.php\/wp-json\/wp\/v2\/media\/111625"}],"wp:attachment":[{"href":"https:\/\/rdnews.al\/index.php\/wp-json\/wp\/v2\/media?parent=111624"}],"wp:term":[{"taxonomy":"category","embeddable":true,"href":"https:\/\/rdnews.al\/index.php\/wp-json\/wp\/v2\/categories?post=111624"},{"taxonomy":"post_tag","embeddable":true,"href":"https:\/\/rdnews.al\/index.php\/wp-json\/wp\/v2\/tags?post=111624"}],"curies":[{"name":"wp","href":"https:\/\/api.w.org\/{rel}","templated":true}]}}