{"id":111627,"date":"2025-04-24T17:38:53","date_gmt":"2025-04-24T17:38:53","guid":{"rendered":"https:\/\/rdnews.al\/?p=111627"},"modified":"2025-04-24T17:39:32","modified_gmt":"2025-04-24T17:39:32","slug":"111627","status":"publish","type":"post","link":"https:\/\/rdnews.al\/index.php\/2025\/04\/24\/111627\/","title":{"rendered":"Berisha: Saranda ka miliona tonelata beton n\u00eb t\u00eb 4-an\u00ebt! Ne do b\u00ebjm\u00eb gjith\u00e7ka p\u00ebr mirq\u00ebnien e qytetar\u00ebve"},"content":{"rendered":"<p>Kryetari i PD, Sali Berisha, duke folur para banor\u00ebve t\u00eb Sarand\u00ebs, \u00ebsht\u00eb shprehur se, qyteti bregdet, \u00ebsht\u00eb mbushur plot me beton. Ai u ka b\u00ebr\u00eb thirrje banor\u00ebve t\u00eb Sarand\u00ebs dhe jo vet\u00ebm, q\u00eb programin e \u2018Shqip\u00ebris\u00eb Madh\u00ebshtore\u2019, ta shikojn\u00eb si nj\u00eb program p\u00ebr shqiptar\u00ebt dhe jo si nj\u00eb projekt politik.<\/p>\n<p>Berisha tha, ftoj qytetar\u00ebt e men\u00e7ur t\u00eb Sarand\u00ebs dhe t\u00eb mbar\u00eb Shqip\u00ebris\u00eb, t\u00eb mos e gjykojn\u00eb si nj\u00eb projekt partiak. T\u00eb mos e gjykojn\u00eb si nj\u00eb projekt politik, por ta shohin konkretisht si nj\u00eb projekt p\u00ebr \u00e7do shqiptar.<\/p>\n<p>\u201cMiq, kjo \u00ebsht\u00eb Saranda sot. Po ta shoh\u00ebsh Sarand\u00ebn, ka qindra e mij\u00ebra, n\u00eb mos miliona tonelata beton n\u00eb t\u00eb kat\u00ebrta an\u00ebt q\u00eb e rr\u00ebnojn\u00eb k\u00ebt\u00eb vend, k\u00ebt\u00eb bukuri natyrore t\u00eb pashembullt.<\/p>\n<p>At\u00ebher\u00eb, pse ne guxojm\u00eb t\u00eb flasim p\u00ebr Sarand\u00ebn madh\u00ebshtore? Se ne dalim para jush me nj\u00eb projekt t\u00eb k\u00ebtill\u00eb me bindjen m\u00eb t\u00eb thell\u00eb se, ne mund ta transformojm\u00eb, jo vet\u00ebm ta transformojm\u00eb me shpejt\u00ebsi t\u00eb madhe k\u00ebt\u00eb gjendje.<\/p>\n<p>I gjith\u00eb programi yn\u00eb, ku bazohet? N\u00eb dy parime.<\/p>\n<p>Parat\u00eb shqiptar\u00ebve, parat\u00eb qytetar\u00ebve.<\/p>\n<p>E dyta, nj\u00eb mund\u00ebsi e re p\u00ebr \u00e7do shqiptar.<\/p>\n<p>Ndaj dhe, ftoj qytetar\u00ebt e men\u00e7ur t\u00eb Sarand\u00ebs dhe t\u00eb mbar\u00eb Shqip\u00ebris\u00eb, t\u00eb mos e gjykojn\u00eb si nj\u00eb projekt partiak. T\u00eb mos e gjykojn\u00eb si nj\u00eb projekt politik, por ta shohin konkretisht si nj\u00eb projekt p\u00ebr \u00e7do shqiptar.<\/p>\n<p>Po, ne kemi premtuar. Ne nuk mund t\u00eb pranojm\u00eb k\u00ebt\u00eb posht\u00ebrim q\u00eb iu b\u00ebhet pensionist\u00ebve tan\u00eb, jo. K\u00ebt\u00eb \u00e7\u2019njer\u00ebzi ndaj\u00a0tyre. Pati 8 miliard\u00eb euro n\u00eb janar t\u00eb k\u00ebtij viti Edi Rama, n\u00eb tavolin\u00eb. 8 miliard\u00eb euro. Dhe pati pashpirt\u00ebsin\u00eb p\u00ebr 760 mij\u00eb pensionist\u00eb, gjithsej 16 milion\u00eb euro. A kishte gj\u00eb m\u00eb t\u00eb turpshme?<\/p>\n<p>Kishim \u00e7uar ligjin n\u00eb parlament t\u00eb vendosim minimumin jetik 200 euro. Kjo tha, t\u00eb \u00e7on n\u00eb humner\u00eb. Po n\u00eb \u00e7far\u00eb humnere t\u00eb \u00e7on kjo? N\u00eb \u00e7far\u00eb humnere ra Mali i Zi, q\u00eb gjat\u00eb koh\u00ebs q\u00eb ti rrite pensionet nga 143 mij\u00eb ne 173 mij\u00eb, i rriti nga 138 mij\u00eb n\u00eb 450 mij\u00eb, cila \u00ebsht\u00eb humnera? Ku ka humner\u00eb k\u00ebtu?<\/p>\n<p>\u00c7far\u00eb humnere p\u00ebsuam ne, nga viti 2005 gjer n\u00eb vitin 2013, q\u00eb dyfishuam rrogat e m\u00ebsueve? Q\u00eb dyfishuam pensionet e ul\u00ebta? Q\u00eb dyfishuam rrogat e mjek\u00ebve dhe t\u00eb infermier\u00ebve? Cila ishte humnera?<\/p>\n<p>\u00c7far\u00eb humnere p\u00ebsoi Kosova q\u00eb i rriti 3 muaj m\u00eb par\u00eb pensionet 20%?<\/p>\n<p>Mori 100 milion\u00eb euro nga buxheti, ky 16, ai 100. Ai ka gjysm\u00ebn e pensionist\u00ebve, gjysm\u00ebn e buxhetit. 100 milion\u00eb euro i vendosi p\u00ebr pensionist\u00ebt.<\/p>\n<p>Pra, \u00ebsht\u00eb koha q\u00eb \u00e7do shqiptar ta mb\u00ebshtes\u00eb k\u00ebt\u00eb projekt. Dhe absolutisht, ky projekt do t\u2019u \u00e7liroj\u00eb ju nga tirania e mjerimit. Tirania e mjerimit \u00ebsht\u00eb tirania m\u00eb e eg\u00ebr, pas asaj t\u00eb luft\u00ebs s\u00eb klasave. Saranda, Shqip\u00ebria, nj\u00eb vend me pasuri p\u00ebrrallore nuk ka asnj\u00eb shkak, asnj\u00eb arsye, p\u00ebrve\u00e7 vjedhjeve q\u00eb i b\u00ebhen qytetar\u00ebve t\u00eb p\u00ebrjetojn\u00eb nj\u00eb mjerim t\u00eb till\u00eb.<\/p>\n<p>Miqt\u00eb e mi, rrogat minimale k\u00ebtu jan\u00eb dy her\u00eb m\u00eb t\u00eb ul\u00ebta se n\u00eb Rumani. N\u00eb nj\u00eb koh\u00eb q\u00eb, Rumania n\u00eb vitin 2013 e kishte rrog\u00ebn 830 lei, 165 euro. Ne e kishim 220. Sot, e ka 3300 lei. E ka dy-tre fishin e rrog\u00ebs son\u00eb. Po, pse? Mendo q\u00eb, ai rrug\u00ebul\u00ebt, v\u00ebrtet b\u00ebn nj\u00eb pun\u00eb jo shum\u00eb t\u00eb lart\u00eb, po ka f\u00ebmij\u00eb p\u00ebr t\u00eb ushqyer dhe ai nuk mund t\u00eb marr\u00eb nj\u00eb rrog\u00eb.<\/p>\n<p>Ndaj dhe un\u00eb garantoj t\u00eb gjith\u00eb shqiptar\u00ebt se, n\u00eb Republik\u00ebn e Shqip\u00ebris\u00eb pas 100 dit\u00ebve t\u00eb para nuk do ket\u00eb rrog\u00eb n\u00ebn 500 euro.<\/p>\n<p>Nuk ka madh\u00ebshti, duke p\u00ebr\u00e7muar, duke injoruar njer\u00ebzit tuaj n\u00eb nevoj\u00eb. Aty fillon madh\u00ebshtia, nga q\u00ebndrimi q\u00eb mban ndaj tyre.<\/p>\n<p>Ndaj dhe ne, p\u00ebrve\u00e7 k\u00ebtyre q\u00eb thash\u00eb, k\u00ebtyre shtresave, pensionist\u00ebve, rrog\u00ebult\u00ebve, do t\u2019u japim kart\u00ebn e konsumatorit.<\/p>\n<p>E kemi patur ne shqiptar\u00ebt. Pavar\u00ebsisht ne q\u00eb num\u00ebrojm\u00eb virtytet vetes, por virtytin m\u00eb t\u00eb mir\u00eb kemi patur bamir\u00ebsin\u00eb, nj\u00eb bamir\u00ebsi fisnike q\u00eb nuk e ka patur kush.<\/p>\n<p>Ndaj dhe ne, n\u00eb respekt t\u00eb k\u00ebtij virtyti do b\u00ebjm\u00eb q\u00eb k\u00ebto shtresa t\u2019i marrin 20% m\u00eb lir\u00eb t\u00eb gjitha mallrat p\u00ebr jetes\u00ebn t\u00eb tyre. Do t\u2019u kthehet TVSH-ja n\u00eb vit 450 euro. \u00cbsht\u00eb sa nj\u00eb rrog\u00eb minimale, \u00ebsht\u00eb sa dy pensione. Dhe k\u00ebtu, p\u00ebrve\u00e7 k\u00ebsaj, pensionist\u00ebt kan\u00eb disa her\u00eb m\u00eb shum\u00eb nevoj\u00eb p\u00ebr ila\u00e7e se sa t\u00eb tjer\u00ebt. Dhe k\u00ebta, i kan\u00eb hequr nj\u00eb e nga nj\u00eb ila\u00e7et nga lista e rimbursimeve. \u00c7far\u00eb kemi vendosur ne?<\/p>\n<p>Ne, do t\u00eb kopjojm\u00eb nj\u00eb p\u00ebr nj\u00eb list\u00ebn e republik\u00ebs italiane. Dhe ju garantoj ju q\u00eb, ajo list\u00eb do t\u00eb jet\u00eb falas p\u00ebr ju, nj\u00eblloj si n\u00eb Itali.<\/p>\n<p>Ne nuk mund t\u00eb arrijm\u00eb shpejt as Italin\u00eb, as Greqin\u00eb, por ne n\u00eb sh\u00ebndet dhe n\u00eb s\u00ebmundje, do b\u00ebjm\u00eb gjith\u00e7ka, nuk do kursejm\u00eb\u201d, u shpreh Berisha.<\/p>\n","protected":false},"excerpt":{"rendered":"<p>Kryetari i PD, Sali Berisha, duke folur para banor\u00ebve t\u00eb Sarand\u00ebs, \u00ebsht\u00eb shprehur se, qyteti bregdet, \u00ebsht\u00eb mbushur plot me beton. Ai u ka b\u00ebr\u00eb thirrje banor\u00ebve t\u00eb Sarand\u00ebs dhe jo vet\u00ebm, q\u00eb programin e \u2018Shqip\u00ebris\u00eb Madh\u00ebshtore\u2019, ta shikojn\u00eb si nj\u00eb program p\u00ebr shqiptar\u00ebt dhe jo si nj\u00eb projekt politik. Berisha tha, ftoj qytetar\u00ebt e &hellip;<\/p>\n","protected":false},"author":4,"featured_media":111616,"comment_status":"closed","ping_status":"closed","sticky":false,"template":"","format":"standard","meta":{"footnotes":""},"categories":[37],"tags":[],"class_list":["post-111627","post","type-post","status-publish","format-standard","has-post-thumbnail","","category-politike"],"_links":{"self":[{"href":"https:\/\/rdnews.al\/index.php\/wp-json\/wp\/v2\/posts\/111627","targetHints":{"allow":["GET"]}}],"collection":[{"href":"https:\/\/rdnews.al\/index.php\/wp-json\/wp\/v2\/posts"}],"about":[{"href":"https:\/\/rdnews.al\/index.php\/wp-json\/wp\/v2\/types\/post"}],"author":[{"embeddable":true,"href":"https:\/\/rdnews.al\/index.php\/wp-json\/wp\/v2\/users\/4"}],"replies":[{"embeddable":true,"href":"https:\/\/rdnews.al\/index.php\/wp-json\/wp\/v2\/comments?post=111627"}],"version-history":[{"count":2,"href":"https:\/\/rdnews.al\/index.php\/wp-json\/wp\/v2\/posts\/111627\/revisions"}],"predecessor-version":[{"id":111629,"href":"https:\/\/rdnews.al\/index.php\/wp-json\/wp\/v2\/posts\/111627\/revisions\/111629"}],"wp:featuredmedia":[{"embeddable":true,"href":"https:\/\/rdnews.al\/index.php\/wp-json\/wp\/v2\/media\/111616"}],"wp:attachment":[{"href":"https:\/\/rdnews.al\/index.php\/wp-json\/wp\/v2\/media?parent=111627"}],"wp:term":[{"taxonomy":"category","embeddable":true,"href":"https:\/\/rdnews.al\/index.php\/wp-json\/wp\/v2\/categories?post=111627"},{"taxonomy":"post_tag","embeddable":true,"href":"https:\/\/rdnews.al\/index.php\/wp-json\/wp\/v2\/tags?post=111627"}],"curies":[{"name":"wp","href":"https:\/\/api.w.org\/{rel}","templated":true}]}}