{"id":111668,"date":"2025-04-24T19:57:55","date_gmt":"2025-04-24T19:57:55","guid":{"rendered":"https:\/\/rdnews.al\/?p=111668"},"modified":"2025-04-24T19:57:55","modified_gmt":"2025-04-24T19:57:55","slug":"berisha-rames-i-kane-ardhur-lajme-per-dosjen-mcgonigal-tani-therret-cdo-dite-rrofte-e-qofte-altin-dumani","status":"publish","type":"post","link":"https:\/\/rdnews.al\/index.php\/2025\/04\/24\/berisha-rames-i-kane-ardhur-lajme-per-dosjen-mcgonigal-tani-therret-cdo-dite-rrofte-e-qofte-altin-dumani\/","title":{"rendered":"Berisha: Ram\u00ebs i kan\u00eb ardhur lajme p\u00ebr dosjen McGonigal, tani th\u00ebrret \u00e7do dit\u00eb \u201crroft\u00eb e qoft\u00eb Altin Dumani\u201d"},"content":{"rendered":"<p>Kryetari i Partis\u00eb Demokratike, Sali Berisha ka publikuar t\u00eb tjera detaje nga dosja Rama-McGonigal n\u00eb ShBA, ku ky i fundit u korruptua me 225 mij\u00eb dollar\u00eb nga kryeministri shqiptar.<\/p>\n<p>Berisha tha se, Ram\u00ebs i kan\u00eb ardhur lajme p\u00ebr dosjen McGonigal dhe tani th\u00ebrret \u00e7do dit\u00eb \u2018rroft\u00eb e qoft\u00eb Altin Dumani.<\/p>\n<p><strong>Berisha:<\/strong>\u00a0Miq, nuk \u00ebsht\u00eb vet\u00ebm T\u00ebrmeti, por Rama i ndan me xhinsin e tij. Dhe thot\u00eb nuk ka nj\u00eb fakt p\u00ebr mua.<\/p>\n<p>Po a nuk je ti q\u00eb i ke dh\u00ebn\u00eb McGonigalit 220 mij\u00eb dollar\u00eb por ta korruptuar kund\u00ebr opozit\u00ebs dhe k\u00ebt\u00eb e fakton gjykata amerikane?<\/p>\n<p>\u00c7far\u00eb fakti do?<\/p>\n<p>A e keni v\u00ebn\u00eb re miq, i kan\u00eb ardhur lajmet, dhe tani \u00e7do dit\u00eb rroft\u00eb e qoft\u00eb Altin Dumani. U garantoj se edhe Nuredinit do i thurte poema n\u00eb qoft\u00eb se ia k\u00ebrkon Nuredini k\u00ebt\u00eb gj\u00eb se do t\u00eb shp\u00ebtoj\u00eb nga dosja McGonigal.<\/p>\n<p>Gjeni fakte p\u00ebr mua, thot\u00eb se dardhat i kan\u00eb ngr\u00ebn\u00eb t\u00eb tjer\u00ebt.<\/p>\n<p>Po ato 224 mij\u00eb met\u00ebr katror\u00eb t\u00eb manastirit t\u00eb Skutaris\u00eb dhe n\u00eb Gjipe, kush i mori ato? \u00c7far\u00eb lidhje ke ti me to?<\/p>\n<p>Lexoni, Spiro Koleka, Nush\u00ebt kan\u00eb deklaruar se nuk kan\u00eb pasur toka, kan\u00eb deklaruar se kan\u00eb pasur 3 dhi dhe 5 derra, kan\u00eb deklaruar se kan\u00eb qen\u00eb m\u00eb t\u00eb varfrit t\u00eb Vunoit dhe tani na dalin me dhjet\u00ebra hektar\u00eb prona t\u00eb gjitha t\u00eb grabitura nga Edi Rama.<\/p>\n<p>Po ai kopshti 8 mij\u00eb metra n\u00eb Surrel nga mbiu ai, apo ma b\u00ebri gruaja. Dhe tani po t\u2019i thuash, ja tani ky m\u00eb p\u00ebrmend edhe gruan. Po at\u00eb e ke th\u00ebn\u00eb vet\u00eb ti.<\/p>\n<p>Po 130 milion\u00eb euro t\u00eb djeg\u00ebsit t\u00eb Tiran\u00ebs. Shkoi n\u00eb gjykat\u00eb dosja, dy drejtor\u00eb aty, kan\u00eb shkelur ligjin, por para nuk kan\u00eb marr\u00eb ata. Ata kan\u00eb firmosur tenderin, por \u00ebsht\u00eb Edi Rama prapa tij. Dhe ajo q\u00eb duhej t\u00eb v\u00ebzhgonte \u00e7do muaj punimet, nuk ka b\u00ebr\u00eb asnj\u00eb raport Lubi Balluku. Pse? Se e shihte se dardhat i hante Edi Rama. Jo vet\u00ebm dardhat, por edhe ftonj t\u00eb prishur.<\/p>\n<p>Dhe p\u00ebrpiqet tani t\u00eb justifikohet. Po ja ata ministrat. Prisni, avash kur ta d\u00ebgjoni t\u00eb thot\u00eb lavdi hajdut\u00ebve t\u00eb mi.<\/p>\n<p>Sepse p\u00ebr t\u00eb qytetar\u00ebt jan\u00eb dembel\u00eb, shqiptar\u00ebt jan\u00eb dembel\u00eb, ikin dhe nuk punojn\u00eb.<\/p>\n<p>N\u00eb t\u00eb v\u00ebrtet\u00eb shqiptar\u00ebt jan\u00eb pun\u00ebtor\u00eb, por ti ke ngushtuar komplet rrethin.<\/p>\n<p>Ndaj dhe ne me projektin ton\u00eb nj\u00eb mund\u00ebsi p\u00ebr \u00e7do shqiptar.<\/p>\n<p>Miq, kjo betej\u00eb pra \u00ebsht\u00eb shansi m\u00eb i madh i jet\u00ebs ton\u00eb.<\/p>\n<p>\u00cbsht\u00eb shansi m\u00eb i madh i jet\u00ebs ton\u00eb q\u00eb ne bashk\u00ebrisht t\u00eb ndahemi, ta shp\u00ebtojm\u00eb Shqip\u00ebrin\u00eb nga kjo e keqe q\u00eb po e shkreton.<\/p>\n<p>\u00cbsht\u00eb shansi m\u00eb i madh i joni p\u00ebr t\u00eb rivendosur k\u00ebt\u00eb vend n\u00eb rrug\u00ebn e madh\u00ebshtis\u00eb.<\/p>\n<p>Ndaj t\u00eb shnd\u00ebrrohemi ne n\u00eb misionar\u00eb.<\/p>\n<p>Nuk \u00ebsht\u00eb program p\u00ebr nj\u00eb parti, \u00ebsht\u00eb program p\u00ebr \u00e7do shqiptar q\u00eb do t\u00eb jetoj\u00eb me djers\u00ebn, mundin e tij n\u00eb k\u00ebt\u00eb vend.<\/p>\n<p>Q\u00eb do t\u00eb nd\u00ebrtoj\u00eb \u00ebndrr\u00ebn e tij n\u00eb k\u00ebt\u00eb vend.<\/p>\n<p>Ndaj dhe\u00a0 ju ftoj men\u00e7urin\u00eb tuaj, dhembshurin\u00eb tuaj, forc\u00ebn bind\u00ebse ta p\u00ebrdorni me \u00e7do gjirokastrite q\u00eb me 11 maj t\u00eb votojm\u00eb p\u00ebr veten ton\u00eb, t\u00eb votojm\u00eb p\u00ebr rrogat tona, pensionet tona, p\u00ebr shkollat, p\u00ebr spitalet.<\/p>\n<p>T\u00eb votojm\u00eb p\u00ebr f\u00ebmij\u00ebt tan\u00eb, nip\u00ebrit, mbesat tona.<\/p>\n<p>T\u00eb votojm\u00eb p\u00ebr njer\u00ebzit tan\u00eb t\u00eb s\u00ebmur\u00eb q\u00eb t\u00eb trajtohen si njer\u00ebz.<\/p>\n<p>T\u00eb votojm\u00eb p\u00ebr shkollimin, pun\u00ebsimin.<\/p>\n<p>Ftoj t\u00eb gjith\u00eb n\u00ebnat, motrat, zonjat t\u00eb p\u00ebr\u00e7mojn\u00eb propagand\u00ebn vulgare, t\u00eb pacip\u00eb t\u00eb nj\u00eb njeriu, i cili beson se b\u00ebhet interesant duke u shar\u00eb bashk\u00ebshortin dhe burrin e vet.<\/p>\n<p>Q\u00eb beson se me batuta do mund t\u00eb mbuloj\u00eb vjedhjet q\u00eb b\u00ebn.<\/p>\n<p>Se me batuta do mund t\u00eb mbuloj\u00eb largimin e njer\u00ebzve nga Shqip\u00ebria.<\/p>\n<p>Se me batuta do mund t\u00eb mbuloj\u00eb vdekjen e t\u00eb s\u00ebmur\u00ebve p\u00ebr ila\u00e7e.<\/p>\n<p>Ndaj dhe 11 Maji \u00ebsht\u00eb dita e n\u00ebnave, motrave, grave, bashk\u00ebshorteve shqiptare, n\u00eb nderin, dinjitetin e tyre t\u2019i japin p\u00ebrgjigjen q\u00eb meriton k\u00ebtij mizogjeni t\u00eb pashpirt i cili p\u00ebr karrige \u00ebsht\u00eb i aft\u00eb t\u00eb b\u00ebj\u00eb \u00e7do gj\u00eb, t\u00eb thot\u00eb \u00e7do gj\u00eb.<\/p>\n<p>Rroft\u00eb Gjirokastra, rroft\u00eb Shqip\u00ebria.<\/p>\n<p>Votoni njishin.<\/p>\n<p>Njisha jeni t\u00eb gjith\u00eb ju.<\/p>\n<p>Shqiptar\u00ebt jan\u00eb t\u00eb gjith\u00eb njisha.<\/p>\n<p>Fitore, fitore, fitore!<\/p>\n","protected":false},"excerpt":{"rendered":"<p>Kryetari i Partis\u00eb Demokratike, Sali Berisha ka publikuar t\u00eb tjera detaje nga dosja Rama-McGonigal n\u00eb ShBA, ku ky i fundit u korruptua me 225 mij\u00eb dollar\u00eb nga kryeministri shqiptar. Berisha tha se, Ram\u00ebs i kan\u00eb ardhur lajme p\u00ebr dosjen McGonigal dhe tani th\u00ebrret \u00e7do dit\u00eb \u2018rroft\u00eb e qoft\u00eb Altin Dumani. Berisha:\u00a0Miq, nuk \u00ebsht\u00eb vet\u00ebm T\u00ebrmeti, &hellip;<\/p>\n","protected":false},"author":4,"featured_media":111669,"comment_status":"closed","ping_status":"closed","sticky":false,"template":"","format":"standard","meta":{"footnotes":""},"categories":[37],"tags":[],"class_list":["post-111668","post","type-post","status-publish","format-standard","has-post-thumbnail","","category-politike"],"_links":{"self":[{"href":"https:\/\/rdnews.al\/index.php\/wp-json\/wp\/v2\/posts\/111668","targetHints":{"allow":["GET"]}}],"collection":[{"href":"https:\/\/rdnews.al\/index.php\/wp-json\/wp\/v2\/posts"}],"about":[{"href":"https:\/\/rdnews.al\/index.php\/wp-json\/wp\/v2\/types\/post"}],"author":[{"embeddable":true,"href":"https:\/\/rdnews.al\/index.php\/wp-json\/wp\/v2\/users\/4"}],"replies":[{"embeddable":true,"href":"https:\/\/rdnews.al\/index.php\/wp-json\/wp\/v2\/comments?post=111668"}],"version-history":[{"count":1,"href":"https:\/\/rdnews.al\/index.php\/wp-json\/wp\/v2\/posts\/111668\/revisions"}],"predecessor-version":[{"id":111670,"href":"https:\/\/rdnews.al\/index.php\/wp-json\/wp\/v2\/posts\/111668\/revisions\/111670"}],"wp:featuredmedia":[{"embeddable":true,"href":"https:\/\/rdnews.al\/index.php\/wp-json\/wp\/v2\/media\/111669"}],"wp:attachment":[{"href":"https:\/\/rdnews.al\/index.php\/wp-json\/wp\/v2\/media?parent=111668"}],"wp:term":[{"taxonomy":"category","embeddable":true,"href":"https:\/\/rdnews.al\/index.php\/wp-json\/wp\/v2\/categories?post=111668"},{"taxonomy":"post_tag","embeddable":true,"href":"https:\/\/rdnews.al\/index.php\/wp-json\/wp\/v2\/tags?post=111668"}],"curies":[{"name":"wp","href":"https:\/\/api.w.org\/{rel}","templated":true}]}}