{"id":111740,"date":"2025-04-25T11:42:56","date_gmt":"2025-04-25T11:42:56","guid":{"rendered":"https:\/\/rdnews.al\/?p=111740"},"modified":"2025-04-25T11:42:56","modified_gmt":"2025-04-25T11:42:56","slug":"berisha-turi-i-jugut-ishte-turi-i-entuziazmit-dhe-optimizmit-aty-zbulova-se-e-albania-ishte-kthyer-ne-nje-kurth-te-tmerrshem","status":"publish","type":"post","link":"https:\/\/rdnews.al\/index.php\/2025\/04\/25\/berisha-turi-i-jugut-ishte-turi-i-entuziazmit-dhe-optimizmit-aty-zbulova-se-e-albania-ishte-kthyer-ne-nje-kurth-te-tmerrshem\/","title":{"rendered":"Berisha: Turi i Jugut ishte turi i entuziazmit dhe optimizmit! Aty zbulova se e-Albania ishte kthyer n\u00eb nj\u00eb kurth t\u00eb tmerrsh\u00ebm!"},"content":{"rendered":"<p>Kryetari i Partis\u00eb Demokratike, Sali Berisha, gjat\u00eb nj\u00eb konferenc\u00eb shtypi n\u00eb selin\u00eb e PD, tha se, takimet ne jug t\u00eb Shqip\u00ebris\u00eb, mund ta quajm\u00eb turi i entuziazmit, optimizmit dhe vendimit t\u00eb jugut t\u00eb Shqip\u00ebris\u00eb p\u00ebr t\u2019u ndar\u00eb me t\u00eb keqen e madhe q\u00eb tani po e quajn\u00eb universalisht Edi Rama.<\/p>\n<p><strong>\u00a0<\/strong>\u201cTuri i dy dit\u00ebve t\u00eb fundit q\u00eb p\u00ebrshkoi jugun dhe q\u00eb nisi n\u00eb Fier, vazhdoi n\u00eb Gjorm, t\u00eb nes\u00ebrmen n\u00eb Himar\u00eb, Borsh, Sarand\u00eb, Gjirokast\u00ebr, ishte n\u00eb memorien time, i paprecedent n\u00eb 2 dekadat e fundit.<\/p>\n<p>Ishte mund ta quajm\u00eb turi i entuziazmit, optimizmit dhe vendimit t\u00eb jugut t\u00eb Shqp\u00ebris\u00eb p\u00ebr t\u2019u ndar\u00eb me t\u00eb keqen e madhe q\u00eb tani po e quajn\u00eb universalisht Edi Rama.<\/p>\n<p>Kthehem mir\u00ebnjoh\u00ebs pafund\u00ebsisht ndaj atyre mij\u00ebra e mij\u00ebra qytetar\u00ebve me t\u00eb cil\u00ebt komunikova n\u00eb sheshet, lokalet, rrug\u00ebt e k\u00ebtyre qyteteve.<\/p>\n<p>Kthehem me nj\u00eb optimiz\u00ebm t\u00eb madh me at\u00eb situat\u00eb t\u00eb elektrizuar q\u00eb un\u00eb gjeta, t\u00eb pashoqe n\u00eb takimet masive dhe n\u00eb bisedat q\u00eb pata gjat\u00eb k\u00ebtij turi me t\u00eb rinjt\u00eb, burrat, grat\u00eb, njer\u00ebz t\u00eb profesioneve t\u00eb ndryshme, njer\u00ebz t\u00eb origjinave t\u00eb ndryshme etnike, pensionist\u00eb, profesionist\u00eb.<\/p>\n<p>Pra mund t\u00eb them se programi i PD \u00ebsht\u00eb sot programi m\u00eb i shk\u00eblqyer q\u00eb kjo forc\u00eb politike ka paraqitur ndonj\u00ebher\u00eb para shqiptar\u00ebve.<\/p>\n<p>Konstatova me dhimbje t\u00eb madhe se jugu l\u00ebngonte p\u00ebr munges\u00ebn e qindra mij\u00ebra t\u00eb rinjve, q\u00eb ishin larguar nga ato zona.<\/p>\n<p>Ju duhet t\u00eb dini nj\u00eb gj\u00eb se n\u00eb qoft\u00eb se largohemi pak kilometra nga bregdeti, n\u00eb zonat e jugut fillon nj\u00eb shkret\u00ebtir\u00eb n\u00eb raport me banor\u00ebt. Nj\u00eb pak\u00ebsim jasht\u00eb imagjinate.<\/p>\n<p>Shkolla t\u00eb mbyllura, klasa kolektive me pak nx\u00ebn\u00ebs. Qendra sh\u00ebndet\u00ebsore me dyer t\u00eb mbyllura me ferra. Munges\u00eb mjek\u00ebsh, munges\u00eb sh\u00ebrbimesh.<\/p>\n<p>E-Albania, kurthi m\u00eb i keq i koh\u00ebrave i Edi Ram\u00ebs. E kam quajtur telefoni i prishur.<\/p>\n<p>Jo, n\u00eb jug\u00a0 zbulova nj\u00eb gj\u00eb tjet\u00ebr. Jo, ai ishte kurthi i gjobave.<\/p>\n<p>\u00c7far\u00eb ndodhte? Aplikonte banori nga jugu p\u00ebr t\u00eb marr\u00eb dokumentet e tok\u00ebs n\u00eb e-Albania. Dy muaj heshtje mortore, pas dy muajsh, pasi b\u00ebhej nj\u00eb loj\u00eb e tmerrshme psikologjike me pronarin e tok\u00ebs, i vinte sekseri.<\/p>\n<p>I thoshte ke aplikuar aty, at\u00ebher p\u00ebr nj\u00eb dynym tok\u00eb duhet t\u00eb jap\u00ebsh 5 mij\u00eb euro. P\u00ebr dynymin tjet\u00ebr 5 mij\u00eb euro e m\u00eb shum\u00eb.<\/p>\n<p>Dhe nj\u00eblloj si Lubi Balluku q\u00eb i ndan rrug\u00ebt me lote, e-Albania ua ndante me dynym dokumentet e pron\u00ebsis\u00eb s\u00eb tok\u00ebs, pronar\u00ebve t\u00eb tokave n\u00eb jug.<\/p>\n<p>Atje, mungesa e t\u00eb gjitha zyrave, shkat\u00ebrrimi i qyteteve, heqja e administrat\u00ebs.<\/p>\n<p>Por premtimet e mia ishin t\u00eb qarta se kjo merr fund 100 dit\u00ebt e para. N\u00eb \u00e7do rreth do kthehen t\u00eb gjitha zyrat si\u00e7 kan\u00eb qen\u00eb n\u00eb vitin 2013. T\u00eb gjitha sh\u00ebrbimet pa p\u00ebrjashtim.<\/p>\n<p>100 kilometra b\u00ebn ai nga Himara p\u00ebr t\u00eb shkuar n\u00eb Vlor\u00eb. Jo. Bashkia do i ket\u00eb aty sh\u00ebrbimet.<\/p>\n<p>Ky ishte nj\u00eb tur nga i cili njeriu kthehet mir\u00ebnjoh\u00ebs, por kthehet edhe i trishtuar kur sheh gjendjen e atyre zonave mahnit\u00ebse, bukurive magjeps\u00ebse, trash\u00ebgimive kulturore unike me braktisjen masive t\u00eb tyre, me vjedhjen e madhe&#8230;<\/p>\n<p>80 p\u00ebrqind e t\u00eb rinjve q\u00eb mbaronin gjimnazet, largoheshin.<\/p>\n<p>Shqip\u00ebris\u00eb po i ikin rinia dhe kjo fushat\u00eb dhe ky 11 Maj \u00ebsht\u00eb vendimtar p\u00ebr fatin e saj.<\/p>\n<p>I p\u00ebrsh\u00ebndes t\u00eb gjith\u00eb ata qytetar\u00eb q\u00eb m\u00eb prit\u00ebn me aq entuziaz\u00ebm dhe i garantoj se \u00e7do premtim q\u00eb kam b\u00ebr\u00eb para tyre do shnd\u00ebrrohet n\u00eb realitet n\u00eb m\u00ebnyr\u00eb t\u00eb padiskutueshme\u201d, u shpreh Berisha.<\/p>\n","protected":false},"excerpt":{"rendered":"<p>Kryetari i Partis\u00eb Demokratike, Sali Berisha, gjat\u00eb nj\u00eb konferenc\u00eb shtypi n\u00eb selin\u00eb e PD, tha se, takimet ne jug t\u00eb Shqip\u00ebris\u00eb, mund ta quajm\u00eb turi i entuziazmit, optimizmit dhe vendimit t\u00eb jugut t\u00eb Shqip\u00ebris\u00eb p\u00ebr t\u2019u ndar\u00eb me t\u00eb keqen e madhe q\u00eb tani po e quajn\u00eb universalisht Edi Rama. \u00a0\u201cTuri i dy dit\u00ebve t\u00eb &hellip;<\/p>\n","protected":false},"author":4,"featured_media":111741,"comment_status":"closed","ping_status":"closed","sticky":false,"template":"","format":"standard","meta":{"footnotes":""},"categories":[37],"tags":[],"class_list":["post-111740","post","type-post","status-publish","format-standard","has-post-thumbnail","","category-politike"],"_links":{"self":[{"href":"https:\/\/rdnews.al\/index.php\/wp-json\/wp\/v2\/posts\/111740","targetHints":{"allow":["GET"]}}],"collection":[{"href":"https:\/\/rdnews.al\/index.php\/wp-json\/wp\/v2\/posts"}],"about":[{"href":"https:\/\/rdnews.al\/index.php\/wp-json\/wp\/v2\/types\/post"}],"author":[{"embeddable":true,"href":"https:\/\/rdnews.al\/index.php\/wp-json\/wp\/v2\/users\/4"}],"replies":[{"embeddable":true,"href":"https:\/\/rdnews.al\/index.php\/wp-json\/wp\/v2\/comments?post=111740"}],"version-history":[{"count":1,"href":"https:\/\/rdnews.al\/index.php\/wp-json\/wp\/v2\/posts\/111740\/revisions"}],"predecessor-version":[{"id":111742,"href":"https:\/\/rdnews.al\/index.php\/wp-json\/wp\/v2\/posts\/111740\/revisions\/111742"}],"wp:featuredmedia":[{"embeddable":true,"href":"https:\/\/rdnews.al\/index.php\/wp-json\/wp\/v2\/media\/111741"}],"wp:attachment":[{"href":"https:\/\/rdnews.al\/index.php\/wp-json\/wp\/v2\/media?parent=111740"}],"wp:term":[{"taxonomy":"category","embeddable":true,"href":"https:\/\/rdnews.al\/index.php\/wp-json\/wp\/v2\/categories?post=111740"},{"taxonomy":"post_tag","embeddable":true,"href":"https:\/\/rdnews.al\/index.php\/wp-json\/wp\/v2\/tags?post=111740"}],"curies":[{"name":"wp","href":"https:\/\/api.w.org\/{rel}","templated":true}]}}