{"id":111746,"date":"2025-04-25T11:51:22","date_gmt":"2025-04-25T11:51:22","guid":{"rendered":"https:\/\/rdnews.al\/?p=111746"},"modified":"2025-04-25T11:51:22","modified_gmt":"2025-04-25T11:51:22","slug":"berisha-nga-borshi-ne-gjorm-te-gjithe-e-dinin-se-rama-ka-vjedhur-pronat-dosja-mbahet-ne-sirtar-nga-sadushi","status":"publish","type":"post","link":"https:\/\/rdnews.al\/index.php\/2025\/04\/25\/berisha-nga-borshi-ne-gjorm-te-gjithe-e-dinin-se-rama-ka-vjedhur-pronat-dosja-mbahet-ne-sirtar-nga-sadushi\/","title":{"rendered":"Berisha: Nga Borshi n\u00eb Gjorm, t\u00eb gjith\u00eb e dinin se Rama ka vjedhur pronat! Dosja mbahet n\u00eb sirtar nga Sadushi"},"content":{"rendered":"<p>Kryetrai i Partis\u00eb Demokratike, Sali Berisha deklaroi se, nga Borshi n\u00eb Gjorm, t\u00eb gjith\u00eb e dinin se Rama ka vjedhur pronat!\u201d Ai tha se, dosja ka tre vjet q\u00eb mbahet n\u00eb sirtar nga Sadushi,<\/p>\n<p>\u201cA e d\u00ebgjove ti?<\/p>\n<p>Ata e dinin shum\u00eb mir\u00eb q\u00eb familja Koleka kan\u00eb pasur gjithsej vet\u00ebm tre derra dhe pes\u00eb dhi.<\/p>\n<p>E kan\u00eb me dokumente.<\/p>\n<p>Ka shkruar Spiro Koleka q\u00eb nuk kan\u00eb pasur asnj\u00eb tok\u00eb.<\/p>\n<p>Ku e gjet\u00ebn tok\u00ebn k\u00ebta?<\/p>\n<p>Asnj\u00eb, gjith\u00e7ka \u00ebsht\u00eb tok\u00eb e manastirit dhe tok\u00eb publike, e marr\u00eb me dokumente t\u00eb falsifikuara.<\/p>\n<p>Do shihen gj\u00ebrat.<\/p>\n<p>Dosja ka tre vjet q\u00eb mbahet n\u00eb sirtar nga Sadushi. Nuk e nxjerr dot.<\/p>\n<p>Po dosja do dal\u00eb se nuk vidhet aty.<\/p>\n<p>Ata e dinin t\u00eb gjith\u00eb q\u00eb \u00ebsht\u00eb vjedhje. Nga Borshi gjer n\u00eb Gjorm, e kishin shum\u00eb t\u00eb qart\u00eb se \u00ebsht\u00eb vjedhje.<\/p>\n<p>Lideri i opozit\u00ebs deklaroi gjat\u00eb konferenc\u00ebs p\u00ebr shtyp duke folur p\u00ebr ndarjen nga jeta t\u00eb Papa Frann\u00e7eskut se, \u201cvijoj fushat\u00ebn duke respektuar plot\u00ebsisht rregullat e zis\u00eb\u201d.<\/p>\n<p>\u201cDmth, tha Berisha, \u00a0p\u00ebrcaktohen nuk do t\u00eb ket\u00eb muzik\u00eb dhe natyrisht do t\u00eb nderohet kujtimi i shenjt\u00ebris\u00eb s\u00eb tij Papa Fran\u00e7eskut, n\u00eb \u00e7do takim me 1 minut\u00eb heshtje\u201d, tha Berisha.<\/p>\n","protected":false},"excerpt":{"rendered":"<p>Kryetrai i Partis\u00eb Demokratike, Sali Berisha deklaroi se, nga Borshi n\u00eb Gjorm, t\u00eb gjith\u00eb e dinin se Rama ka vjedhur pronat!\u201d Ai tha se, dosja ka tre vjet q\u00eb mbahet n\u00eb sirtar nga Sadushi, \u201cA e d\u00ebgjove ti? Ata e dinin shum\u00eb mir\u00eb q\u00eb familja Koleka kan\u00eb pasur gjithsej vet\u00ebm tre derra dhe pes\u00eb dhi. &hellip;<\/p>\n","protected":false},"author":4,"featured_media":111747,"comment_status":"closed","ping_status":"closed","sticky":false,"template":"","format":"standard","meta":{"footnotes":""},"categories":[37],"tags":[],"class_list":["post-111746","post","type-post","status-publish","format-standard","has-post-thumbnail","","category-politike"],"_links":{"self":[{"href":"https:\/\/rdnews.al\/index.php\/wp-json\/wp\/v2\/posts\/111746","targetHints":{"allow":["GET"]}}],"collection":[{"href":"https:\/\/rdnews.al\/index.php\/wp-json\/wp\/v2\/posts"}],"about":[{"href":"https:\/\/rdnews.al\/index.php\/wp-json\/wp\/v2\/types\/post"}],"author":[{"embeddable":true,"href":"https:\/\/rdnews.al\/index.php\/wp-json\/wp\/v2\/users\/4"}],"replies":[{"embeddable":true,"href":"https:\/\/rdnews.al\/index.php\/wp-json\/wp\/v2\/comments?post=111746"}],"version-history":[{"count":1,"href":"https:\/\/rdnews.al\/index.php\/wp-json\/wp\/v2\/posts\/111746\/revisions"}],"predecessor-version":[{"id":111748,"href":"https:\/\/rdnews.al\/index.php\/wp-json\/wp\/v2\/posts\/111746\/revisions\/111748"}],"wp:featuredmedia":[{"embeddable":true,"href":"https:\/\/rdnews.al\/index.php\/wp-json\/wp\/v2\/media\/111747"}],"wp:attachment":[{"href":"https:\/\/rdnews.al\/index.php\/wp-json\/wp\/v2\/media?parent=111746"}],"wp:term":[{"taxonomy":"category","embeddable":true,"href":"https:\/\/rdnews.al\/index.php\/wp-json\/wp\/v2\/categories?post=111746"},{"taxonomy":"post_tag","embeddable":true,"href":"https:\/\/rdnews.al\/index.php\/wp-json\/wp\/v2\/tags?post=111746"}],"curies":[{"name":"wp","href":"https:\/\/api.w.org\/{rel}","templated":true}]}}