{"id":111749,"date":"2025-04-25T11:55:42","date_gmt":"2025-04-25T11:55:42","guid":{"rendered":"https:\/\/rdnews.al\/?p=111749"},"modified":"2025-04-25T12:17:04","modified_gmt":"2025-04-25T12:17:04","slug":"berisha-vrenozi-eshte-stari-i-kesaj-fushate-ai-perfaqeson-qytetarin-me-hallet-e-tij-por-qe-nuk-shitet","status":"publish","type":"post","link":"https:\/\/rdnews.al\/index.php\/2025\/04\/25\/berisha-vrenozi-eshte-stari-i-kesaj-fushate-ai-perfaqeson-qytetarin-me-hallet-e-tij-por-qe-nuk-shitet\/","title":{"rendered":"Berisha p\u00ebr Vrenozin: Esht\u00eb stari i k\u00ebsaj fushate, p\u00ebrfaq\u00ebson qytetarin me hallet e tij, por q\u00eb nuk shitet!"},"content":{"rendered":"<p>Lideri i opozit\u00ebs, Sali Berisha, gjat\u00eb konferenc\u00ebs s\u00eb tij p\u00ebr shtyp, komentoi edhe q\u00ebndrimin e demokratit kor\u00e7ar Ilir Vrenozi. \u00a0Berisha tha se, ai \u00ebsht\u00eb stari i k\u00ebsaj fushate sepse Vrenozi p\u00ebrfaq\u00ebson qytetarin me hallet e tij, por q\u00eb nuk shitet.<\/p>\n<p>\u201cJan\u00eb dy gj\u00ebra t\u00eb pakrahasueshme.<\/p>\n<p>Basha u vu n\u00eb funksion nj\u00eblloj si brava me \u00e7el\u00ebsin, kurse Ilir Vrenozi ishte epik.<\/p>\n<p>Ai zhvilloi nj\u00eb betej\u00eb si Davidi me Golian.<\/p>\n<p>E kllaposi Ram\u00ebn. E d\u00ebrrmoi.<\/p>\n<p>Mos e pyet.<\/p>\n<p>Nuk ka marr\u00eb kush p\u00ebrgjigje publike m\u00eb t\u00eb trisht\u00eb, po t\u00eb them t\u00eb v\u00ebrtet\u00ebn m\u00eb posht\u00ebruese.<\/p>\n<p>Se shkon me at\u00eb mentalitetin anadollak se do e blej at\u00eb. Kur kam bler\u00eb ata, do e blej edhe k\u00ebt\u00eb un\u00eb.<\/p>\n<p>Ai dha nj\u00eb p\u00ebrgjigje&#8230;. po kujt t\u2019i jap\u00ebsh se duhet t\u00eb kesh turp q\u00eb t\u00eb turp\u00ebrohesh. Ky nuk ka turp.<\/p>\n<p>Megjithat\u00eb Vrenozi \u00ebsht\u00eb stari i k\u00ebsaj fushate sepse Vrenozi p\u00ebrfaq\u00ebson qytetarin me hallet e tij, por q\u00eb nuk shitet.<\/p>\n<p>Imagjino ti se \u00e7far\u00eb oferte do i b\u00ebnte Rama atij sikur t\u2019i shkonte n\u00eb podcastin e tij.<\/p>\n<p>K\u00ebshtu q\u00eb Vrenozi \u00ebsht\u00eb stari i k\u00ebsaj fushate.<\/p>\n<p>E p\u00ebrg\u00ebzova n\u00eb Kor\u00e7\u00eb, e p\u00ebrg\u00ebzoj prap\u00eb. Por Ram\u00ebn e posht\u00ebroj, p\u00ebr aq sa e ndjen Rama posht\u00ebrimin\u201d, tha Berisha.<\/p>\n","protected":false},"excerpt":{"rendered":"<p>Lideri i opozit\u00ebs, Sali Berisha, gjat\u00eb konferenc\u00ebs s\u00eb tij p\u00ebr shtyp, komentoi edhe q\u00ebndrimin e demokratit kor\u00e7ar Ilir Vrenozi. \u00a0Berisha tha se, ai \u00ebsht\u00eb stari i k\u00ebsaj fushate sepse Vrenozi p\u00ebrfaq\u00ebson qytetarin me hallet e tij, por q\u00eb nuk shitet. \u201cJan\u00eb dy gj\u00ebra t\u00eb pakrahasueshme. Basha u vu n\u00eb funksion nj\u00eblloj si brava me \u00e7el\u00ebsin, &hellip;<\/p>\n","protected":false},"author":4,"featured_media":111761,"comment_status":"closed","ping_status":"closed","sticky":false,"template":"","format":"standard","meta":{"footnotes":""},"categories":[37],"tags":[],"class_list":["post-111749","post","type-post","status-publish","format-standard","has-post-thumbnail","","category-politike"],"_links":{"self":[{"href":"https:\/\/rdnews.al\/index.php\/wp-json\/wp\/v2\/posts\/111749","targetHints":{"allow":["GET"]}}],"collection":[{"href":"https:\/\/rdnews.al\/index.php\/wp-json\/wp\/v2\/posts"}],"about":[{"href":"https:\/\/rdnews.al\/index.php\/wp-json\/wp\/v2\/types\/post"}],"author":[{"embeddable":true,"href":"https:\/\/rdnews.al\/index.php\/wp-json\/wp\/v2\/users\/4"}],"replies":[{"embeddable":true,"href":"https:\/\/rdnews.al\/index.php\/wp-json\/wp\/v2\/comments?post=111749"}],"version-history":[{"count":2,"href":"https:\/\/rdnews.al\/index.php\/wp-json\/wp\/v2\/posts\/111749\/revisions"}],"predecessor-version":[{"id":111762,"href":"https:\/\/rdnews.al\/index.php\/wp-json\/wp\/v2\/posts\/111749\/revisions\/111762"}],"wp:featuredmedia":[{"embeddable":true,"href":"https:\/\/rdnews.al\/index.php\/wp-json\/wp\/v2\/media\/111761"}],"wp:attachment":[{"href":"https:\/\/rdnews.al\/index.php\/wp-json\/wp\/v2\/media?parent=111749"}],"wp:term":[{"taxonomy":"category","embeddable":true,"href":"https:\/\/rdnews.al\/index.php\/wp-json\/wp\/v2\/categories?post=111749"},{"taxonomy":"post_tag","embeddable":true,"href":"https:\/\/rdnews.al\/index.php\/wp-json\/wp\/v2\/tags?post=111749"}],"curies":[{"name":"wp","href":"https:\/\/api.w.org\/{rel}","templated":true}]}}