{"id":111752,"date":"2025-04-25T12:01:46","date_gmt":"2025-04-25T12:01:46","guid":{"rendered":"https:\/\/rdnews.al\/?p=111752"},"modified":"2025-04-25T12:01:46","modified_gmt":"2025-04-25T12:01:46","slug":"ata-qe-merren-me-moshen-time-nxjerrin-ne-pah-kontrastin-se-sa-pak-kane-ndikuar-vitet-tek-sali-berisha","status":"publish","type":"post","link":"https:\/\/rdnews.al\/index.php\/2025\/04\/25\/ata-qe-merren-me-moshen-time-nxjerrin-ne-pah-kontrastin-se-sa-pak-kane-ndikuar-vitet-tek-sali-berisha\/","title":{"rendered":"Ata q\u00eb merren me mosh\u00ebn time, nxjerrin n\u00eb pah kontrastin se sa pak kan\u00eb ndikuar vitet tek Sali Berisha!"},"content":{"rendered":"<p>Kryetari i Partis\u00eb Demokratike, Sali Berisha zhvilloi sot nj\u00eb deklarat\u00eb p\u00ebr mediat, ku iu p\u00ebrgjigj disa pyetjeve me interes p\u00ebr qytetar\u00ebt. Nd\u00ebr t\u00eb tjera, Berisha u ndal edhe te komentet e b\u00ebra ndaj tij p\u00ebr mosh\u00ebn.<\/p>\n<p>Berisha tha se, ata q\u00eb merren me mosh\u00ebn e tij, nxjerrin n\u00eb pah kontrastin, se sa pak kan\u00eb ndikuar vitet tek Sali Berisha.<\/p>\n<p>\u201cP\u00ebrkundrazi, sa m\u00eb shum\u00eb q\u00eb merren me mosh\u00ebn, nxjerrin n\u00eb pah kontrastin, se sa pak kan\u00eb ndikuar vitet tek Sali Berisha. Po ka manipulator, nj\u00ebri paraqiste nj\u00eb dit\u00eb, un\u00eb merrja mikrofonin p\u00ebr tu treguar ju me tabel\u00eb, ata kishin v\u00ebn\u00eb Joe Biden q\u00eb ecte n\u00eb drejtim tjet\u00ebr.<\/p>\n<p>Edi Rama ushqehet me to. Ose m\u00eb e forta, n\u00eb Kor\u00e7\u00eb p\u00ebrmenda Gjergji Lek\u00ebn, \u00ebsht\u00eb nj\u00eb kollos i hard-rrokut, dhe dikush duke treguar injoranc\u00ebn, ndigjoni gaf\u00ebn e tij.<\/p>\n<p>Por k\u00ebto jan\u00eb pastaj probleme q\u00eb nuk jan\u00eb t\u00eb miat, por t\u00eb atyre q\u00eb i ngren\u00eb\u201d, tha Berisha<strong>.<\/strong><\/p>\n","protected":false},"excerpt":{"rendered":"<p>Kryetari i Partis\u00eb Demokratike, Sali Berisha zhvilloi sot nj\u00eb deklarat\u00eb p\u00ebr mediat, ku iu p\u00ebrgjigj disa pyetjeve me interes p\u00ebr qytetar\u00ebt. Nd\u00ebr t\u00eb tjera, Berisha u ndal edhe te komentet e b\u00ebra ndaj tij p\u00ebr mosh\u00ebn. Berisha tha se, ata q\u00eb merren me mosh\u00ebn e tij, nxjerrin n\u00eb pah kontrastin, se sa pak kan\u00eb ndikuar &hellip;<\/p>\n","protected":false},"author":4,"featured_media":111741,"comment_status":"closed","ping_status":"closed","sticky":false,"template":"","format":"standard","meta":{"footnotes":""},"categories":[37],"tags":[],"class_list":["post-111752","post","type-post","status-publish","format-standard","has-post-thumbnail","","category-politike"],"_links":{"self":[{"href":"https:\/\/rdnews.al\/index.php\/wp-json\/wp\/v2\/posts\/111752","targetHints":{"allow":["GET"]}}],"collection":[{"href":"https:\/\/rdnews.al\/index.php\/wp-json\/wp\/v2\/posts"}],"about":[{"href":"https:\/\/rdnews.al\/index.php\/wp-json\/wp\/v2\/types\/post"}],"author":[{"embeddable":true,"href":"https:\/\/rdnews.al\/index.php\/wp-json\/wp\/v2\/users\/4"}],"replies":[{"embeddable":true,"href":"https:\/\/rdnews.al\/index.php\/wp-json\/wp\/v2\/comments?post=111752"}],"version-history":[{"count":1,"href":"https:\/\/rdnews.al\/index.php\/wp-json\/wp\/v2\/posts\/111752\/revisions"}],"predecessor-version":[{"id":111753,"href":"https:\/\/rdnews.al\/index.php\/wp-json\/wp\/v2\/posts\/111752\/revisions\/111753"}],"wp:featuredmedia":[{"embeddable":true,"href":"https:\/\/rdnews.al\/index.php\/wp-json\/wp\/v2\/media\/111741"}],"wp:attachment":[{"href":"https:\/\/rdnews.al\/index.php\/wp-json\/wp\/v2\/media?parent=111752"}],"wp:term":[{"taxonomy":"category","embeddable":true,"href":"https:\/\/rdnews.al\/index.php\/wp-json\/wp\/v2\/categories?post=111752"},{"taxonomy":"post_tag","embeddable":true,"href":"https:\/\/rdnews.al\/index.php\/wp-json\/wp\/v2\/tags?post=111752"}],"curies":[{"name":"wp","href":"https:\/\/api.w.org\/{rel}","templated":true}]}}