{"id":111754,"date":"2025-04-25T12:08:30","date_gmt":"2025-04-25T12:08:30","guid":{"rendered":"https:\/\/rdnews.al\/?p=111754"},"modified":"2025-04-25T12:08:30","modified_gmt":"2025-04-25T12:08:30","slug":"berisha-nenat-dhe-grate-shqiptare-do-jene-te-parat-qe-do-e-ndeshkojne-ramen","status":"publish","type":"post","link":"https:\/\/rdnews.al\/index.php\/2025\/04\/25\/berisha-nenat-dhe-grate-shqiptare-do-jene-te-parat-qe-do-e-ndeshkojne-ramen\/","title":{"rendered":"Berisha: N\u00ebnat dhe grat\u00eb shqiptare do jen\u00eb t\u00eb parat q\u00eb do e nd\u00ebshkojn\u00eb Ram\u00ebn!"},"content":{"rendered":"<p>Kryetari i PD, Sali Berisha tha gjat\u00eb konferenc\u00ebs p\u00ebr shtyp se, n\u00ebnat dhe grat\u00eb shqiptare do jen\u00eb t\u00eb parat q\u00eb do e nd\u00ebshkojn\u00eb Ram\u00ebn, p\u00ebr at\u00eb q\u00eb ai u ka b\u00ebr\u00eb atyre nd\u00ebr vite. Berisha tha se, takimet e Edi Ram\u00ebs jan\u00eb takime me detyrim.<br \/>\n\u201cS\u00eb pari takimet e mia hajde kontrolloni, jan\u00eb takime t\u00eb elektrizuara. \u00c7far\u00eb \u00ebsht\u00eb elektrizimi? Njer\u00ebz t\u00eb lir\u00eb, aty mblidhen njer\u00ebz t\u00eb lir\u00eb.<br \/>\nS\u00eb dyti, takimet e Edi Ram\u00ebs jan\u00eb takime me detyrim. \u00cbsht\u00eb faktuar me dokumente q\u00eb ai merr me regjist\u00ebr qend\u00ebr pune, me detyrim.<br \/>\nP\u00ebr t\u00eb mbushur me regjist\u00ebr me qendra pune, do t\u00eb thot\u00eb shtet elektoral. Do t\u00eb thot\u00eb, shkat\u00ebrrimi i kodit elektoral, dhunimi i kodit elektoral.<br \/>\nP\u00ebr t\u00eb marr\u00eb studentet, vajzat e shkollave, me detyrim. Mbyll shkolla, mbyll universitet, k\u00ebto pastaj jan\u00eb t\u00eb gjitha kundraproduktive.<br \/>\nPor nj\u00eb gj\u00eb do t\u00eb them.<br \/>\nEdi Rama ka zgjedhur nj\u00eb fushat\u00eb specifike, me gra dhe vajza, me besimin e madh se, duke ju adresuar vet\u00ebm atyre, me element\u00eb t\u00eb p\u00ebrroit Frojdjan do mundet n\u00eb nj\u00eb m\u00ebnyr\u00eb ose n\u00eb nj\u00eb tjet\u00ebr, ti mashtroj\u00eb p\u00ebr vot\u00ebn.<br \/>\nDhe k\u00ebtu tregon cekt\u00ebsin\u00eb e tij.<br \/>\nS\u00eb pari, nuk ka grua, nuk ka n\u00ebn\u00eb dhe mot\u00ebr, q\u00eb i vjen mir\u00eb t\u2019ia shash, burrin, v\u00ebllain, bashk\u00ebshortin dhe babain. Cili do qoft\u00eb ai. Ata jan\u00eb krenaria e nj\u00ebri-tjetrit, si burri dhe gruaja, f\u00ebmij\u00ebt.<br \/>\nEdi Rama ka zgjedhur k\u00ebt\u00eb duke harruar se koh\u00ebrat kur gruaja ka qen\u00eb n\u00ebn\u00eb f\u00ebmije dhe objekt seksi, kan\u00eb marr\u00eb fund dhjet\u00ebra e dhjet\u00ebra vite m\u00eb par\u00eb.<br \/>\nSot grat\u00eb jan\u00eb shtyll\u00eb e sht\u00ebpis\u00eb, jan\u00eb aksionere n\u00eb \u00e7do arritje t\u00eb familjes dhe asgj\u00eb s\u2019mund ti josh\u00eb dhe mashtroj\u00eb ato, p\u00ebr t\u00eb krijuar diferenc\u00ebn sado t\u00eb vog\u00ebl t\u00eb epris\u00eb, apo n\u00ebnepris\u00eb n\u00eb raport me burrat e tyre.<br \/>\nM\u00ebnyra se si u adresohet, un\u00eb them se, \u00ebsht\u00eb nj\u00eb gj\u00eb q\u00eb ai p\u00ebrpiqet n\u00eb nj\u00eb m\u00ebnyr\u00eb apo n\u00eb nj\u00eb tjet\u00ebr t\u00eb kap\u00ebrcej\u00eb traumat, plag\u00ebt, l\u00ebndimet q\u00eb i ka krijuar ai, n\u00ebn\u00ebs, vajz\u00ebs, gruas shqiptare duke i detyruar bashk\u00ebshortin t\u00eb largohet n\u00eb emigracion p\u00ebr kafshat\u00ebn e f\u00ebmij\u00ebve.<br \/>\nDuke i detyruar f\u00ebmij\u00ebt t\u00eb largohen sepse nuk mjafton sofra p\u00ebr ti ushqyer.<br \/>\nDuke detyruar n\u00ebn\u00ebn t\u00eb p\u00ebrpiqet me dy ose tre pun\u00eb, ku t\u00eb gjej\u00eb p\u00ebr t\u00eb ushqyer f\u00ebmij\u00ebt e vet, duke rr\u00ebnuar shkoll\u00ebn e f\u00ebmij\u00ebve t\u00eb saj.<br \/>\nPra n\u00eb qoft\u00eb se ka, sot shqiptar q\u00eb do i hakmerren m\u00eb shum\u00eb Edi Ram\u00ebs, jan\u00eb grat\u00eb dhe vajzat shqiptare p\u00ebr at\u00eb q\u00eb ai u ka shkaktuar atyre me politikat e tij.<br \/>\nP\u00ebrpiqet ai tani me disa element\u00eb, thash\u00eb dhe nj\u00ebher\u00eb t\u00eb nxjerra nga p\u00ebrroi Frojdan se do t\u00eb mund t\u00eb nxjerr\u00eb, absolutisht jo.<br \/>\nKam bindje t\u00eb fort\u00eb, n\u00eb fibr\u00ebn morale t\u00eb n\u00ebnave dhe motrave shqiptare, q\u00eb ato do jen\u00eb t\u00eb parat q\u00eb do i japin reston dhe shifni n\u00eb miting si ulin kok\u00ebn.<br \/>\nUlin kok\u00ebn n\u00eb takim me t\u00eb, se \u00ebsht\u00eb nj\u00eb sfa\u00e7iato. Paraqitet aty si nj\u00eb njeri i paskrupullt, q\u00eb ka p\u00ebr borxh t\u00eb thot\u00eb gj\u00ebra q\u00eb nuk i thot\u00eb kush, nuk i thot\u00eb njeri ato. Dhe mendon se n\u00eb at\u00eb m\u00ebnyr\u00eb, duke banalizuar fushat\u00ebn, ato \u00e7far\u00eb i merr n\u00ebnat dhe grat\u00eb. Harron q\u00eb e kan\u00eb flintin m\u00eb t\u00eb lart\u00eb se t\u00eb tjer\u00ebt\u201d, tha Berisha.<\/p>\n","protected":false},"excerpt":{"rendered":"<p>Kryetari i PD, Sali Berisha tha gjat\u00eb konferenc\u00ebs p\u00ebr shtyp se, n\u00ebnat dhe grat\u00eb shqiptare do jen\u00eb t\u00eb parat q\u00eb do e nd\u00ebshkojn\u00eb Ram\u00ebn, p\u00ebr at\u00eb q\u00eb ai u ka b\u00ebr\u00eb atyre nd\u00ebr vite. Berisha tha se, takimet e Edi Ram\u00ebs jan\u00eb takime me detyrim. \u201cS\u00eb pari takimet e mia hajde kontrolloni, jan\u00eb takime t\u00eb &hellip;<\/p>\n","protected":false},"author":4,"featured_media":111755,"comment_status":"closed","ping_status":"closed","sticky":false,"template":"","format":"standard","meta":{"footnotes":""},"categories":[37],"tags":[],"class_list":["post-111754","post","type-post","status-publish","format-standard","has-post-thumbnail","","category-politike"],"_links":{"self":[{"href":"https:\/\/rdnews.al\/index.php\/wp-json\/wp\/v2\/posts\/111754","targetHints":{"allow":["GET"]}}],"collection":[{"href":"https:\/\/rdnews.al\/index.php\/wp-json\/wp\/v2\/posts"}],"about":[{"href":"https:\/\/rdnews.al\/index.php\/wp-json\/wp\/v2\/types\/post"}],"author":[{"embeddable":true,"href":"https:\/\/rdnews.al\/index.php\/wp-json\/wp\/v2\/users\/4"}],"replies":[{"embeddable":true,"href":"https:\/\/rdnews.al\/index.php\/wp-json\/wp\/v2\/comments?post=111754"}],"version-history":[{"count":1,"href":"https:\/\/rdnews.al\/index.php\/wp-json\/wp\/v2\/posts\/111754\/revisions"}],"predecessor-version":[{"id":111756,"href":"https:\/\/rdnews.al\/index.php\/wp-json\/wp\/v2\/posts\/111754\/revisions\/111756"}],"wp:featuredmedia":[{"embeddable":true,"href":"https:\/\/rdnews.al\/index.php\/wp-json\/wp\/v2\/media\/111755"}],"wp:attachment":[{"href":"https:\/\/rdnews.al\/index.php\/wp-json\/wp\/v2\/media?parent=111754"}],"wp:term":[{"taxonomy":"category","embeddable":true,"href":"https:\/\/rdnews.al\/index.php\/wp-json\/wp\/v2\/categories?post=111754"},{"taxonomy":"post_tag","embeddable":true,"href":"https:\/\/rdnews.al\/index.php\/wp-json\/wp\/v2\/tags?post=111754"}],"curies":[{"name":"wp","href":"https:\/\/api.w.org\/{rel}","templated":true}]}}