{"id":111757,"date":"2025-04-25T12:12:37","date_gmt":"2025-04-25T12:12:37","guid":{"rendered":"https:\/\/rdnews.al\/?p=111757"},"modified":"2025-04-25T12:12:37","modified_gmt":"2025-04-25T12:12:37","slug":"berisha-punonjesit-jane-ne-presion-te-madh-nga-drejtoret-patronazhiste-e-denoj-kete-klime-terrori","status":"publish","type":"post","link":"https:\/\/rdnews.al\/index.php\/2025\/04\/25\/berisha-punonjesit-jane-ne-presion-te-madh-nga-drejtoret-patronazhiste-e-denoj-kete-klime-terrori\/","title":{"rendered":"Berisha: Punonj\u00ebsit jan\u00eb n\u00eb presion t\u00eb madh nga drejtor\u00ebt patronazhist\u00eb, e d\u00ebnoj k\u00ebt\u00eb klim\u00eb terrori!"},"content":{"rendered":"<p>Kryetari i PD, Sali Berisha tha se, punonj\u00ebsit jan\u00eb n\u00eb presion t\u00eb madh nga drejtor\u00ebt patronazhist\u00eb. Ai tha se, e d\u00ebnoj k\u00ebt\u00eb klim\u00eb terrori q\u00eb mbillet sot n\u00eb administrat\u00eb.<\/p>\n<p>\u201cUn\u00eb e b\u00ebj me shum\u00eb sinqeritet at\u00eb dhe u them ju se ka qindra e mij\u00ebra punonj\u00ebs q\u00eb refuzojn\u00eb t\u00eb b\u00ebhen pjes\u00eb e shtetit elektoral dhe q\u00ebndrojn\u00eb si punonj\u00ebs t\u00eb shtetit dhe un\u00eb i p\u00ebrg\u00ebzoj ata.<\/p>\n<p>Ata jan\u00eb n\u00eb presion t\u00eb madh nga drejtor\u00ebt patronazhist\u00eb, ata v\u00ebzhgohen, jan\u00eb n\u00eb survejim dhe un\u00eb e d\u00ebnoj k\u00ebt\u00eb klim\u00eb terrori q\u00eb mbillet sot n\u00eb administrat\u00eb.<\/p>\n<p>T\u00eb dh\u00ebnat i kam shum\u00eb t\u00eb sakta, jo nga nj\u00eb, por nga nj\u00eb num\u00ebr i madh institucionesh.<\/p>\n<p>Nuk ka diskutim se ata q\u00eb zbatojn\u00eb ligjin jan\u00eb nj\u00eb pasuri komb\u00ebtare\u201d, tha Berisha.<\/p>\n","protected":false},"excerpt":{"rendered":"<p>Kryetari i PD, Sali Berisha tha se, punonj\u00ebsit jan\u00eb n\u00eb presion t\u00eb madh nga drejtor\u00ebt patronazhist\u00eb. Ai tha se, e d\u00ebnoj k\u00ebt\u00eb klim\u00eb terrori q\u00eb mbillet sot n\u00eb administrat\u00eb. \u201cUn\u00eb e b\u00ebj me shum\u00eb sinqeritet at\u00eb dhe u them ju se ka qindra e mij\u00ebra punonj\u00ebs q\u00eb refuzojn\u00eb t\u00eb b\u00ebhen pjes\u00eb e shtetit elektoral dhe &hellip;<\/p>\n","protected":false},"author":4,"featured_media":111747,"comment_status":"closed","ping_status":"closed","sticky":false,"template":"","format":"standard","meta":{"footnotes":""},"categories":[37],"tags":[],"class_list":["post-111757","post","type-post","status-publish","format-standard","has-post-thumbnail","","category-politike"],"_links":{"self":[{"href":"https:\/\/rdnews.al\/index.php\/wp-json\/wp\/v2\/posts\/111757","targetHints":{"allow":["GET"]}}],"collection":[{"href":"https:\/\/rdnews.al\/index.php\/wp-json\/wp\/v2\/posts"}],"about":[{"href":"https:\/\/rdnews.al\/index.php\/wp-json\/wp\/v2\/types\/post"}],"author":[{"embeddable":true,"href":"https:\/\/rdnews.al\/index.php\/wp-json\/wp\/v2\/users\/4"}],"replies":[{"embeddable":true,"href":"https:\/\/rdnews.al\/index.php\/wp-json\/wp\/v2\/comments?post=111757"}],"version-history":[{"count":1,"href":"https:\/\/rdnews.al\/index.php\/wp-json\/wp\/v2\/posts\/111757\/revisions"}],"predecessor-version":[{"id":111758,"href":"https:\/\/rdnews.al\/index.php\/wp-json\/wp\/v2\/posts\/111757\/revisions\/111758"}],"wp:featuredmedia":[{"embeddable":true,"href":"https:\/\/rdnews.al\/index.php\/wp-json\/wp\/v2\/media\/111747"}],"wp:attachment":[{"href":"https:\/\/rdnews.al\/index.php\/wp-json\/wp\/v2\/media?parent=111757"}],"wp:term":[{"taxonomy":"category","embeddable":true,"href":"https:\/\/rdnews.al\/index.php\/wp-json\/wp\/v2\/categories?post=111757"},{"taxonomy":"post_tag","embeddable":true,"href":"https:\/\/rdnews.al\/index.php\/wp-json\/wp\/v2\/tags?post=111757"}],"curies":[{"name":"wp","href":"https:\/\/api.w.org\/{rel}","templated":true}]}}