{"id":111759,"date":"2025-04-25T12:14:05","date_gmt":"2025-04-25T12:14:05","guid":{"rendered":"https:\/\/rdnews.al\/?p=111759"},"modified":"2025-04-25T12:14:05","modified_gmt":"2025-04-25T12:14:05","slug":"berisha-edi-rames-po-i-afrohet-dita-e-gropes-prandaj-kerkon-te-zbrese-ne-kuota","status":"publish","type":"post","link":"https:\/\/rdnews.al\/index.php\/2025\/04\/25\/berisha-edi-rames-po-i-afrohet-dita-e-gropes-prandaj-kerkon-te-zbrese-ne-kuota\/","title":{"rendered":"\u00a0Berisha: Edi Ram\u00ebs po i afrohet dita e grop\u00ebs, prandaj k\u00ebrkon t\u00eb zbres\u00eb n\u00eb kuota!"},"content":{"rendered":"<p>Kryetari i PD, Sali Berisha, gjat\u00eb konferenc\u00ebs p\u00ebr shtyp tha se, Edi Rama po shkon drejt grop\u00ebs, prandj k\u00ebrkon q\u00eb t\u00eb zbres\u00eb pak n\u00eb sondazhe n\u00eb kuota, m\u00eb realiste.<\/p>\n<p>\u201cPo shkon drejt grop\u00ebs q\u00eb i ka b\u00ebr\u00eb vetes. E ka par\u00eb q\u00eb \u00ebsht\u00eb i pashpres\u00eb.<\/p>\n<p>Po afrohet dita e grop\u00ebs dhe prandaj k\u00ebrkon q\u00eb t\u00eb zbres\u00eb n\u00eb kuota, m\u00eb realiste\u201d, tha ai.<\/p>\n","protected":false},"excerpt":{"rendered":"<p>Kryetari i PD, Sali Berisha, gjat\u00eb konferenc\u00ebs p\u00ebr shtyp tha se, Edi Rama po shkon drejt grop\u00ebs, prandj k\u00ebrkon q\u00eb t\u00eb zbres\u00eb pak n\u00eb sondazhe n\u00eb kuota, m\u00eb realiste. \u201cPo shkon drejt grop\u00ebs q\u00eb i ka b\u00ebr\u00eb vetes. E ka par\u00eb q\u00eb \u00ebsht\u00eb i pashpres\u00eb. Po afrohet dita e grop\u00ebs dhe prandaj k\u00ebrkon q\u00eb t\u00eb &hellip;<\/p>\n","protected":false},"author":4,"featured_media":111744,"comment_status":"closed","ping_status":"closed","sticky":false,"template":"","format":"standard","meta":{"footnotes":""},"categories":[37],"tags":[],"class_list":["post-111759","post","type-post","status-publish","format-standard","has-post-thumbnail","","category-politike"],"_links":{"self":[{"href":"https:\/\/rdnews.al\/index.php\/wp-json\/wp\/v2\/posts\/111759","targetHints":{"allow":["GET"]}}],"collection":[{"href":"https:\/\/rdnews.al\/index.php\/wp-json\/wp\/v2\/posts"}],"about":[{"href":"https:\/\/rdnews.al\/index.php\/wp-json\/wp\/v2\/types\/post"}],"author":[{"embeddable":true,"href":"https:\/\/rdnews.al\/index.php\/wp-json\/wp\/v2\/users\/4"}],"replies":[{"embeddable":true,"href":"https:\/\/rdnews.al\/index.php\/wp-json\/wp\/v2\/comments?post=111759"}],"version-history":[{"count":1,"href":"https:\/\/rdnews.al\/index.php\/wp-json\/wp\/v2\/posts\/111759\/revisions"}],"predecessor-version":[{"id":111760,"href":"https:\/\/rdnews.al\/index.php\/wp-json\/wp\/v2\/posts\/111759\/revisions\/111760"}],"wp:featuredmedia":[{"embeddable":true,"href":"https:\/\/rdnews.al\/index.php\/wp-json\/wp\/v2\/media\/111744"}],"wp:attachment":[{"href":"https:\/\/rdnews.al\/index.php\/wp-json\/wp\/v2\/media?parent=111759"}],"wp:term":[{"taxonomy":"category","embeddable":true,"href":"https:\/\/rdnews.al\/index.php\/wp-json\/wp\/v2\/categories?post=111759"},{"taxonomy":"post_tag","embeddable":true,"href":"https:\/\/rdnews.al\/index.php\/wp-json\/wp\/v2\/tags?post=111759"}],"curies":[{"name":"wp","href":"https:\/\/api.w.org\/{rel}","templated":true}]}}