{"id":111765,"date":"2025-04-25T16:41:53","date_gmt":"2025-04-25T16:41:53","guid":{"rendered":"https:\/\/rdnews.al\/?p=111765"},"modified":"2025-04-25T16:42:11","modified_gmt":"2025-04-25T16:42:11","slug":"minatori-i-bulqizes-djeg-teseren-e-ps-se","status":"publish","type":"post","link":"https:\/\/rdnews.al\/index.php\/2025\/04\/25\/minatori-i-bulqizes-djeg-teseren-e-ps-se\/","title":{"rendered":"Minatori i Bulqiz\u00ebs djeg teser\u00ebn e PS (Video)"},"content":{"rendered":"<p>Nj\u00eb socialist me profesionin minator n\u00eb Bulqiz\u00eb, ka djegur teser\u00ebn e Partis\u00eb Socialiste gjat\u00eb nj\u00eb takimit t\u00eb kandidat\u00ebve t\u00eb PD p\u00ebr zgjedhjet parlamentare t\u00eb 11 Majit me minator\u00ebt e Matit dhe Bulqiz\u00ebs.<\/p>\n<p>Video \u00ebsht\u00eb shp\u00ebrndar\u00eb n\u00eb rrjetet sociale nga kandidati Basir \u00c7ollaku, teksa gjat\u00eb momentit kur minatori djeg teser\u00ebn, d\u00ebgjohen thirrjet \u201cRama ik\u201d apo \u201cRama legen\u201d.<\/p>\n<p>N\u00eb fund, minatori ka patur edhe nj\u00eb thirrje p\u00ebr Edi Ram\u00ebn ku shprehet \u201cpo t\u00eb jet\u00eb burr\u00eb, le t\u00eb vij\u00eb n\u00eb Bulqiz\u00eb ta thot\u00eb at\u00eb q\u00eb tha n\u00eb Dib\u00ebr\u201d, duke iu referuar termit \u201c\u00e7yryk\u201d q\u00eb kryeministri p\u00ebrdori p\u00ebr burrat.<\/p>\n<p><em>\u201cMinatori djeg teser\u00ebn e Rilindjes, djeg vuajtjen e tij, djeg harres\u00ebn ndaj tij, e bashk\u00ebvuajt\u00ebsve, n\u00eb takimin me minator\u00eb t\u00eb Bulqiz\u00ebs e Matit..\u201d<\/em>\u00a0\u2013 shkruan Basir \u00c7ollaku krahas videos s\u00eb shp\u00ebrndar\u00eb n\u00eb rrjetet sociale.<\/p>\n<p><iframe loading=\"lazy\" src=\"https:\/\/www.facebook.com\/plugins\/video.php?height=476&amp;href=https%3A%2F%2Fwww.facebook.com%2Fbasircollaku%2Fvideos%2F1209883477297899%2F&amp;show_text=false&amp;width=267&amp;t=0\" width=\"267\" height=\"476\" frameborder=\"0\" scrolling=\"no\" allowfullscreen=\"allowfullscreen\" data-mce-fragment=\"1\"><\/iframe><\/p>\n<div class=\"jnews_inline_related_post_wrapper left\">\n<div class=\"jnews_inline_related_post\">\n<div class=\"jeg_postblock_29 jeg_postblock jeg_module_hook jeg_pagination_disable jeg_col_2o3 jnews_module_1538488_1_680bb87b7d9a3 \" data-unique=\"jnews_module_1538488_1_680bb87b7d9a3\">\n<div class=\"jeg_block_heading jeg_block_heading_6 jeg_subcat_right\"><\/div>\n<\/div>\n<\/div>\n<\/div>\n","protected":false},"excerpt":{"rendered":"<p>Nj\u00eb socialist me profesionin minator n\u00eb Bulqiz\u00eb, ka djegur teser\u00ebn e Partis\u00eb Socialiste gjat\u00eb nj\u00eb takimit t\u00eb kandidat\u00ebve t\u00eb PD p\u00ebr zgjedhjet parlamentare t\u00eb 11 Majit me minator\u00ebt e Matit dhe Bulqiz\u00ebs. Video \u00ebsht\u00eb shp\u00ebrndar\u00eb n\u00eb rrjetet sociale nga kandidati Basir \u00c7ollaku, teksa gjat\u00eb momentit kur minatori djeg teser\u00ebn, d\u00ebgjohen thirrjet \u201cRama ik\u201d apo \u201cRama &hellip;<\/p>\n","protected":false},"author":4,"featured_media":111766,"comment_status":"closed","ping_status":"closed","sticky":false,"template":"","format":"standard","meta":{"footnotes":""},"categories":[37],"tags":[],"class_list":["post-111765","post","type-post","status-publish","format-standard","has-post-thumbnail","","category-politike"],"_links":{"self":[{"href":"https:\/\/rdnews.al\/index.php\/wp-json\/wp\/v2\/posts\/111765","targetHints":{"allow":["GET"]}}],"collection":[{"href":"https:\/\/rdnews.al\/index.php\/wp-json\/wp\/v2\/posts"}],"about":[{"href":"https:\/\/rdnews.al\/index.php\/wp-json\/wp\/v2\/types\/post"}],"author":[{"embeddable":true,"href":"https:\/\/rdnews.al\/index.php\/wp-json\/wp\/v2\/users\/4"}],"replies":[{"embeddable":true,"href":"https:\/\/rdnews.al\/index.php\/wp-json\/wp\/v2\/comments?post=111765"}],"version-history":[{"count":2,"href":"https:\/\/rdnews.al\/index.php\/wp-json\/wp\/v2\/posts\/111765\/revisions"}],"predecessor-version":[{"id":111768,"href":"https:\/\/rdnews.al\/index.php\/wp-json\/wp\/v2\/posts\/111765\/revisions\/111768"}],"wp:featuredmedia":[{"embeddable":true,"href":"https:\/\/rdnews.al\/index.php\/wp-json\/wp\/v2\/media\/111766"}],"wp:attachment":[{"href":"https:\/\/rdnews.al\/index.php\/wp-json\/wp\/v2\/media?parent=111765"}],"wp:term":[{"taxonomy":"category","embeddable":true,"href":"https:\/\/rdnews.al\/index.php\/wp-json\/wp\/v2\/categories?post=111765"},{"taxonomy":"post_tag","embeddable":true,"href":"https:\/\/rdnews.al\/index.php\/wp-json\/wp\/v2\/tags?post=111765"}],"curies":[{"name":"wp","href":"https:\/\/api.w.org\/{rel}","templated":true}]}}