{"id":111769,"date":"2025-04-25T17:03:00","date_gmt":"2025-04-25T17:03:00","guid":{"rendered":"https:\/\/rdnews.al\/?p=111769"},"modified":"2025-04-25T18:11:57","modified_gmt":"2025-04-25T18:11:57","slug":"studentja-shqiperia-ka-nevoje-per-nje-qeveri-qe-nuk-zhvat-fondet","status":"publish","type":"post","link":"https:\/\/rdnews.al\/index.php\/2025\/04\/25\/studentja-shqiperia-ka-nevoje-per-nje-qeveri-qe-nuk-zhvat-fondet\/","title":{"rendered":"Studentja: Shqip\u00ebria ka nevoj\u00eb p\u00ebr nj\u00eb qeveri q\u00eb nuk zhvat fondet!"},"content":{"rendered":"<p>Studentja e juridikut Elina Bellallaj, mori fjal\u00ebn n\u00eb takimin q\u00eb PD-ASHM zhvilloi n\u00eb nj\u00ebsin\u00eb 4 n\u00eb Tiran\u00eb ku lideri i opozit\u00ebs Sali Berisha prezantoi kandidat\u00ebt p\u00ebr deputet, theksoi se arsimi deri m\u00eb sot \u00ebsht\u00eb propaganduar q\u00eb \u00ebsht\u00eb zhvilluar, pasi sipas saj, rezultatet jan\u00eb shkolla t\u00eb boshatisura dhe institucione arsimore t\u00eb mbyllura.<\/p>\n<p>Ajo tha se arsimi cil\u00ebsor \u00ebsht\u00eb e drejta e \u00e7do studenti, pasi \u00ebsht\u00eb e garantuar n\u00eb baz\u00ebn ligjore.<\/p>\n<p>\u201cSi\u00e7 e dini vendi jon\u00eb \u00ebsht\u00eb p\u00ebrballur vitet e fundit me nj\u00eb fenomen q\u00eb un\u00eb do ta quaja erozion i popullsis\u00eb. Po ku \u00ebsht\u00eb pasqyruar m\u00eb s\u00eb shumti ky fenomen vall\u00eb. Padyshim ekonomia \u00ebsht\u00eb nj\u00eb nga sektor\u00ebt m\u00eb t\u00eb p\u00ebrmendur por plaga m\u00eb e r\u00ebnd\u00eb vazhdon t\u00eb mbetet arsimi.<\/p>\n<p>Nj\u00eb komb q\u00eb nuk investon n\u00eb arsimin, \u00ebsht\u00eb nj\u00eb komb q\u00eb po nd\u00ebrton t\u00eb ardhmen n\u00eb themele letre. Deri m\u00eb sot \u00ebsht\u00eb folur dhe \u00ebsht\u00eb propaganduar shum\u00eb p\u00ebr zhvillimin e k\u00ebsaj strukture. Por realitet na sjell p\u00ebrball\u00eb nj\u00eb realiteti t\u00eb dhimbsh\u00ebm shkolla t\u00eb braktisura institucione arsimore t\u00eb braktisura, kurikula t\u00eb cunguara dhe nj\u00eb doktrin\u00eb q\u00eb nuk i p\u00ebrket koh\u00ebs son\u00eb.<\/p>\n<p>E ardhmja e k\u00ebtij vendi \u00ebsht\u00eb si nj\u00eb fidan q\u00eb rritet dit pas dite. Por n\u00ebse ky fidan nuk rritet me elementet bazik \u00ebsht\u00eb i destinuar t\u00eb thahet. Arsimi cil\u00ebsor nuk \u00ebsht\u00eb luks por nj\u00eb e drejt\u00eb e garantuar n\u00eb baz\u00ebn ligjore. N\u00ebse d\u00ebshiron t\u00eb n\u00ebnshtrosh nj\u00eb popull p\u00ebr nj\u00eb koh\u00eb t\u00eb gjat\u00eb mohoji dijen dhe arsimin dhe e ke fituar betej\u00ebn pa luft\u00eb e pa shpata.<\/p>\n<p>P\u00ebr k\u00ebt\u00eb arsye Shqip\u00ebria ka nevoj\u00eb p\u00ebr nj\u00eb qeveri q\u00eb nuk zhvat fondet por q\u00eb investon me vizion. Nj\u00eb qeveri q\u00eb i jep shtys\u00eb integrimit t\u00eb zonave rurale, emancipuat studentor dhe qasjese dhe p\u00ebrkrahje inovative q\u00eb t\u00eb ec\u00ebn p\u00ebrpara\u201d, tha studentja.<\/p>\n<p><a href=\"https:\/\/www.syri.net\/fotogaleria\/782957\/shqiperia-ka-nevoje-per-nje-qeveri-qe-nuk-zhvat-fondet-studentja-arsimi-cilesor-nuk-eshte-luks-por-e-drejta-jone\/\" target=\"_blank\" rel=\"noopener\"><img decoding=\"async\" src=\"https:\/\/www.syri.net\/uploads\/syri.net\/images\/2025\/April\/25\/auto_Screenshot_2025-04-25_1954141745603658.png\" \/><\/a><\/p>\n","protected":false},"excerpt":{"rendered":"<p>Studentja e juridikut Elina Bellallaj, mori fjal\u00ebn n\u00eb takimin q\u00eb PD-ASHM zhvilloi n\u00eb nj\u00ebsin\u00eb 4 n\u00eb Tiran\u00eb ku lideri i opozit\u00ebs Sali Berisha prezantoi kandidat\u00ebt p\u00ebr deputet, theksoi se arsimi deri m\u00eb sot \u00ebsht\u00eb propaganduar q\u00eb \u00ebsht\u00eb zhvilluar, pasi sipas saj, rezultatet jan\u00eb shkolla t\u00eb boshatisura dhe institucione arsimore t\u00eb mbyllura. Ajo tha se arsimi &hellip;<\/p>\n","protected":false},"author":4,"featured_media":111794,"comment_status":"closed","ping_status":"closed","sticky":false,"template":"","format":"standard","meta":{"footnotes":""},"categories":[37],"tags":[],"class_list":["post-111769","post","type-post","status-publish","format-standard","has-post-thumbnail","","category-politike"],"_links":{"self":[{"href":"https:\/\/rdnews.al\/index.php\/wp-json\/wp\/v2\/posts\/111769","targetHints":{"allow":["GET"]}}],"collection":[{"href":"https:\/\/rdnews.al\/index.php\/wp-json\/wp\/v2\/posts"}],"about":[{"href":"https:\/\/rdnews.al\/index.php\/wp-json\/wp\/v2\/types\/post"}],"author":[{"embeddable":true,"href":"https:\/\/rdnews.al\/index.php\/wp-json\/wp\/v2\/users\/4"}],"replies":[{"embeddable":true,"href":"https:\/\/rdnews.al\/index.php\/wp-json\/wp\/v2\/comments?post=111769"}],"version-history":[{"count":2,"href":"https:\/\/rdnews.al\/index.php\/wp-json\/wp\/v2\/posts\/111769\/revisions"}],"predecessor-version":[{"id":111797,"href":"https:\/\/rdnews.al\/index.php\/wp-json\/wp\/v2\/posts\/111769\/revisions\/111797"}],"wp:featuredmedia":[{"embeddable":true,"href":"https:\/\/rdnews.al\/index.php\/wp-json\/wp\/v2\/media\/111794"}],"wp:attachment":[{"href":"https:\/\/rdnews.al\/index.php\/wp-json\/wp\/v2\/media?parent=111769"}],"wp:term":[{"taxonomy":"category","embeddable":true,"href":"https:\/\/rdnews.al\/index.php\/wp-json\/wp\/v2\/categories?post=111769"},{"taxonomy":"post_tag","embeddable":true,"href":"https:\/\/rdnews.al\/index.php\/wp-json\/wp\/v2\/tags?post=111769"}],"curies":[{"name":"wp","href":"https:\/\/api.w.org\/{rel}","templated":true}]}}