{"id":111773,"date":"2025-04-25T17:05:37","date_gmt":"2025-04-25T17:05:37","guid":{"rendered":"https:\/\/rdnews.al\/?p=111773"},"modified":"2025-04-25T18:05:15","modified_gmt":"2025-04-25T18:05:15","slug":"xhaferri-me-11-maj-edi-rama-do-te-kapitullohet-me-vote-drejt-burgut-te-durresit","status":"publish","type":"post","link":"https:\/\/rdnews.al\/index.php\/2025\/04\/25\/xhaferri-me-11-maj-edi-rama-do-te-kapitullohet-me-vote-drejt-burgut-te-durresit\/","title":{"rendered":"Xhaferri: M\u00eb 11 maj Edi Rama do t\u00eb kapitullohet me vot\u00eb drejt burgut t\u00eb Durr\u00ebsit!"},"content":{"rendered":"<p>Kandidati i PD p\u00ebr Qarkun e Tiran\u00ebs dhe kryetar i PD p\u00ebr nj\u00ebsin\u00eb nr. 4, Besart Xhaferri, mori fjal\u00ebn n\u00eb takimin elektoral t\u00eb zhvilluar n\u00eb nj\u00ebsin\u00eb 4 n\u00eb Tiran\u00eb, ku u prezantuan kandidat\u00ebt p\u00ebr deputet\u00eb nga lideri i opozit\u00ebs Sali Berisha.<\/p>\n<p>Xhaferri deklaroi se dy jav\u00eb deri n\u00eb zgjedhje vlejn\u00eb sa kat\u00ebr vite dhimbjeje, duke iu referuar qeverisjes s\u00eb Edi Ram\u00ebs. Ai e akuzoi Ram\u00ebn p\u00ebr p\u00ebrpjekje p\u00ebr t\u00eb \u201cb\u00ebr\u00eb Shqip\u00ebrin\u00eb \u00e7yryke\u201d dhe p\u00ebr t\u00eb larguar qytetar\u00ebt jasht\u00eb vendit.<\/p>\n<p>\u201cKan\u00eb ngelur dhe 2 jav\u00eb, por 2 jav\u00eb jan\u00eb sa gjith\u00eb jeta, 2 jav\u00eb jan\u00eb sa 4 vite q\u00eb mund t\u2019i kalojm\u00eb n\u00eb dhimbjen ton\u00eb m\u00eb t\u00eb madhe, q\u00eb \u00e7do dit\u00eb do pendohemi pse nuk b\u00ebm\u00eb di\u00e7ka m\u00eb tep\u00ebr q\u00eb t\u00eb largojm\u00eb nj\u00eb \u00e7yryk q\u00eb na quan t\u00eb gjith\u00ebve \u00e7yryk, q\u00eb \u00ebsht\u00eb n\u00eb tentativ\u00eb p\u00ebr ta b\u00ebr\u00eb Shqip\u00ebrin\u00eb \u00e7yryke, dhe \u00ebsht\u00eb n\u00eb tentativ\u00eb p\u00ebr t\u00eb larguar t\u00eb gjith\u00eb nga Shqip\u00ebria.<\/p>\n<p>Premtimi i Edi Ram\u00ebs \u00ebsht\u00eb ajo pasaport\u00eb evropiane, se ne do t\u00eb mund t\u00eb udh\u00ebtojm\u00eb drejt Evrop\u00ebs.<\/p>\n<p>Ne jemi n\u00eb Evrop\u00eb, na ka larguar 1.1 milion\u00eb motra dhe v\u00ebllez\u00ebr drejt Evrop\u00ebs. A do presim t\u00eb na largojn\u00eb edhe 2 milion\u00eb t\u00eb tjer\u00eb drejt Evrop\u00ebs? Jo, Edi Ram\u00ebn do ta largojm\u00eb drejt burgut t\u00eb Durr\u00ebsit.<\/p>\n<p>Edi Rama, boll na l\u00ebndove, jep dor\u00ebheqjen n\u00eb marr\u00ebzin\u00eb t\u00ebnde, ik n\u00eb shpell\u00eb, mbyll goj\u00ebn dhe as libra mos shkruaj se nuk t\u2019i lexon njeri.<\/p>\n<p>Dhe p\u00ebrgjigjen patjet\u00ebr do ta marr\u00ebsh m\u00eb 11 maj, prind\u00ebrit shqiptar\u00eb jan\u00eb m\u00eb t\u00eb l\u00ebnduarit se \u00e7\u2019ka n\u00eb gjith\u00eb Evrop\u00ebn prind\u00ebr.<\/p>\n<p>Edi Rama, ne nuk b\u00ebjm\u00eb paqe, ne pranojm\u00eb vet\u00ebm kapitullimin t\u00ebnd, dhe m\u00eb 11 maj ti do t\u00eb kapitullosh, me vot\u00ebn vet\u00ebm p\u00ebr numrin 1.<\/p>\n<p>Vet\u00ebm numri 1 b\u00ebn t\u00eb mundur kapitullimin e nj\u00eb personi q\u00eb ka luftuar qytetar\u00ebt e tij.<\/p>\n<p>Ne e dim\u00eb se \u00e7far\u00eb \u00ebsht\u00eb ky regjim, prandaj ne duhet, \u00e7do dh\u00ebnd\u00ebr, \u00e7do shoqe, \u00e7do kush\u00ebri, \u00e7do komshi socialist, t\u2019i themi: Sali Berisha do t\u00eb jet\u00eb kryeminist\u00ebr i t\u00eb gjith\u00eb shqiptar\u00ebve, nuk do jet\u00eb kryeminist\u00ebr i demokrat\u00ebve, nuk do jet\u00eb kryeminist\u00ebr i atyre q\u00eb kan\u00eb vet\u00ebm teser partie dhe premtimet q\u00eb ne kemi do jen\u00eb p\u00ebr gjith\u00eb shqiptar\u00ebt q\u00eb jan\u00eb k\u00ebtu, ata q\u00eb do lindin dhe ata q\u00eb do rikthehen\u201d, tha Xhaferri.<\/p>\n","protected":false},"excerpt":{"rendered":"<p>Kandidati i PD p\u00ebr Qarkun e Tiran\u00ebs dhe kryetar i PD p\u00ebr nj\u00ebsin\u00eb nr. 4, Besart Xhaferri, mori fjal\u00ebn n\u00eb takimin elektoral t\u00eb zhvilluar n\u00eb nj\u00ebsin\u00eb 4 n\u00eb Tiran\u00eb, ku u prezantuan kandidat\u00ebt p\u00ebr deputet\u00eb nga lideri i opozit\u00ebs Sali Berisha. Xhaferri deklaroi se dy jav\u00eb deri n\u00eb zgjedhje vlejn\u00eb sa kat\u00ebr vite dhimbjeje, duke &hellip;<\/p>\n","protected":false},"author":4,"featured_media":111793,"comment_status":"closed","ping_status":"closed","sticky":false,"template":"","format":"standard","meta":{"footnotes":""},"categories":[37],"tags":[],"class_list":["post-111773","post","type-post","status-publish","format-standard","has-post-thumbnail","","category-politike"],"_links":{"self":[{"href":"https:\/\/rdnews.al\/index.php\/wp-json\/wp\/v2\/posts\/111773","targetHints":{"allow":["GET"]}}],"collection":[{"href":"https:\/\/rdnews.al\/index.php\/wp-json\/wp\/v2\/posts"}],"about":[{"href":"https:\/\/rdnews.al\/index.php\/wp-json\/wp\/v2\/types\/post"}],"author":[{"embeddable":true,"href":"https:\/\/rdnews.al\/index.php\/wp-json\/wp\/v2\/users\/4"}],"replies":[{"embeddable":true,"href":"https:\/\/rdnews.al\/index.php\/wp-json\/wp\/v2\/comments?post=111773"}],"version-history":[{"count":1,"href":"https:\/\/rdnews.al\/index.php\/wp-json\/wp\/v2\/posts\/111773\/revisions"}],"predecessor-version":[{"id":111774,"href":"https:\/\/rdnews.al\/index.php\/wp-json\/wp\/v2\/posts\/111773\/revisions\/111774"}],"wp:featuredmedia":[{"embeddable":true,"href":"https:\/\/rdnews.al\/index.php\/wp-json\/wp\/v2\/media\/111793"}],"wp:attachment":[{"href":"https:\/\/rdnews.al\/index.php\/wp-json\/wp\/v2\/media?parent=111773"}],"wp:term":[{"taxonomy":"category","embeddable":true,"href":"https:\/\/rdnews.al\/index.php\/wp-json\/wp\/v2\/categories?post=111773"},{"taxonomy":"post_tag","embeddable":true,"href":"https:\/\/rdnews.al\/index.php\/wp-json\/wp\/v2\/tags?post=111773"}],"curies":[{"name":"wp","href":"https:\/\/api.w.org\/{rel}","templated":true}]}}