{"id":111775,"date":"2025-04-25T17:14:12","date_gmt":"2025-04-25T17:14:12","guid":{"rendered":"https:\/\/rdnews.al\/?p=111775"},"modified":"2025-04-25T17:14:35","modified_gmt":"2025-04-25T17:14:35","slug":"denoncimi-agron-shehaj-pasi-vodhi-databazen-e-partise-se-tyre-telefonon-demokratet-per-vote","status":"publish","type":"post","link":"https:\/\/rdnews.al\/index.php\/2025\/04\/25\/denoncimi-agron-shehaj-pasi-vodhi-databazen-e-partise-se-tyre-telefonon-demokratet-per-vote\/","title":{"rendered":"Denoncimi: Shehaj pasi vodhi databaz\u00ebn e partis\u00eb s\u00eb tyre telefonon demokrat\u00ebt p\u00ebr vot\u00eb!"},"content":{"rendered":"<div id=\"rekl-49\">Sekretari i P\u00ebrgjithsh\u00ebm i PD-s\u00eb, Flamur Noka ka denoncuar s\u00ebrish Agron Shehajn, se vijon t\u00eb k\u00ebrkoj\u00eb vota nga demokrat\u00eb p\u00ebr partin\u00eb e tij, e cila \u00ebsht\u00eb nj\u00eb pateric\u00eb e Edi Ram\u00ebs kund\u00ebr opozit\u00ebs p\u00ebr zgjedhjete e 11 majit.<\/div>\n<div class=\"readmore-text-here\">\n<p>N\u00eb postimin e tij n\u00eb Facebook, Noka ka publikuar nj\u00eb foto-mesazh t\u00eb nj\u00eb qytetari demokrat, i cili ishte telefonuar nga partia e Agron Shehajt por me num\u00ebr biznesi.<\/p>\n<p>&#8220;Agron Shehaj telefonon demokrat\u00ebt p\u00ebr vot\u00eb pasi vodhi databaz\u00ebn e partis\u00eb s\u00eb tyre!&#8221;, shkruan Noka n\u00eb Facebook.<\/p>\n<p><img decoding=\"async\" src=\"https:\/\/www.syri.net\/uploads\/syri.net\/images\/2025\/April\/25\/auto_493541042_1254788273316138_4411897129886929682_n1745599973.jpg\" alt=\"Image\" \/><\/p>\n<p>Kujtojm\u00eb se Agron Shehaj e ka deklaruar publikisht n\u00eb studio televizive se ai nuk e do rrotacionin politik n\u00eb Shqip\u00ebri, pasi po t\u00eb donte nj\u00eb gj\u00eb t\u00eb till\u00eb, do t\u00eb rrinte te PD.<\/p>\n<\/div>\n","protected":false},"excerpt":{"rendered":"<p>Sekretari i P\u00ebrgjithsh\u00ebm i PD-s\u00eb, Flamur Noka ka denoncuar s\u00ebrish Agron Shehajn, se vijon t\u00eb k\u00ebrkoj\u00eb vota nga demokrat\u00eb p\u00ebr partin\u00eb e tij, e cila \u00ebsht\u00eb nj\u00eb pateric\u00eb e Edi Ram\u00ebs kund\u00ebr opozit\u00ebs p\u00ebr zgjedhjete e 11 majit. N\u00eb postimin e tij n\u00eb Facebook, Noka ka publikuar nj\u00eb foto-mesazh t\u00eb nj\u00eb qytetari demokrat, i cili &hellip;<\/p>\n","protected":false},"author":4,"featured_media":111776,"comment_status":"closed","ping_status":"closed","sticky":false,"template":"","format":"standard","meta":{"footnotes":""},"categories":[37],"tags":[],"class_list":["post-111775","post","type-post","status-publish","format-standard","has-post-thumbnail","","category-politike"],"_links":{"self":[{"href":"https:\/\/rdnews.al\/index.php\/wp-json\/wp\/v2\/posts\/111775","targetHints":{"allow":["GET"]}}],"collection":[{"href":"https:\/\/rdnews.al\/index.php\/wp-json\/wp\/v2\/posts"}],"about":[{"href":"https:\/\/rdnews.al\/index.php\/wp-json\/wp\/v2\/types\/post"}],"author":[{"embeddable":true,"href":"https:\/\/rdnews.al\/index.php\/wp-json\/wp\/v2\/users\/4"}],"replies":[{"embeddable":true,"href":"https:\/\/rdnews.al\/index.php\/wp-json\/wp\/v2\/comments?post=111775"}],"version-history":[{"count":2,"href":"https:\/\/rdnews.al\/index.php\/wp-json\/wp\/v2\/posts\/111775\/revisions"}],"predecessor-version":[{"id":111778,"href":"https:\/\/rdnews.al\/index.php\/wp-json\/wp\/v2\/posts\/111775\/revisions\/111778"}],"wp:featuredmedia":[{"embeddable":true,"href":"https:\/\/rdnews.al\/index.php\/wp-json\/wp\/v2\/media\/111776"}],"wp:attachment":[{"href":"https:\/\/rdnews.al\/index.php\/wp-json\/wp\/v2\/media?parent=111775"}],"wp:term":[{"taxonomy":"category","embeddable":true,"href":"https:\/\/rdnews.al\/index.php\/wp-json\/wp\/v2\/categories?post=111775"},{"taxonomy":"post_tag","embeddable":true,"href":"https:\/\/rdnews.al\/index.php\/wp-json\/wp\/v2\/tags?post=111775"}],"curies":[{"name":"wp","href":"https:\/\/api.w.org\/{rel}","templated":true}]}}