{"id":111779,"date":"2025-04-25T17:19:32","date_gmt":"2025-04-25T17:19:32","guid":{"rendered":"https:\/\/rdnews.al\/?p=111779"},"modified":"2025-04-25T18:09:16","modified_gmt":"2025-04-25T18:09:16","slug":"berisha-shqiptaret-ne-1-vit-shpenzojne-per-ilace-4-here-me-shume-se-per-buken-kjo-do-te-marre-fund","status":"publish","type":"post","link":"https:\/\/rdnews.al\/index.php\/2025\/04\/25\/berisha-shqiptaret-ne-1-vit-shpenzojne-per-ilace-4-here-me-shume-se-per-buken-kjo-do-te-marre-fund\/","title":{"rendered":"Berisha: Shqiptar\u00ebt n\u00eb 1 vit shpenzojn\u00eb p\u00ebr ila\u00e7e 4 her\u00eb m\u00eb shum\u00eb se p\u00ebr buk\u00ebn! Kjo do t\u00eb marr\u00eb fund!"},"content":{"rendered":"<p>Kryetari i Partis\u00eb Demokratike, Sali Berisha zhvilloi takimin elektoral n\u00eb Nj\u00ebsin\u00eb Nr. 4 n\u00eb Tiran\u00eb p\u00ebr zgjedhjet e 11 majit.<\/p>\n<p>Nj\u00eb fjal\u00ebn e tij, Berisha u ndal te sh\u00ebndet\u00ebsia dhe mungesa e ila\u00e7eve, q\u00eb sipas tij, shqiptar\u00ebt n\u00eb 1 vit shpenzojn\u00eb 4 her\u00eb m\u00eb shum\u00eb se p\u00ebr buk\u00ebn.<\/p>\n<p>Ai tha se, shqiptar\u00ebt n\u00eb 1 vit, shpenzojn\u00eb p\u00ebr ila\u00e7e, 4 her\u00eb m\u00eb shum\u00eb se p\u00ebr buk\u00ebn. Kjo do t\u00eb marr\u00eb fund.<\/p>\n<p>\u201cJo vet\u00ebm kaq. Kjo shum\u00eb \u00ebsht\u00eb e pamjaftueshme p\u00ebr ila\u00e7et, ndaj t\u00eb gjith\u00eb rrog\u00ebultit dhe rrog\u00eb nd\u00ebn 500 euro nuk do t\u00eb ket\u00eb.<\/p>\n<p>T\u00eb gjith\u00eb rrog\u00ebultit, t\u00eb gjith\u00eb pensionist\u00ebt do t\u00eb ken\u00eb kart\u00ebn e konsumatorit me t\u00eb cil\u00ebn do marrin gj\u00ebrat baz\u00eb, ushqimet me 20% m\u00eb lir\u00eb se t\u00eb tjer\u00ebt.<\/p>\n<p>Ila\u00e7et. Shqip\u00ebria do t\u00eb adaptoj\u00eb pik\u00eb p\u00ebr pik\u00eb list\u00ebn e ila\u00e7eve t\u00eb Republik\u00ebs Italiane dhe do e rimbursoj\u00eb at\u00eb 100% p\u00ebr qytetar\u00ebt e vet. N\u00eb k\u00ebt\u00eb m\u00ebnyr\u00eb ne i japim nj\u00eb p\u00ebrgjigje dinjitoze problemit t\u00eb mjekimit, t\u00eb kujdesit p\u00ebr sh\u00ebndetin.<\/p>\n<p>Miq!<\/p>\n<p>E than\u00eb k\u00ebtu orator\u00ebt para meje.<\/p>\n<p>Dy sh\u00ebrbime themelore p\u00ebr \u00e7do komb, arsimi dhe sh\u00ebndet\u00ebsia kan\u00eb degraduar n\u00eb m\u00ebnyr\u00ebn m\u00eb t\u00eb papranueshme. Jan\u00eb rrokullisur gjer n\u00eb pothuajse shpartallim.<\/p>\n<p>N\u00eb rast se i hedh sistemi t\u00eb sh\u00ebndet\u00ebsis\u00eb, \u00ebsht\u00eb nj\u00eb sistem jasht\u00ebzakonisht problematik.<\/p>\n<p>\u00cbsht\u00eb nj\u00eb sistem n\u00eb t\u00eb cilin t\u00eb s\u00ebmur\u00ebt r\u00ebnd\u00eb n\u00eb spitale, i merr s\u00ebmundja se nuk kan\u00eb ila\u00e7e p\u00ebr mjekim.<\/p>\n<p>\u00cbsht\u00eb nj\u00eb sistem n\u00eb t\u00eb cilin, nj\u00eb i s\u00ebmur\u00eb q\u00eb shfaqet nj\u00eb shqet\u00ebsim, duhet t\u00eb pres\u00eb muaj\u00a0 e muaj t\u00eb t\u00ebr\u00eb p\u00ebr t\u00eb b\u00ebr\u00eb skanerin, apo rezonanc\u00ebn.<\/p>\n<p>\u00cbsht\u00eb nj\u00eb sistem n\u00eb t\u00eb cilin mjekimi, \u00ebsht\u00eb gjysmak, ose ai q\u00eb nuk duhet.<\/p>\n<p>Ju keni ndjekur dram\u00ebn e tmerrshme q\u00eb zhvillohet n\u00eb spitalin onkologjik. N\u00eb asnj\u00eb vend t\u00eb bot\u00ebs nuk ndodh ajo.<\/p>\n<p>Tre muaj p\u00ebrpara Edi Rama deklaroi se, atje po ndodhin krime kund\u00ebr njer\u00ebzimit. Me t\u00eb v\u00ebrtet\u00eb po. N\u00eb t\u00eb v\u00ebrtet\u00eb \u00ebsht\u00eb krim i mir\u00ebfillt\u00eb kund\u00ebr njer\u00ebzimit, n\u00eb qoft\u00eb se t\u00eb s\u00ebmurin q\u00eb e ke marr\u00eb p\u00ebr mjekim e mban dhe nuk i jep ila\u00e7et q\u00eb duhen p\u00ebr t\u00eb luftuar s\u00ebmundjen.<\/p>\n<p>Ky \u00ebsht\u00eb krim.<\/p>\n<p>Por Edi Rama nga ajo dit\u00eb gjer sot nuk mori as edhe nj\u00eb mas\u00eb t\u00eb vetme. Pse? Sepse ai \u00ebsht\u00eb autori i atij krimi. Sepse atyre ila\u00e7eve q\u00eb duhet t\u00eb bliheshin p\u00ebr t\u00eb s\u00ebmur\u00ebt, drejtori dhe ministri i vjedhin fondet dhe kjo \u00ebsht\u00eb arsyeja.<\/p>\n<p>Hajn\u00eb dardha dhe i ndajn\u00eb bashk\u00eb me kryeministrin.<\/p>\n<p>Miqt\u00eb e mi, kjo situat\u00eb dramatike e kujdesit sh\u00ebndet\u00ebsor p\u00ebr shqiptar\u00ebt, merr fund.<\/p>\n<p>Ne do t\u00eb dyfishojm\u00eb buxhetin p\u00ebr sh\u00ebndet\u00ebsin\u00eb dhe garantoj \u00e7do shqiptar se n\u00eb territorin e Shqip\u00ebris\u00eb nuk do t\u00eb shitet kurr\u00eb ila\u00e7 cil\u00ebsie tjet\u00ebr, vet\u00ebm ato q\u00eb shiten n\u00eb dy vende t\u00eb BE.<\/p>\n<p>Dhe se kurr\u00eb nuk do mungojn\u00eb ila\u00e7et jetike p\u00ebr trajtimin e t\u00eb s\u00ebmur\u00ebve tan\u00eb.<\/p>\n<p>Do dyfishohen rrogat e mjek\u00ebve dhe infermier\u00ebve.<\/p>\n<p>Aparaturat, do pajiset \u00e7do spital dhe i gjith\u00eb sistemi.<\/p>\n<p>A e dini miq sot, statistika zyrtare e qeveris\u00eb konfirmon se n\u00eb 1 vit ju, ne t\u00eb gjith\u00eb shqiptar\u00ebt shpenzojm\u00eb nga xhepi p\u00ebr kujdesin sh\u00ebndet\u00ebsor, 820 mln euro.<\/p>\n<p>Shpenzojm\u00eb nga xhepi 3-4 fish q\u00eb shpenzojn\u00eb popujt e vendeve an\u00ebtare t\u00eb BE-s\u00eb.<\/p>\n<p>Shpenzojm\u00eb 2-3 fishin e t\u00eb gjith\u00eb popujve n\u00eb vendet p\u00ebrreth nesh n\u00eb Ballkan.<\/p>\n<p>Pra t\u00eb shpenzosh 820 mln euro p\u00ebr kujdes sh\u00ebndet\u00ebsor, a e dini q\u00eb do t\u00eb thot\u00eb se shqiptar\u00ebt t\u00eb cil\u00ebt n\u00eb 1 vit, shpenzojn\u00eb p\u00ebr buk\u00ebn n\u00eb total 220 mln euro, pra shpenzojn\u00eb ila\u00e7e 4 her\u00eb m\u00eb shum\u00eb se p\u00ebr buk\u00ebn.<\/p>\n<p>Kush i shpenzon k\u00ebto? Vet\u00ebm ata q\u00eb kan\u00eb. Ata q\u00eb nuk kan\u00eb mbeten n\u00eb m\u00ebshir\u00eb t\u00eb s\u00ebmundjeve. Pra kjo \u00ebsht\u00eb situata e sh\u00ebndet\u00ebsis\u00eb\u201d, u shpreh Berisha.<\/p>\n","protected":false},"excerpt":{"rendered":"<p>Kryetari i Partis\u00eb Demokratike, Sali Berisha zhvilloi takimin elektoral n\u00eb Nj\u00ebsin\u00eb Nr. 4 n\u00eb Tiran\u00eb p\u00ebr zgjedhjet e 11 majit. Nj\u00eb fjal\u00ebn e tij, Berisha u ndal te sh\u00ebndet\u00ebsia dhe mungesa e ila\u00e7eve, q\u00eb sipas tij, shqiptar\u00ebt n\u00eb 1 vit shpenzojn\u00eb 4 her\u00eb m\u00eb shum\u00eb se p\u00ebr buk\u00ebn. Ai tha se, shqiptar\u00ebt n\u00eb 1 vit, &hellip;<\/p>\n","protected":false},"author":4,"featured_media":111795,"comment_status":"closed","ping_status":"closed","sticky":false,"template":"","format":"standard","meta":{"footnotes":""},"categories":[37],"tags":[],"class_list":["post-111779","post","type-post","status-publish","format-standard","has-post-thumbnail","","category-politike"],"_links":{"self":[{"href":"https:\/\/rdnews.al\/index.php\/wp-json\/wp\/v2\/posts\/111779","targetHints":{"allow":["GET"]}}],"collection":[{"href":"https:\/\/rdnews.al\/index.php\/wp-json\/wp\/v2\/posts"}],"about":[{"href":"https:\/\/rdnews.al\/index.php\/wp-json\/wp\/v2\/types\/post"}],"author":[{"embeddable":true,"href":"https:\/\/rdnews.al\/index.php\/wp-json\/wp\/v2\/users\/4"}],"replies":[{"embeddable":true,"href":"https:\/\/rdnews.al\/index.php\/wp-json\/wp\/v2\/comments?post=111779"}],"version-history":[{"count":1,"href":"https:\/\/rdnews.al\/index.php\/wp-json\/wp\/v2\/posts\/111779\/revisions"}],"predecessor-version":[{"id":111780,"href":"https:\/\/rdnews.al\/index.php\/wp-json\/wp\/v2\/posts\/111779\/revisions\/111780"}],"wp:featuredmedia":[{"embeddable":true,"href":"https:\/\/rdnews.al\/index.php\/wp-json\/wp\/v2\/media\/111795"}],"wp:attachment":[{"href":"https:\/\/rdnews.al\/index.php\/wp-json\/wp\/v2\/media?parent=111779"}],"wp:term":[{"taxonomy":"category","embeddable":true,"href":"https:\/\/rdnews.al\/index.php\/wp-json\/wp\/v2\/categories?post=111779"},{"taxonomy":"post_tag","embeddable":true,"href":"https:\/\/rdnews.al\/index.php\/wp-json\/wp\/v2\/tags?post=111779"}],"curies":[{"name":"wp","href":"https:\/\/api.w.org\/{rel}","templated":true}]}}