{"id":111781,"date":"2025-04-25T17:29:19","date_gmt":"2025-04-25T17:29:19","guid":{"rendered":"https:\/\/rdnews.al\/?p=111781"},"modified":"2025-04-25T18:03:57","modified_gmt":"2025-04-25T18:03:57","slug":"kreu-i-pd-njesia-4-rama-solli-shpopullim-mjerim-dhe-braktisje-pd-shpresa-e-vetme-per-vendin","status":"publish","type":"post","link":"https:\/\/rdnews.al\/index.php\/2025\/04\/25\/kreu-i-pd-njesia-4-rama-solli-shpopullim-mjerim-dhe-braktisje-pd-shpresa-e-vetme-per-vendin\/","title":{"rendered":"Kreu i PD, nj\u00ebsia 4: Rama solli shpopullim, mjerim dhe braktisje! PD, shpresa e vetme p\u00ebr vendin&#8230;"},"content":{"rendered":"<p>N\u00eb fjal\u00ebn e tij n\u00eb takimin me banor\u00ebt e lagjes num\u00ebr 4 n\u00eb kryeqytet, kryetari i deg\u00ebs s\u00eb PD, Endrison Bre\u00e7ani l\u00ebshoi akuza t\u00eb forta ndaj qeveris\u00eb aktuale dhe b\u00ebri thirrje tek qytetar\u00ebt p\u00ebr ndryshim.<\/p>\n<p>Me tone t\u00eb forta kund\u00ebr Ram\u00ebs, ai theksoi shpopullimin, munges\u00ebn e mb\u00ebshtetjes p\u00ebr qytetar\u00ebt dhe zhg\u00ebnjimin e thell\u00eb q\u00eb ndjehet n\u00eb rrug\u00ebt dhe lagjet e nj\u00ebsis\u00eb 4.<\/p>\n<p>Bre\u00e7ani fal\u00ebnderoi liderin historik t\u00eb PD-s\u00eb, Sali Berisha, p\u00ebr q\u00ebndres\u00ebn dhe rikthimin e tij, si dhe vler\u00ebsoi bashk\u00ebpun\u00ebtor\u00ebt politik\u00eb p\u00ebr angazhimin e tyre t\u00eb pand\u00ebrprer\u00eb n\u00eb betej\u00ebn p\u00ebr nj\u00eb Shqip\u00ebri m\u00eb t\u00eb drejt\u00eb.<\/p>\n<p><strong>Endrison Bre\u00e7ani:<\/strong>\u00a0\u00a0Rama ik! Rama ik!<\/p>\n<p>T\u00eb dashur demokrat\u00eb dhe demokrate t\u00eb nj\u00ebsis\u00eb 4. I dashur kryetar i partis\u00eb Demokratike, profesor Doktor Sali Berisha.<\/p>\n<p>Ju jam mir\u00ebnjoh\u00ebs p\u00ebr kontributin dhe \u00e7do betej\u00eb q\u00eb keni b\u00ebr\u00eb si qytetar q\u00ebndrestar, kund\u00ebr k\u00ebtij regjimi q\u00eb ka nxitur sot shpopullim e mjerim. Ju b\u00ebt\u00eb rezistenc\u00eb t\u00eb pashembullt n\u00eb em\u00ebr t\u00eb pron\u00ebs dhe dinjitetit. Sot e b\u00ebt\u00eb k\u00ebt\u00eb shesh m\u00eb t\u00eb bukur se kurr\u00eb dhe blu si asnj\u00ebher\u00eb m\u00eb par\u00eb.<\/p>\n<p>Ju jeni ngjyra m\u00eb e bukur. Ju jeni mish\u00ebrimi i nj\u00eb qyteti dhe q\u00ebndres\u00ebs. Ju jeni njisha&#8230;!<\/p>\n<p>Jam i privilegjuar q\u00eb jam sot k\u00ebtu p\u00ebrpara jush, nd\u00ebrkoh\u00eb, dua ta nis me nj\u00eb fal\u00ebnderim t\u00eb p\u00ebrzem\u00ebrt p\u00ebr kryetarin e PD, Profesor Doktor Sali Berisha, q\u00eb u rikthye m\u00eb i fort\u00eb se kurr\u00eb dhe nuk lejoi kurrsesi vrasjen e pluralizmit nga Rama dhe McGonigal. Rikthimi juaj \u00ebsht\u00eb po aq tok\u00ebsor dhe hyjnor. Rikthimi juaj \u00ebsht\u00eb me ide t\u00eb qarta p\u00ebr t\u00eb shp\u00ebtuar Shqip\u00ebrin\u00eb nga regjimi i Edi Ram\u00ebs.<\/p>\n<p>Doktor, k\u00ebt\u00eb radh\u00eb ke idhuj edhe n\u00eb tok\u00eb edhe n\u00eb qiell.<\/p>\n<p>Nj\u00eb fal\u00ebnderim nga zemra kam edhe p\u00ebr drejtuesin politik t\u00eb k\u00ebsaj nj\u00ebsie, deputetin e ardhsh\u00ebm, zotin Besart Xhaferri.<\/p>\n<p>Si gjithmon\u00eb, i palodhur dhe aset i PD q\u00eb kurdoher\u00eb n\u00eb zgjedhjet e tij ka patur parimet dhe jo rast\u00ebsisht q\u00eb prej shtatorit, ishte nd\u00ebr t\u00eb par\u00ebt q\u00eb u rreshtua n\u00eb krah t\u00eb doktorit.<\/p>\n<p>Un\u00eb jam vet\u00eb nj\u00eb djal\u00eb i ardhur nga Veriu, q\u00eb ka b\u00ebr\u00eb nj\u00eb rrug\u00ebtim t\u00eb ngjash\u00ebm me shum\u00eb prej jush. Ndaj, \u00e7do dit\u00eb do t\u00eb p\u00ebrkushtohem q\u00eb ne t\u00eb ecim p\u00ebrpara dhe t\u00eb kemi p\u00ebrfaq\u00ebsim dinjitoz.<\/p>\n<p>Krye\u00e7yryku Edi Rama, a e di q\u00eb k\u00ebtu n\u00eb nj\u00ebsin\u00eb 4 jan\u00eb plot 50 familje q\u00eb nuk kan\u00eb marr\u00eb asnj\u00eb bonos qiraje q\u00eb nga koha kur sht\u00ebpit\u00eb e tyre u shemb\u00ebn nga t\u00ebrmeti? Edvin kulla, i detyrove familjar\u00ebt t\u00eb punojn\u00eb nga dy pun\u00eb p\u00ebr t\u00eb siguruar qiran\u00eb q\u00eb duhet ta kishin marr\u00eb nga qeveria juaj.<\/p>\n<p>Kisha shum\u00eb kush\u00ebrinj q\u00eb jetonin k\u00ebtu, por nuk jan\u00eb m\u00eb. Ata jan\u00eb larguar n\u00eb emigrim.<\/p>\n<p>Kisha shum\u00eb shok\u00eb, por nuk kam as gjysm\u00ebn prej tyre, por fajtor p\u00ebr largimin e t\u00eb rinjve je ti dhe banda jote. A i ke par\u00eb lagjet? Nuk brohorisin m\u00eb f\u00ebmij\u00ebt. Jan\u00eb larguar. Nuk shkelmohet m\u00eb topi si dikur n\u00eb lagje, dhe fajtor je ti Edi Rama.<\/p>\n<p>Sa n\u00ebna ke veshur me t\u00eb zeza, me projektin t\u00ebnd t\u00eb kanalizimit.<\/p>\n<p>Ta siguroj q\u00eb do marr\u00ebsh p\u00ebrgjigjen e merituar m\u00eb 11 Maj! Prandaj miqt\u00eb e mi, ju ftoj t\u00eb votoni numrin 1!<\/p>\n<p>&nbsp;<\/p>\n","protected":false},"excerpt":{"rendered":"<p>N\u00eb fjal\u00ebn e tij n\u00eb takimin me banor\u00ebt e lagjes num\u00ebr 4 n\u00eb kryeqytet, kryetari i deg\u00ebs s\u00eb PD, Endrison Bre\u00e7ani l\u00ebshoi akuza t\u00eb forta ndaj qeveris\u00eb aktuale dhe b\u00ebri thirrje tek qytetar\u00ebt p\u00ebr ndryshim. Me tone t\u00eb forta kund\u00ebr Ram\u00ebs, ai theksoi shpopullimin, munges\u00ebn e mb\u00ebshtetjes p\u00ebr qytetar\u00ebt dhe zhg\u00ebnjimin e thell\u00eb q\u00eb ndjehet &hellip;<\/p>\n","protected":false},"author":4,"featured_media":111792,"comment_status":"closed","ping_status":"closed","sticky":false,"template":"","format":"standard","meta":{"footnotes":""},"categories":[37],"tags":[],"class_list":["post-111781","post","type-post","status-publish","format-standard","has-post-thumbnail","","category-politike"],"_links":{"self":[{"href":"https:\/\/rdnews.al\/index.php\/wp-json\/wp\/v2\/posts\/111781","targetHints":{"allow":["GET"]}}],"collection":[{"href":"https:\/\/rdnews.al\/index.php\/wp-json\/wp\/v2\/posts"}],"about":[{"href":"https:\/\/rdnews.al\/index.php\/wp-json\/wp\/v2\/types\/post"}],"author":[{"embeddable":true,"href":"https:\/\/rdnews.al\/index.php\/wp-json\/wp\/v2\/users\/4"}],"replies":[{"embeddable":true,"href":"https:\/\/rdnews.al\/index.php\/wp-json\/wp\/v2\/comments?post=111781"}],"version-history":[{"count":1,"href":"https:\/\/rdnews.al\/index.php\/wp-json\/wp\/v2\/posts\/111781\/revisions"}],"predecessor-version":[{"id":111782,"href":"https:\/\/rdnews.al\/index.php\/wp-json\/wp\/v2\/posts\/111781\/revisions\/111782"}],"wp:featuredmedia":[{"embeddable":true,"href":"https:\/\/rdnews.al\/index.php\/wp-json\/wp\/v2\/media\/111792"}],"wp:attachment":[{"href":"https:\/\/rdnews.al\/index.php\/wp-json\/wp\/v2\/media?parent=111781"}],"wp:term":[{"taxonomy":"category","embeddable":true,"href":"https:\/\/rdnews.al\/index.php\/wp-json\/wp\/v2\/categories?post=111781"},{"taxonomy":"post_tag","embeddable":true,"href":"https:\/\/rdnews.al\/index.php\/wp-json\/wp\/v2\/tags?post=111781"}],"curies":[{"name":"wp","href":"https:\/\/api.w.org\/{rel}","templated":true}]}}