{"id":111787,"date":"2025-04-25T17:47:57","date_gmt":"2025-04-25T17:47:57","guid":{"rendered":"https:\/\/rdnews.al\/?p=111787"},"modified":"2025-04-25T18:19:15","modified_gmt":"2025-04-25T18:19:15","slug":"berisha-cdo-dite-qe-na-ndan-nga-11-maji-eshte-nje-apel-nje-kushtrim-per-ne","status":"publish","type":"post","link":"https:\/\/rdnews.al\/index.php\/2025\/04\/25\/berisha-cdo-dite-qe-na-ndan-nga-11-maji-eshte-nje-apel-nje-kushtrim-per-ne\/","title":{"rendered":"Berisha: Programi yn\u00eb ka nj\u00eb mund\u00ebsi t\u00eb re p\u00ebr \u00e7do shqiptar!"},"content":{"rendered":"<p>Kryetari i PD, Sali Berisha tha gjat\u00eb takimit me banor\u00ebt e nj\u00ebsis\u00eb nr.4 n\u00eb Tiran\u00eb se, n\u00eb 100 dit\u00ebt e para vendosim minimumin jetik prej 200 eurosh, me k\u00ebt\u00eb shum\u00eb i japim nj\u00eb frym\u00ebmarrje t\u00eb re Shqip\u00ebris\u00eb. Berisha tha se, \u00e7do dit\u00eb q\u00eb na ndan nga 11 maji \u00ebsht\u00eb nj\u00eb apel, nj\u00eb kushtrim p\u00ebr ne\u201d.<\/p>\n<p>T\u00eb dashur qytetare dhe qytetar\u00eb t\u00eb lagjes 4, tiranas denbamaden, dibran\u00eb, gollobordas t\u00eb ardhur me t\u00eb cil\u00ebt kam jetuar vite e vite n\u00eb nj\u00eb pallat, se un\u00eb jam banor i k\u00ebsaj lagje, leb\u00ebr, mal\u00ebsor, nj\u00eb komunitet me prurje t\u00eb ndryshme, por nj\u00eb komunitet i mrekulluesh\u00ebm njer\u00ebzish t\u00eb ndersh\u00ebm, pun\u00ebtor dhe dinjitoz.<\/p>\n<p>Shpreh k\u00ebnaq\u00ebsin\u00eb e madhe q\u00eb jam sot tek ju dhe vij k\u00ebtu p\u00ebr t\u00eb paraqitur kandidat\u00ebt tan\u00eb p\u00ebr deputet\u00eb n\u00eb k\u00ebt\u00eb lagje, p\u00ebrfaq\u00ebsues t\u00eb shk\u00eblqyer tuaj, Lisand\u00ebr Hoxh\u00ebn, Kreshnik \u00c7ollaku, Revelino \u00c7uni, p\u00ebrfaq\u00ebsues dinjitoz i komunitetit rom-egjiptian, nj\u00eb demokrat i v\u00ebrtet\u00eb.<\/p>\n<p>I dashur Besart Xhaferi, kryetar i FRPD-s\u00eb dhe udh\u00ebheq\u00ebs politik i k\u00ebsaj dege, Endrison Bre\u00e7ani, kryetar i deg\u00ebs.<\/p>\n<p>Zonja e zot\u00ebrinj, miq t\u00eb dashur.<\/p>\n<p>\u00c7do dit\u00eb q\u00eb na ndan nga 11 maji \u00ebsht\u00eb nj\u00eb apel, nj\u00eb kushtrim p\u00ebr ne. Jan\u00eb sirenat q\u00eb na ftojn\u00eb t\u00eb b\u00ebjm\u00eb t\u00eb gjith\u00eb p\u00ebrpjekjet tona p\u00ebr fitoren e shk\u00eblqyer, historike q\u00eb presin banor\u00ebt e lagjes num\u00ebr 4 dhe shqiptar\u00ebt n\u00eb t\u00eb 4-an\u00ebt e vendit.<\/p>\n<p>Mbr\u00ebm\u00eb pas mesnate jam kthyer nga nj\u00eb tur n\u00eb jugun e Shqip\u00ebris\u00eb. E gjeta jugun n\u00eb k\u00ebmb\u00eb, m\u00eb t\u00eb vendosur, m\u00eb t\u00eb gatsh\u00ebm se kurr\u00eb, p\u00ebr tu ndar\u00eb nga kjo e keqe e madhe, nga kjo s\u00ebmundje e r\u00ebnd\u00eb, q\u00eb quhet Edi Rama dhe regjimi i tij.<\/p>\n<p>T\u00eb dashur miq!<\/p>\n<p>Ne sot kemi nj\u00eb ep\u00ebrsi t\u00eb madhe ndaj kund\u00ebrshtarit ton\u00eb.<\/p>\n<p>Kemi nj\u00eb mb\u00ebshtetje t\u00eb fuqishme, nj\u00eb entuziaz\u00ebm t\u00eb papar\u00eb m\u00eb par\u00eb.<\/p>\n<p>Kemi nj\u00eb program i cili me t\u00eb v\u00ebrtet\u00eb, \u00e7do or\u00eb dhe \u00e7do dit\u00eb po pushton gjithnj\u00eb e m\u00eb shum\u00eb, mendjet dhe zemrat e qindra dhe mij\u00ebra shqiptar\u00ebve.<\/p>\n<p>Ky program t\u00eb dashur miq, ka si q\u00ebllim kryesor, m\u00eb kryesor, nj\u00eb mund\u00ebsi t\u00eb re p\u00ebr \u00e7do shqiptar, nga f\u00ebmij\u00ebt p\u00ebr nj\u00eb shkoll\u00eb m\u00eb t\u00eb mir\u00eb.<\/p>\n<p>Tek pensionist\u00ebt, p\u00ebr nj\u00eb jet\u00eb m\u00eb t\u00eb mir\u00eb.<\/p>\n<p>Tek t\u00eb rinjt\u00eb, p\u00ebr shanse shkollimi dhe pun\u00ebsimi reale.<\/p>\n<p>Tek bizneset p\u00ebr shanse t\u00eb v\u00ebrteta suksesi.<\/p>\n<p>Tek punonj\u00ebsit p\u00ebrmir\u00ebsim dhe respekt t\u00eb pun\u00ebs s\u00eb tyre.<\/p>\n<p>Por ka para s\u00eb gjithash rikthimin e parave t\u00eb shqiptar\u00ebve, tek qytetar\u00ebt.<\/p>\n<p>Miqt\u00eb e mi!<\/p>\n<p>Sot, ju, secili prej jush, edhe ai q\u00eb punon dhe ai q\u00eb nuk punon, edhe ai q\u00eb ka biznes, edhe ai q\u00eb ka makin\u00eb dhe ai q\u00eb nuk ka makin\u00eb, \u00e7do nj\u00ebri, edhe f\u00ebmija i sapo lindur dhe i moshuari, paguani taksat m\u00eb t\u00eb r\u00ebnda k\u00ebsaj qeverie.<\/p>\n<p>Dhe n\u00eb rast se sot ne kemi 21% t\u00eb familjeve n\u00eb k\u00ebt\u00eb vend q\u00eb nuk ushqejn\u00eb dot me 3 vakte ushqim f\u00ebmij\u00ebt e tyre.<\/p>\n<p>N\u00eb rast se sot kemi qindra e mij\u00ebra pensionist\u00eb q\u00eb nuk blejn\u00eb dot ila\u00e7et e tyre.<\/p>\n<p>N\u00eb rast se sot kemi \u00e7do dit\u00eb, qindra t\u00eb rinj, q\u00eb kan\u00eb alternativ\u00eb t\u00eb vetme, largimin nga Shqip\u00ebria, t\u00eb gjitha k\u00ebto kan\u00eb vet\u00ebm nj\u00eb shkak: P\u00ebrvet\u00ebsimin, vjedhjen e taksave tuaja, nga regjimi i Edi Ram\u00ebs, nga Edi Rama, ministrat dhe zyrtar\u00ebt e tij.<\/p>\n<p>Ndaj dhe un\u00eb jam sot para jush p\u00ebr t\u00eb dh\u00eb ju fjal\u00ebn se, ne n\u00eb 100 dit\u00ebt e para do t\u00eb realizojm\u00eb at\u00eb ndryshim t\u00eb cilin nuk e ka menduar ndonj\u00ebher\u00eb, ndonj\u00eb njeri k\u00ebtu.<\/p>\n<p>N\u00eb 100 dit\u00ebt e para miqt\u00eb e mi, ne do t\u00eb vendosim minimumin jetik 200 euro p\u00ebr \u00e7do pensionist.<\/p>\n<p>P\u00ebr \u00e7do qytetar n\u00eb ndihm\u00eb ekonomike, p\u00ebr \u00e7do t\u00eb papun\u00eb, p\u00ebr \u00e7do jetim, q\u00eb ka vet\u00ebm nj\u00eb prind, p\u00ebr \u00e7do student me burs\u00eb dhe me k\u00ebt\u00eb shum\u00eb ne garantojm\u00eb p\u00ebr k\u00ebta qytetar\u00eb q\u00eb num\u00ebrojn\u00eb kafshat\u00ebn 6.3 euro n\u00eb dit\u00eb, pak \u00ebsht\u00eb, por mjerim nuk \u00ebsht\u00eb.<\/p>\n<p>Me k\u00ebt\u00eb tregues ne barazojm\u00eb veten ton\u00eb, me vende t\u00eb tjera t\u00eb cilat nuk pranojn\u00eb q\u00eb qytetar\u00ebt e tyre t\u00eb jen\u00eb n\u00eb mjerim.<\/p>\n<p>Me k\u00ebt\u00eb shum\u00eb ne b\u00ebjm\u00eb Shqip\u00ebrin\u00eb m\u00eb t\u00eb drejt\u00eb, shoq\u00ebrin\u00eb ton\u00eb m\u00eb t\u00eb drejt\u00eb dhe japim pra nj\u00eb frym\u00ebmarrje t\u00eb re\u201d, u shpreh Berisha.<\/p>\n","protected":false},"excerpt":{"rendered":"<p>Kryetari i PD, Sali Berisha tha gjat\u00eb takimit me banor\u00ebt e nj\u00ebsis\u00eb nr.4 n\u00eb Tiran\u00eb se, n\u00eb 100 dit\u00ebt e para vendosim minimumin jetik prej 200 eurosh, me k\u00ebt\u00eb shum\u00eb i japim nj\u00eb frym\u00ebmarrje t\u00eb re Shqip\u00ebris\u00eb. Berisha tha se, \u00e7do dit\u00eb q\u00eb na ndan nga 11 maji \u00ebsht\u00eb nj\u00eb apel, nj\u00eb kushtrim p\u00ebr ne\u201d. &hellip;<\/p>\n","protected":false},"author":4,"featured_media":111772,"comment_status":"closed","ping_status":"closed","sticky":false,"template":"","format":"standard","meta":{"footnotes":""},"categories":[37],"tags":[],"class_list":["post-111787","post","type-post","status-publish","format-standard","has-post-thumbnail","","category-politike"],"_links":{"self":[{"href":"https:\/\/rdnews.al\/index.php\/wp-json\/wp\/v2\/posts\/111787","targetHints":{"allow":["GET"]}}],"collection":[{"href":"https:\/\/rdnews.al\/index.php\/wp-json\/wp\/v2\/posts"}],"about":[{"href":"https:\/\/rdnews.al\/index.php\/wp-json\/wp\/v2\/types\/post"}],"author":[{"embeddable":true,"href":"https:\/\/rdnews.al\/index.php\/wp-json\/wp\/v2\/users\/4"}],"replies":[{"embeddable":true,"href":"https:\/\/rdnews.al\/index.php\/wp-json\/wp\/v2\/comments?post=111787"}],"version-history":[{"count":2,"href":"https:\/\/rdnews.al\/index.php\/wp-json\/wp\/v2\/posts\/111787\/revisions"}],"predecessor-version":[{"id":111798,"href":"https:\/\/rdnews.al\/index.php\/wp-json\/wp\/v2\/posts\/111787\/revisions\/111798"}],"wp:featuredmedia":[{"embeddable":true,"href":"https:\/\/rdnews.al\/index.php\/wp-json\/wp\/v2\/media\/111772"}],"wp:attachment":[{"href":"https:\/\/rdnews.al\/index.php\/wp-json\/wp\/v2\/media?parent=111787"}],"wp:term":[{"taxonomy":"category","embeddable":true,"href":"https:\/\/rdnews.al\/index.php\/wp-json\/wp\/v2\/categories?post=111787"},{"taxonomy":"post_tag","embeddable":true,"href":"https:\/\/rdnews.al\/index.php\/wp-json\/wp\/v2\/tags?post=111787"}],"curies":[{"name":"wp","href":"https:\/\/api.w.org\/{rel}","templated":true}]}}