{"id":111789,"date":"2025-04-25T18:00:37","date_gmt":"2025-04-25T18:00:37","guid":{"rendered":"https:\/\/rdnews.al\/?p=111789"},"modified":"2025-04-25T18:00:37","modified_gmt":"2025-04-25T18:00:37","slug":"berisha-keto-dy-jave-duhet-te-jene-javet-e-misionit-te-secilit-prej-nesh","status":"publish","type":"post","link":"https:\/\/rdnews.al\/index.php\/2025\/04\/25\/berisha-keto-dy-jave-duhet-te-jene-javet-e-misionit-te-secilit-prej-nesh\/","title":{"rendered":"Berisha: K\u00ebto dy jav\u00eb duhet t\u00eb jen\u00eb jav\u00ebt e misionit t\u00eb secilit prej nesh!"},"content":{"rendered":"<p>Lideri i opozit\u00eb, Sali Berisha ka v\u00ebn\u00eb theksin te r\u00ebnd\u00ebsia e dit\u00ebve t\u00eb fundit t\u00eb fushat\u00ebs elektorale p\u00ebr zgjedhjet e 11 majit, q\u00eb programi i PD-ASHM t\u00eb shkoj\u00eb te \u00e7do qytetar shqiptar.<\/p>\n<p>Berisha tha gjat\u00eb fjal\u00ebs s\u00eb tij n\u00eb takimin me banor\u00ebt e Nj\u00ebsis\u00eb Nr.4 n\u00eb Tiran\u00eb se, k\u00ebto dy jav\u00eb duhet t\u00eb jen\u00eb jav\u00ebt e misionit t\u00eb secilit prej nesh, ky \u00ebsht\u00eb nj\u00eb program p\u00ebr \u00e7do shqiptar.<\/p>\n<p><strong>Berisha:<\/strong>\u00a0Miq me k\u00ebt\u00eb program, me k\u00ebto premtime t\u00eb cilat u garantoj q\u00eb jan\u00eb 100% t\u00eb realizueshme dhe dua t\u00eb ju them t\u00eb v\u00ebrtet\u00ebn k\u00ebtu.<\/p>\n<p>Sot dal para jush dhe shqiptar\u00ebve n\u00eb kuptimin m\u00eb t\u00eb mir\u00ebfillt\u00eb t\u00eb fjal\u00ebs, p\u00ebr asnj\u00eb interes personal. Jo nuk kam interesa personale. Madje interesat e mia personale n\u00eb k\u00ebt\u00eb mosh\u00eb jan\u00eb disa t\u00eb tjera, por un\u00eb i kam l\u00ebn\u00eb ato dhe jam rikthyer me bindjen m\u00eb t\u00eb thell\u00eb se, nj\u00eb mision i ri me ndihm\u00ebn tuaj dhe t\u00eb Zotit duhet t\u00eb p\u00ebrmbushet.<\/p>\n<p>Desh\u00ebn ta zhdukin pluralizmin nga Shqip\u00ebria, d\u00ebshtuan.<\/p>\n<p>Nd\u00ebrtuan shtetin e drog\u00ebs dhe kanabisit, do ta p\u00ebrmbysim.<\/p>\n<p>Shqiptar\u00ebt do ti rikthejm\u00eb n\u00eb rrug\u00ebn e mir\u00ebqenies, n\u00eb rrug\u00ebn e pun\u00ebsimit, n\u00eb rrug\u00ebn e dinjitetit njer\u00ebzor.<\/p>\n<p>Shqip\u00ebria \u00ebsht\u00eb vendi m\u00eb i pasur n\u00eb t\u00eb gjith\u00eb rajonin.<\/p>\n<p>Kur n\u00eb vitin 2013 ne dol\u00ebm n\u00eb krye t\u00eb vendeve p\u00ebrreth p\u00ebr rroga e pensione, ne dol\u00ebm pa asnj\u00eb sforcim, por ne kishim t\u00eb gjitha mund\u00ebsit\u00eb p\u00ebr t\u00eb dal\u00eb.<\/p>\n<p>Edhe ky zot\u00ebria q\u00eb erdhi mbrapa, kishte t\u00eb gjitha mund\u00ebsit\u00eb q\u00eb t\u00eb vazhdonte at\u00eb rrug\u00eb.<\/p>\n<p>Pensionisti shqiptar q\u00eb merrte n\u00eb 2013, 143 mij\u00eb lek, q\u00eb merrte 5 mij\u00eb lek\u00eb m\u00eb shum\u00eb se sa pensionisti malazez, t\u00eb marr\u00eb sot 172 mij\u00eb lek, kurse malazezi t\u00eb marr\u00eb 450 mij\u00eb lek.<\/p>\n<p>T\u00eb mos ishim sot n\u00eb k\u00ebt\u00eb gjendje, n\u00eb t\u00eb cil\u00ebn aq sa blije me pensionin n\u00eb vitin 2013, me 143 mij\u00eb lek, sot t\u00eb duhet p\u00ebr t\u00eb bler\u00eb 396 mij\u00eb lek.<\/p>\n<p>K\u00ebtu nuk duhet t\u00eb ishim ne kurr\u00eb, por k\u00ebtu na soll\u00ebn ky grup hajdut\u00ebsh, q\u00eb pasurit\u00eb tuaja i konsiderojn\u00eb pasurit\u00eb e veta dhe i p\u00ebrvet\u00ebsoi ato n\u00eb \u00e7do pun\u00eb publike, n\u00eb \u00e7do akt, n\u00eb \u00e7do vendim dhe n\u00eb \u00e7do ligji.<\/p>\n<p>Ndaj dhe k\u00ebto dit\u00eb, k\u00ebto dy jav\u00eb duhet t\u00eb jen\u00eb jav\u00ebt e misionit t\u00eb secilit prej nesh.<\/p>\n<p>Duhet t\u00eb ndihemi misionar\u00eb, t\u00eb trokasim n\u00eb \u00e7do der\u00eb, nuk \u00ebsht\u00eb nj\u00eb program p\u00ebr ne ky, ky \u00ebsht\u00eb nj\u00eb program p\u00ebr \u00e7do shqiptar.<\/p>\n<p>Ky \u00ebsht\u00eb nj\u00eb program p\u00ebr \u00e7do n\u00ebn\u00eb q\u00eb k\u00ebrkon q\u00eb f\u00ebmija i saj t\u00eb rritet, t\u00eb shkollohet dhe pun\u00ebsohet. Q\u00eb k\u00ebrkon q\u00eb djali, vajza e saj q\u00eb mor\u00ebn dheun nga skamja t\u00eb rikthehen dhe t\u00eb nd\u00ebrtojn\u00eb \u00ebndrr\u00ebn dhe mir\u00ebqenien n\u00eb Shqip\u00ebri.<\/p>\n<p>Ky \u00ebsht\u00eb nj\u00eb program p\u00ebr \u00e7do pensionist q\u00eb k\u00ebrkon t\u00eb p\u00ebrballoj\u00eb jet\u00ebn p\u00ebr ata lumenj djerse q\u00eb ka derdh\u00eb, q\u00eb do n\u00eb dinjitet t\u00eb ket\u00eb kujdesje p\u00ebr t\u00eb.<\/p>\n<p>\u00cbsht\u00eb p\u00ebr \u00e7do shqiptar n\u00eb gjendje pune q\u00eb k\u00ebrkon q\u00eb me pun\u00ebn e tij t\u00eb mbaj\u00eb familjen, t\u00eb begatoj\u00eb veten dhe familjen e tij.<\/p>\n<p>P\u00ebr \u00e7do fermer, p\u00ebr \u00e7do biznesmen. Pra \u00ebsht\u00eb nj\u00eb program absolutisht p\u00ebr \u00e7do shqiptar.<\/p>\n<p>\u00cbsht\u00eb n\u00eb detyr\u00ebn ton\u00eb ta paraqesim k\u00ebt\u00eb program.<\/p>\n<p>T\u00eb injorojm\u00eb, t\u00eb p\u00ebr\u00e7ojm\u00eb propagand\u00ebn e turpshme, bajate me t\u00eb cil\u00ebn ai del.<\/p>\n<p>Njeriu q\u00eb 12 vite i katandisi shqiptar\u00ebt, qytetar\u00eb me rroga m\u00eb t\u00eb ul\u00ebta dhe \u00e7mime m\u00eb t\u00eb larta.<\/p>\n<p>Njeriu q\u00eb ka 130 milion\u00eb euro varrin e nj\u00eb inceneratori q\u00eb nuk ekziston sepse parat\u00eb i ka marr\u00eb vet\u00eb me band\u00ebn e tij.<\/p>\n<p>Njeriu q\u00eb p\u00ebrzuri nj\u00eb televizion se nuk duronte kritikat, nj\u00eblloj si i ati q\u00eb varte n\u00eb litar disident\u00ebt.<\/p>\n<p>Dhe tani ne paguajm\u00eb 120 mln euro Beketit se e p\u00ebrzuri.<\/p>\n<p>Njeriu q\u00eb kalon nga takimi n\u00eb takim, me nj\u00eb gjuh\u00eb banale, me nj\u00eb gjuh\u00eb vulgare dhe q\u00eb beson se duke ve\u00e7uar n\u00ebnat, motrat, zonjat do mund\u00eb tu shes\u00eb batutat e tij bajate, t\u00eb turpshme.<\/p>\n<p>Tregon at\u00eb mend\u00ebsi, tregon at\u00eb mend\u00ebsi t\u00eb vjet\u00ebr, t\u00eb tejkaluar, tregon at\u00eb ndarje t\u00eb tmerrshem q\u00eb ka me qytetar\u00ebt.<\/p>\n<p>Beson se mund ti p\u00ebrdor\u00eb qytetar\u00ebt, grat\u00eb, motrat, vajzat, n\u00ebnat tona, p\u00ebr interesa elektorale duke ua shar\u00eb burrat, duke ua shar\u00eb djemt\u00eb, baballar\u00ebt e f\u00ebmij\u00ebve.<\/p>\n<p>Batuta bajate t\u00eb koh\u00ebs s\u00eb socializmit q\u00eb tregojn\u00eb t\u00eb gjith\u00eb mend\u00ebsin\u00eb e tij t\u00eb urrejtjes ndaj qytetarit, ndaj njeriut.<\/p>\n<p>Po, po i urren.<\/p>\n<p>D\u00ebgjon mo zot\u00ebri, n\u00ebse ti thua se, jan\u00eb kryer krime kund\u00ebr njer\u00ebzimit ndaj atij qytetari, apo qytetareje q\u00eb sot nuk \u00ebsht\u00eb m\u00eb, ti duhet t\u00eb marr\u00ebsh 120 masa q\u00eb ajo t\u00eb mos ndodh\u00eb kurr\u00eb.<\/p>\n<p>Por ti ata i ke miza, i ke qenie inferiore, ti ata i ke qenie q\u00eb i p\u00ebr\u00e7mon, dhe nuk \u00e7an kok\u00ebn fare, se fatin e tyre e p\u00ebson edhe tjetri q\u00eb vjen mbrapa.<\/p>\n<p>K\u00ebta jan\u00eb t\u00eb zhytur, t\u00eb verbuar n\u00eb nj\u00eb luks t\u00eb paimagjinuesh\u00ebm.<\/p>\n<p>Shifni n\u00eb televizor, shifni ministre t\u00eb vendeve t\u00eb tjera, ministra. Ju kapin syt\u00eb kund njer\u00ebz t\u00eb stolisur me flori dhe diamante si k\u00ebta. Ju kapin syt\u00eb kund.<\/p>\n<p>Gjeni kund nj\u00eb kryeminist\u00ebr t\u00eb hap\u00eb shishen e ver\u00ebs, 33 mij\u00eb euro.<\/p>\n<p>Kurr\u00eb nuk ndodh, ua them un\u00eb. Edhe po t\u00eb ket\u00eb mund\u00ebsi, ai nuk e b\u00ebn, sepse s\u2019mund ta blej\u00eb me para t\u00eb shtetit dhe nuk mund ta pranoj\u00eb as dhurat\u00eb.<\/p>\n<p>Nuk pranohet dhurata 33 mij\u00eb euro.<\/p>\n<p>Ta kthejn\u00eb n\u00eb \u00e7do qeveri t\u00eb bot\u00ebs. T\u00eb thot\u00eb jo, nuk mundet, nuk m\u00eb lejon kodi etik.<\/p>\n<p>Kurse ky nuk ka asnj\u00eb kufi.<\/p>\n<p>Nuk ka asnj\u00eb respekt p\u00ebr ju.<\/p>\n<p>Nuk ka asnj\u00eb respekt p\u00ebr qytetarin.<\/p>\n<p>Asnj\u00eb respekt p\u00ebr n\u00ebnat, motrat.<\/p>\n<p>Asnj\u00eb respekt p\u00ebr f\u00ebmij\u00ebt.<\/p>\n<p>Ndaj dhe ju ftoj me 11 maj t\u00eb gjith\u00eb 1-sha.<\/p>\n<p>Ne jemi 1-sha.<\/p>\n<p>Jemi numri i diellit, jemi numri i Zotit, jemi numri i fitores.<\/p>\n<p>Rrofshi ju, rroft\u00eb Tirana, rroft\u00eb Shqip\u00ebria.<\/p>\n<p>Fitore, fitore, fitore!<\/p>\n","protected":false},"excerpt":{"rendered":"<p>Lideri i opozit\u00eb, Sali Berisha ka v\u00ebn\u00eb theksin te r\u00ebnd\u00ebsia e dit\u00ebve t\u00eb fundit t\u00eb fushat\u00ebs elektorale p\u00ebr zgjedhjet e 11 majit, q\u00eb programi i PD-ASHM t\u00eb shkoj\u00eb te \u00e7do qytetar shqiptar. Berisha tha gjat\u00eb fjal\u00ebs s\u00eb tij n\u00eb takimin me banor\u00ebt e Nj\u00ebsis\u00eb Nr.4 n\u00eb Tiran\u00eb se, k\u00ebto dy jav\u00eb duhet t\u00eb jen\u00eb jav\u00ebt &hellip;<\/p>\n","protected":false},"author":4,"featured_media":111790,"comment_status":"closed","ping_status":"closed","sticky":false,"template":"","format":"standard","meta":{"footnotes":""},"categories":[37],"tags":[],"class_list":["post-111789","post","type-post","status-publish","format-standard","has-post-thumbnail","","category-politike"],"_links":{"self":[{"href":"https:\/\/rdnews.al\/index.php\/wp-json\/wp\/v2\/posts\/111789","targetHints":{"allow":["GET"]}}],"collection":[{"href":"https:\/\/rdnews.al\/index.php\/wp-json\/wp\/v2\/posts"}],"about":[{"href":"https:\/\/rdnews.al\/index.php\/wp-json\/wp\/v2\/types\/post"}],"author":[{"embeddable":true,"href":"https:\/\/rdnews.al\/index.php\/wp-json\/wp\/v2\/users\/4"}],"replies":[{"embeddable":true,"href":"https:\/\/rdnews.al\/index.php\/wp-json\/wp\/v2\/comments?post=111789"}],"version-history":[{"count":1,"href":"https:\/\/rdnews.al\/index.php\/wp-json\/wp\/v2\/posts\/111789\/revisions"}],"predecessor-version":[{"id":111791,"href":"https:\/\/rdnews.al\/index.php\/wp-json\/wp\/v2\/posts\/111789\/revisions\/111791"}],"wp:featuredmedia":[{"embeddable":true,"href":"https:\/\/rdnews.al\/index.php\/wp-json\/wp\/v2\/media\/111790"}],"wp:attachment":[{"href":"https:\/\/rdnews.al\/index.php\/wp-json\/wp\/v2\/media?parent=111789"}],"wp:term":[{"taxonomy":"category","embeddable":true,"href":"https:\/\/rdnews.al\/index.php\/wp-json\/wp\/v2\/categories?post=111789"},{"taxonomy":"post_tag","embeddable":true,"href":"https:\/\/rdnews.al\/index.php\/wp-json\/wp\/v2\/tags?post=111789"}],"curies":[{"name":"wp","href":"https:\/\/api.w.org\/{rel}","templated":true}]}}