{"id":111799,"date":"2025-04-25T18:22:24","date_gmt":"2025-04-25T18:22:24","guid":{"rendered":"https:\/\/rdnews.al\/?p=111799"},"modified":"2025-04-25T18:22:43","modified_gmt":"2025-04-25T18:22:43","slug":"kallezimi-ndaj-edi-dhe-linda-rames-perplas-gjkko-me-gjykaten-e-tiranes-asnjera-nuk-e-merr-persiper","status":"publish","type":"post","link":"https:\/\/rdnews.al\/index.php\/2025\/04\/25\/kallezimi-ndaj-edi-dhe-linda-rames-perplas-gjkko-me-gjykaten-e-tiranes-asnjera-nuk-e-merr-persiper\/","title":{"rendered":"Kall\u00ebzimi ndaj Ram\u00ebs dhe Lind\u00ebs p\u00ebrplas GJKKO me Gjykat\u00ebn e Tiran\u00ebs, asnj\u00ebra nuk e merr p\u00ebrsip\u00ebr"},"content":{"rendered":"<p>Pas \u201cping-pongut\u201d mes SPAK dhe Prokuroris\u00eb s\u00eb Tiran\u00ebs mbi hetimin ose jo t\u00eb nj\u00eb kall\u00ebzimi penal kund\u00ebr kryeministrit, Edi Rama e bashk\u00ebshortes s\u00eb tij Linda Rama, \u00e7\u00ebshtja ka futur n\u00eb konflikt edhe Gjykat\u00ebn e Posa\u00e7me me Gjykat\u00ebn e Tiran\u00ebs.<\/p>\n<p>Dy gjykatat pretendojn\u00eb se nuk jan\u00eb kompetente p\u00ebr t\u00eb shqyrtuar nj\u00eb ankim t\u00eb b\u00ebr\u00eb kund\u00ebr vendimit t\u00eb Gjykat\u00ebs s\u00eb Tiran\u00ebs p\u00ebr mosfillim t\u00eb hetimit ndaj t\u00eb kall\u00ebzuarve.<\/p>\n<p>N\u00eb t\u00eb till\u00eb situat\u00eb, \u00e7\u00ebshtja e kthyer n\u00eb nj\u00eb \u201cpatate nxeht\u00eb\u201d, \u00ebsht\u00eb p\u00ebrcjell\u00eb p\u00ebr n\u00eb Gjykat\u00ebn e Lart\u00eb. P\u00ebrmes nj\u00eb vendimi t\u00eb dat\u00ebs 15 prill, gjyqtarja e Posa\u00e7me, Irena Gjoka k\u00ebrkon ndihm\u00ebn e Gjykat\u00ebs s\u00eb Lart\u00eb p\u00ebr t\u00eb zgjidhur kompetenc\u00ebn e shqyrtimit t\u00eb ankimit.<\/p>\n<p>\u201cStrumbullari\u201d i \u00e7\u00ebshtjes \u00ebsht\u00eb nj\u00eb kall\u00ebzim n\u00eb SPAK i avokates Ardiana Kalaja, nj\u00ebkoh\u00ebsisht funksionare e PD, ndaj bashk\u00ebshort\u00ebve Rama, por edhe ndaj v\u00ebllait t\u00eb kryeministrit, Olsi Rama, sekretarit t\u00eb P\u00ebrgjithsh\u00ebm t\u00eb K\u00ebshillit t\u00eb Ministrave, Engj\u00ebll Aga\u00e7i, ish-kreut t\u00eb Kadastr\u00ebs, Artan Lame dhe zyrtar\u00ebve t\u00eb tjer\u00eb q\u00eb mund t\u00eb dilnin nga hetimit.<\/p>\n<p>Sipas saj, t\u00eb kall\u00ebzuarit kishin kryer disa vepra penale, mes t\u00eb cilave falsifikim, shp\u00ebrdorim detyre e korrupsion, gjat\u00eb procedur\u00ebs s\u00eb regjistrimit dhe kalimit n\u00eb pron\u00ebsi t\u00eb bashk\u00ebshortes s\u00eb kryeministrit p\u00ebrmes blerjes s\u00eb nj\u00eb sip\u00ebrfaqe trualli n\u00eb zon\u00ebn e Dajtit.<\/p>\n<p>Pas verifikimeve, SPAK vler\u00ebsoi se nuk kishte rrethana q\u00eb hetoheshin nga kjo struktur\u00eb dhe e kaloi kall\u00ebzimin p\u00ebr kompetenc\u00eb n\u00eb Prokurorin\u00eb e Tiran\u00ebs. Pas disa muajsh hetim, kjo e fundit, vendosi t\u00eb mosfilloj\u00eb procedim penal, vendim q\u00eb u kund\u00ebrshtua nga kall\u00ebzuesja Kalaja n\u00eb Gjykat\u00ebn e Tiran\u00ebs, q\u00eb e kaloi \u00e7\u00ebshtjen p\u00ebr kompetenc\u00eb n\u00eb Gjykat\u00ebn e Posa\u00e7me. Por n\u00eb k\u00ebt\u00eb gjykat\u00eb, gjyqtarja Irena Gjoka, vler\u00ebsoi se gjykata e Posa\u00e7me nuk kishte kompetenc\u00eb.<\/p>\n<p>N\u00eb kushtet kur dy gjykata nuk pranojn\u00eb kompetenc\u00ebn, gjyqtarja Gjoka ngriti mosmarr\u00ebveshjen n\u00eb Gjykat\u00ebn e Lart\u00eb. Pas zhvendosjes s\u00eb akteve, Gjykata e Lart\u00eb do p\u00ebrcaktoj\u00eb, cila gjykat\u00eb do shqyrtoj\u00eb ankimin, ku do vendoset n\u00ebse do t\u00eb vijoj\u00eb ose jo hetimi ndaj kreut t\u00eb qeveris\u00eb, familjar\u00ebve t\u00eb tij dhe disa zyrtar\u00ebve t\u00eb lart\u00eb.\/<a href=\"https:\/\/a2news.com\/shqiperia\/kronike\/kallezimi-ndaj-edi-e-linda-rames-perplas-gjykatat-i1146417\" target=\"_blank\" rel=\"noopener\">A2 CNN<\/a><\/p>\n","protected":false},"excerpt":{"rendered":"<p>Pas \u201cping-pongut\u201d mes SPAK dhe Prokuroris\u00eb s\u00eb Tiran\u00ebs mbi hetimin ose jo t\u00eb nj\u00eb kall\u00ebzimi penal kund\u00ebr kryeministrit, Edi Rama e bashk\u00ebshortes s\u00eb tij Linda Rama, \u00e7\u00ebshtja ka futur n\u00eb konflikt edhe Gjykat\u00ebn e Posa\u00e7me me Gjykat\u00ebn e Tiran\u00ebs. Dy gjykatat pretendojn\u00eb se nuk jan\u00eb kompetente p\u00ebr t\u00eb shqyrtuar nj\u00eb ankim t\u00eb b\u00ebr\u00eb kund\u00ebr vendimit &hellip;<\/p>\n","protected":false},"author":4,"featured_media":111800,"comment_status":"closed","ping_status":"closed","sticky":false,"template":"","format":"standard","meta":{"footnotes":""},"categories":[37],"tags":[],"class_list":["post-111799","post","type-post","status-publish","format-standard","has-post-thumbnail","","category-politike"],"_links":{"self":[{"href":"https:\/\/rdnews.al\/index.php\/wp-json\/wp\/v2\/posts\/111799","targetHints":{"allow":["GET"]}}],"collection":[{"href":"https:\/\/rdnews.al\/index.php\/wp-json\/wp\/v2\/posts"}],"about":[{"href":"https:\/\/rdnews.al\/index.php\/wp-json\/wp\/v2\/types\/post"}],"author":[{"embeddable":true,"href":"https:\/\/rdnews.al\/index.php\/wp-json\/wp\/v2\/users\/4"}],"replies":[{"embeddable":true,"href":"https:\/\/rdnews.al\/index.php\/wp-json\/wp\/v2\/comments?post=111799"}],"version-history":[{"count":2,"href":"https:\/\/rdnews.al\/index.php\/wp-json\/wp\/v2\/posts\/111799\/revisions"}],"predecessor-version":[{"id":111802,"href":"https:\/\/rdnews.al\/index.php\/wp-json\/wp\/v2\/posts\/111799\/revisions\/111802"}],"wp:featuredmedia":[{"embeddable":true,"href":"https:\/\/rdnews.al\/index.php\/wp-json\/wp\/v2\/media\/111800"}],"wp:attachment":[{"href":"https:\/\/rdnews.al\/index.php\/wp-json\/wp\/v2\/media?parent=111799"}],"wp:term":[{"taxonomy":"category","embeddable":true,"href":"https:\/\/rdnews.al\/index.php\/wp-json\/wp\/v2\/categories?post=111799"},{"taxonomy":"post_tag","embeddable":true,"href":"https:\/\/rdnews.al\/index.php\/wp-json\/wp\/v2\/tags?post=111799"}],"curies":[{"name":"wp","href":"https:\/\/api.w.org\/{rel}","templated":true}]}}