{"id":111810,"date":"2025-04-25T18:40:16","date_gmt":"2025-04-25T18:40:16","guid":{"rendered":"https:\/\/rdnews.al\/?p=111810"},"modified":"2025-04-25T18:40:35","modified_gmt":"2025-04-25T18:40:35","slug":"kavaja-e-gjithe-me-berishen-mijera-qytetare-ne-shesh","status":"publish","type":"post","link":"https:\/\/rdnews.al\/index.php\/2025\/04\/25\/kavaja-e-gjithe-me-berishen-mijera-qytetare-ne-shesh\/","title":{"rendered":"Kavaja e gjith\u00eb me Berish\u00ebn, mij\u00ebra qytetar\u00eb n\u00eb shesh!"},"content":{"rendered":"<p>Mij\u00ebra qytetar\u00eb t\u00eb Kavaj\u00ebs kan\u00eb dal\u00eb n\u00eb shesh duke i rezervuar liderit t\u00eb opozit\u00ebs, Sali Berisha nj\u00eb pritje madh\u00ebshtore, n\u00eb takimin elektoral p\u00ebr zgjedhjet e 11 majit.<\/p>\n<p>Mes brohorimave dhe entuziazmit, qytetar\u00ebt jan\u00eb derdhur lum p\u00ebr t\u00eb pritur kryedemokratin Berisha, duke dh\u00ebn\u00eb mesazhin e qart\u00eb se Kavaja nuk i n\u00ebnshtrohet narkoqeveris\u00eb s\u00eb Edi Ram\u00ebs.<\/p>\n<p>Kujtojm\u00eb se n\u00eb t\u00eb gjitha takimet elektorale t\u00eb zhvilluara nga lideri i opozit\u00ebs Sali Berisha p\u00ebr zgjedhjet e 11 majit, qytetar\u00ebt i jan\u00eb p\u00ebrgjigjur duke e pritur n\u00eb m\u00ebnyr\u00eb madh\u00ebshtore.<\/p>\n","protected":false},"excerpt":{"rendered":"<p>Mij\u00ebra qytetar\u00eb t\u00eb Kavaj\u00ebs kan\u00eb dal\u00eb n\u00eb shesh duke i rezervuar liderit t\u00eb opozit\u00ebs, Sali Berisha nj\u00eb pritje madh\u00ebshtore, n\u00eb takimin elektoral p\u00ebr zgjedhjet e 11 majit. Mes brohorimave dhe entuziazmit, qytetar\u00ebt jan\u00eb derdhur lum p\u00ebr t\u00eb pritur kryedemokratin Berisha, duke dh\u00ebn\u00eb mesazhin e qart\u00eb se Kavaja nuk i n\u00ebnshtrohet narkoqeveris\u00eb s\u00eb Edi Ram\u00ebs. Kujtojm\u00eb &hellip;<\/p>\n","protected":false},"author":4,"featured_media":111811,"comment_status":"closed","ping_status":"closed","sticky":false,"template":"","format":"standard","meta":{"footnotes":""},"categories":[37],"tags":[],"class_list":["post-111810","post","type-post","status-publish","format-standard","has-post-thumbnail","","category-politike"],"_links":{"self":[{"href":"https:\/\/rdnews.al\/index.php\/wp-json\/wp\/v2\/posts\/111810","targetHints":{"allow":["GET"]}}],"collection":[{"href":"https:\/\/rdnews.al\/index.php\/wp-json\/wp\/v2\/posts"}],"about":[{"href":"https:\/\/rdnews.al\/index.php\/wp-json\/wp\/v2\/types\/post"}],"author":[{"embeddable":true,"href":"https:\/\/rdnews.al\/index.php\/wp-json\/wp\/v2\/users\/4"}],"replies":[{"embeddable":true,"href":"https:\/\/rdnews.al\/index.php\/wp-json\/wp\/v2\/comments?post=111810"}],"version-history":[{"count":1,"href":"https:\/\/rdnews.al\/index.php\/wp-json\/wp\/v2\/posts\/111810\/revisions"}],"predecessor-version":[{"id":111812,"href":"https:\/\/rdnews.al\/index.php\/wp-json\/wp\/v2\/posts\/111810\/revisions\/111812"}],"wp:featuredmedia":[{"embeddable":true,"href":"https:\/\/rdnews.al\/index.php\/wp-json\/wp\/v2\/media\/111811"}],"wp:attachment":[{"href":"https:\/\/rdnews.al\/index.php\/wp-json\/wp\/v2\/media?parent=111810"}],"wp:term":[{"taxonomy":"category","embeddable":true,"href":"https:\/\/rdnews.al\/index.php\/wp-json\/wp\/v2\/categories?post=111810"},{"taxonomy":"post_tag","embeddable":true,"href":"https:\/\/rdnews.al\/index.php\/wp-json\/wp\/v2\/tags?post=111810"}],"curies":[{"name":"wp","href":"https:\/\/api.w.org\/{rel}","templated":true}]}}