{"id":111813,"date":"2025-04-25T19:01:14","date_gmt":"2025-04-25T19:01:14","guid":{"rendered":"https:\/\/rdnews.al\/?p=111813"},"modified":"2025-04-26T09:33:35","modified_gmt":"2025-04-26T09:33:35","slug":"pastrana-cdi-qendron-fuqishem-perkrah-jush-pd-ka-treguar-fuqine-transformuese-te-qeverisjes","status":"publish","type":"post","link":"https:\/\/rdnews.al\/index.php\/2025\/04\/25\/pastrana-cdi-qendron-fuqishem-perkrah-jush-pd-ka-treguar-fuqine-transformuese-te-qeverisjes\/","title":{"rendered":"Pastrana: Jini t\u00eb sigurt se CDI q\u00ebndron fuqish\u00ebm p\u00ebrkrah jush! PD ka treguar fuqin\u00eb transformuese n\u00eb qeverisje!"},"content":{"rendered":"<p>Presidenti i CDI, Andr\u00e9s Pastrana Arango, ka shprehur mb\u00ebshtetjen e fort\u00eb p\u00ebr Partin\u00eb Demokratike n\u00eb nj\u00eb video-mesazh t\u00eb transmetuar gjat\u00eb takimit elektoral t\u00eb PD-s\u00eb n\u00eb Kavaj\u00eb. Ai deklaroi se \u201cCDI q\u00ebndron fuqish\u00ebm p\u00ebrkrah jush\u201d dhe vler\u00ebsoi PD-n\u00eb p\u00ebr vendosm\u00ebrin\u00eb n\u00eb mbrojtjen e demokracis\u00eb dhe vlerave euro-atlantike. Pastrana e cil\u00ebsoi Shqip\u00ebrin\u00eb n\u00eb nj\u00eb moment vendimtar drejt integrimit europian dhe theksoi r\u00ebnd\u00ebsin\u00eb e zgjedhjeve t\u00eb lira dhe t\u00eb ndershme.<\/p>\n<p>Ai vler\u00ebsoi udh\u00ebheqjen e Sali Berish\u00ebs si simbol i q\u00ebndres\u00ebs ndaj p\u00ebrndjekjeve politike dhe i p\u00ebrkushtimit p\u00ebr nj\u00eb Shqip\u00ebri t\u00eb lir\u00eb dhe t\u00eb fort\u00eb. Sipas tij, Partia Demokratike ka qen\u00eb gjithnj\u00eb nj\u00eb mb\u00ebshtet\u00ebse e sundimit t\u00eb ligjit, lirive themelore dhe qeverisjes s\u00eb p\u00ebrgjegjshme. Ai theksoi p\u00ebrkushtimin e PD-s\u00eb p\u00ebr pavar\u00ebsin\u00eb e gjyq\u00ebsorit, luft\u00ebn kund\u00ebr korrupsionit dhe nxitjen e pjes\u00ebmarrjes s\u00eb grave n\u00eb politik\u00eb.<\/p>\n<p><strong>Fjala e plot\u00eb<\/strong><\/p>\n<p><img loading=\"lazy\" decoding=\"async\" class=\"alignnone  wp-image-111862\" src=\"https:\/\/rdnews.al\/wp-content\/uploads\/2025\/04\/111-300x188.jpg\" alt=\"\" width=\"274\" height=\"172\" srcset=\"https:\/\/rdnews.al\/wp-content\/uploads\/2025\/04\/111-300x188.jpg 300w, https:\/\/rdnews.al\/wp-content\/uploads\/2025\/04\/111.jpg 448w\" sizes=\"auto, (max-width: 274px) 100vw, 274px\" \/><\/p>\n<p>T\u00eb dashur miq, an\u00ebtar\u00eb t\u00eb nderuar t\u00eb Partis\u00eb Demokratike t\u00eb Shqip\u00ebris\u00eb dhe t\u00eb ftuar t\u00eb nderuar!<\/p>\n<p>\u00cbsht\u00eb nj\u00eb privilegj i ve\u00e7ant\u00eb t\u00eb q\u00ebndroj sot p\u00ebrpara jush si President i Internacionales Demokristiane dhe t\u00eb ndaj disa fjal\u00eb mb\u00ebshtet\u00ebse p\u00ebr Partin\u00eb Demokratike, BDSH-n\u00eb, n\u00eb k\u00ebt\u00eb moment vendimtar. Shqip\u00ebria ndodhet n\u00eb nj\u00eb udh\u00ebkryq n\u00eb rrug\u00ebn e saj drejt Europ\u00ebs, e udh\u00ebhequr nga dy shtyllat e reform\u00ebs dhe konsolidimit demokratik.<\/p>\n<p>Prej vitesh, Partia Demokratike ka q\u00ebndruar me vendosm\u00ebri p\u00ebrkrah popullit shqiptar, pa u t\u00ebrhequr, edhe p\u00ebrball\u00eb strategjive dhe politikave m\u00eb d\u00ebmtuese t\u00eb Kryeministrit Edi Rama. Udh\u00ebheqja e Presidentit Sali Berisha \u00ebsht\u00eb nj\u00eb d\u00ebshmi e k\u00ebsaj mb\u00ebshtetjeje ndaj popullit shqiptar dhe e q\u00ebndrueshm\u00ebris\u00eb s\u00eb Partis\u00eb Demokratike. Edhe pse \u00ebsht\u00eb p\u00ebrballur me p\u00ebrndjekje politike t\u00eb motivuar dhe ka paguar me lirin\u00eb e tij personale, Dr. Berisha vazhdon t\u00eb mish\u00ebroj\u00eb p\u00ebrkushtimin e pal\u00ebkundur t\u00eb PD-s\u00eb p\u00ebr t\u00eb nd\u00ebrtuar nj\u00eb Shqip\u00ebri m\u00eb t\u00eb lir\u00eb dhe m\u00eb t\u00eb fort\u00eb, n\u00eb zem\u00ebr t\u00eb Bashkimit Evropian.<\/p>\n<p>Q\u00eb nga themelimi i saj si partia e par\u00eb opozitare n\u00eb Shqip\u00ebri, pas dekadash sundimi nj\u00ebpartiak, PD-ja ka treguar vendosm\u00ebrin\u00eb e saj n\u00eb mbrojtje t\u00eb vlerave q\u00eb ndajn\u00eb familja jon\u00eb e p\u00ebrbashk\u00ebt politike: sundimi i ligjit, lirit\u00eb themelore dhe besimi n\u00eb fuqin\u00eb transformuese t\u00eb qeverisjes s\u00eb p\u00ebrgjegjshme. K\u00ebto nuk jan\u00eb thjesht aspirata; ato jan\u00eb themelet mbi t\u00eb cilat nd\u00ebrtohen shoq\u00ebri t\u00eb suksesshme dhe mbeten gjithashtu shtyllat kryesore t\u00eb platform\u00ebs politike dhe angazhimit publik t\u00eb Partis\u00eb Demokratike.<\/p>\n<p>Nd\u00ebrsa shqiptar\u00ebt p\u00ebrgatiten p\u00ebr zgjedhjet parlamentare t\u00eb r\u00ebnd\u00ebsishme n\u00eb majin q\u00eb vjen, rreziku dhe mund\u00ebsit\u00eb jan\u00eb t\u00eb m\u00ebdha. Institucionet demokratike p\u00ebrfitojn\u00eb kur qytetar\u00ebt kan\u00eb mund\u00ebsi t\u00eb zgjedhin udh\u00ebheq\u00ebs t\u00eb p\u00ebrkushtuar ndaj transparenc\u00ebs, p\u00ebrfshirjes aktive t\u00eb qytetar\u00ebve dhe respektit t\u00eb v\u00ebrtet\u00eb p\u00ebr dinjitetin individual. Partia Demokratike ka d\u00ebshmuar vazhdimisht kapacitetin e saj p\u00ebr t\u00eb \u00e7uar Shqip\u00ebrin\u00eb p\u00ebrpara n\u00eb k\u00ebto fusha, ve\u00e7an\u00ebrisht p\u00ebrmes theksit t\u00eb saj tek pavar\u00ebsia e gjyq\u00ebsorit, mund\u00ebsit\u00eb ekonomike dhe respekti p\u00ebr partneritetet euro-atlantike.<\/p>\n<p>Me Shqip\u00ebrin\u00eb tashm\u00eb t\u00eb vendosur n\u00eb rrug\u00ebn e integrimit evropian, \u00ebsht\u00eb jetike q\u00eb udh\u00ebheqja e vendit t\u00eb njoh\u00eb p\u00ebrgjegj\u00ebsit\u00eb q\u00eb shoq\u00ebrojn\u00eb k\u00ebt\u00eb rrug\u00ebtim. Zgjedhjet e lira dhe t\u00eb ndershme nuk do t\u00eb ndikojn\u00eb vet\u00ebm n\u00eb qeverisjen komb\u00ebtare, por edhe n\u00eb m\u00ebnyr\u00ebn se si perceptohet Shqip\u00ebria n\u00eb aren\u00ebn nd\u00ebrkomb\u00ebtare dhe n\u00eb institucionet ky\u00e7e evropiane.<\/p>\n<p>N\u00eb IDC-CDI, ne e shohim Partin\u00eb Demokratike jo vet\u00ebm si nj\u00eb aleate, por si nj\u00eb partnere, vizioni i s\u00eb cil\u00ebs p\u00ebr Shqip\u00ebrin\u00eb p\u00ebrkon me idealet m\u00eb t\u00eb gjera t\u00eb liris\u00eb politike dhe fuqizimit ekonomik. Ne besojm\u00eb fort se partit\u00eb politike t\u00eb forta jan\u00eb themel i demokracive t\u00eb sh\u00ebndetshme. Gjat\u00eb viteve, PD-ja ka treguar nj\u00eb qasje p\u00ebrfshir\u00ebse, ka mb\u00ebshtetur pjes\u00ebmarrjen e grave n\u00eb politik\u00eb dhe ka shprehur p\u00ebrkushtim t\u00eb vazhduesh\u00ebm p\u00ebr t\u00eb luftuar korrupsionin, nj\u00eb sfid\u00eb q\u00eb prek shum\u00eb vende, por q\u00eb duhet tejkaluar p\u00ebr t\u00eb garantuar nj\u00eb qeverisje t\u00eb q\u00ebndrueshme.<\/p>\n<p>K\u00ebto iniciativa tregojn\u00eb d\u00ebshir\u00ebn e sinqert\u00eb t\u00eb PD-s\u00eb p\u00ebr t\u00eb nd\u00ebrtuar besim n\u00eb institucionet publike dhe p\u00ebr t\u00eb krijuar nj\u00eb mjedis m\u00eb t\u00eb barabart\u00eb p\u00ebr \u00e7do shqiptar. Po aq e r\u00ebnd\u00ebsishme \u00ebsht\u00eb edhe aft\u00ebsia e saj p\u00ebr t\u00eb nd\u00ebrtuar marr\u00ebdh\u00ebnie me aleat\u00eb nd\u00ebrkomb\u00ebtar\u00eb, duke n\u00ebnvizuar kapacitetin e saj p\u00ebr t\u00eb krijuar partneritete t\u00eb dobishme q\u00eb kap\u00ebrcejn\u00eb kufijt\u00eb. P\u00ebrmes lidhjeve t\u00eb saj t\u00eb q\u00ebndrueshme me CDI dhe rrjete t\u00eb tjera nd\u00ebrkomb\u00ebtare, PD-ja mbetet n\u00eb nj\u00eb pozicion t\u00eb favorsh\u00ebm p\u00ebr t\u00eb forcuar lidhjet e Shqip\u00ebris\u00eb me partner\u00ebt global\u00eb dhe p\u00ebr t\u00eb rritur pranin\u00eb e saj n\u00eb sken\u00ebn evropiane.<\/p>\n<p>Sigurisht, zgjedhjet jan\u00eb gjithashtu nj\u00eb fest\u00eb e vet\u00eb procesit demokratik. Votuesit duhet t\u00eb ken\u00eb besim t\u00eb plot\u00eb se t\u00eb gjitha z\u00ebrat do t\u00eb d\u00ebgjohen dhe se \u00e7do shqiptar ka nj\u00eb rol n\u00eb form\u00ebsimin e drejtimit t\u00eb vendit. N\u00eb k\u00ebt\u00eb kontekst, inkurajoj Partin\u00eb Demokratike t\u00eb vazhdoj\u00eb t\u00eb apeloj\u00eb tek shpresat e p\u00ebrbashk\u00ebta t\u00eb qytetar\u00ebve, t\u00eb zgjeroj\u00eb luft\u00ebn kund\u00ebr korrupsionit, t\u00eb avokoj\u00eb p\u00ebr reforma sociale dhe ekonomike dhe t\u00eb v\u00ebr\u00eb n\u00eb plan t\u00eb par\u00eb vendin e Shqip\u00ebris\u00eb n\u00eb familjen evropiane.<\/p>\n<p>Dialogu i sinqert\u00eb dhe propozimet e forta politike mund t\u00eb mobilizojn\u00eb votuesit, duke i ndihmuar t\u00eb parashikojn\u00eb nj\u00eb t\u00eb ardhme ku institucionet demokratike t\u00eb vendit lul\u00ebzojn\u00eb.<\/p>\n<p>P\u00ebr t\u00eb gjith\u00eb an\u00ebtar\u00ebt e Partis\u00eb Demokratike dhe mb\u00ebshtet\u00ebsit tuaj: jini t\u00eb sigurt se CDI q\u00ebndron fuqish\u00ebm p\u00ebrkrah jush. Ju p\u00ebrsh\u00ebndesim p\u00ebrkushtimin tuaj t\u00eb pal\u00ebkundur dhe ju urojm\u00eb \u00e7do sukses n\u00eb misionin tuaj p\u00ebr t\u00eb nd\u00ebrtuar nj\u00eb Shqip\u00ebri t\u00eb q\u00ebndrueshme, transparente dhe me vizion p\u00ebr t\u00eb ardhmen. Uroj q\u00eb p\u00ebrpjekjet tuaja t\u00eb japin fryte p\u00ebr t\u00eb mir\u00ebn e p\u00ebrbashk\u00ebt, duke forcuar bindjen se dit\u00ebt m\u00eb t\u00eb mira t\u00eb Shqip\u00ebris\u00eb v\u00ebrtet ndodhen p\u00ebrpara, si pjes\u00eb e nj\u00eb komuniteti t\u00eb bashkuar evropian.<\/p>\n<p>Faleminderit shum\u00eb dhe suksese n\u00eb majin q\u00eb vjen!<\/p>\n","protected":false},"excerpt":{"rendered":"<p>Presidenti i CDI, Andr\u00e9s Pastrana Arango, ka shprehur mb\u00ebshtetjen e fort\u00eb p\u00ebr Partin\u00eb Demokratike n\u00eb nj\u00eb video-mesazh t\u00eb transmetuar gjat\u00eb takimit elektoral t\u00eb PD-s\u00eb n\u00eb Kavaj\u00eb. Ai deklaroi se \u201cCDI q\u00ebndron fuqish\u00ebm p\u00ebrkrah jush\u201d dhe vler\u00ebsoi PD-n\u00eb p\u00ebr vendosm\u00ebrin\u00eb n\u00eb mbrojtjen e demokracis\u00eb dhe vlerave euro-atlantike. Pastrana e cil\u00ebsoi Shqip\u00ebrin\u00eb n\u00eb nj\u00eb moment vendimtar drejt &hellip;<\/p>\n","protected":false},"author":4,"featured_media":111821,"comment_status":"closed","ping_status":"closed","sticky":false,"template":"","format":"standard","meta":{"footnotes":""},"categories":[37],"tags":[],"class_list":["post-111813","post","type-post","status-publish","format-standard","has-post-thumbnail","","category-politike"],"_links":{"self":[{"href":"https:\/\/rdnews.al\/index.php\/wp-json\/wp\/v2\/posts\/111813","targetHints":{"allow":["GET"]}}],"collection":[{"href":"https:\/\/rdnews.al\/index.php\/wp-json\/wp\/v2\/posts"}],"about":[{"href":"https:\/\/rdnews.al\/index.php\/wp-json\/wp\/v2\/types\/post"}],"author":[{"embeddable":true,"href":"https:\/\/rdnews.al\/index.php\/wp-json\/wp\/v2\/users\/4"}],"replies":[{"embeddable":true,"href":"https:\/\/rdnews.al\/index.php\/wp-json\/wp\/v2\/comments?post=111813"}],"version-history":[{"count":3,"href":"https:\/\/rdnews.al\/index.php\/wp-json\/wp\/v2\/posts\/111813\/revisions"}],"predecessor-version":[{"id":111863,"href":"https:\/\/rdnews.al\/index.php\/wp-json\/wp\/v2\/posts\/111813\/revisions\/111863"}],"wp:featuredmedia":[{"embeddable":true,"href":"https:\/\/rdnews.al\/index.php\/wp-json\/wp\/v2\/media\/111821"}],"wp:attachment":[{"href":"https:\/\/rdnews.al\/index.php\/wp-json\/wp\/v2\/media?parent=111813"}],"wp:term":[{"taxonomy":"category","embeddable":true,"href":"https:\/\/rdnews.al\/index.php\/wp-json\/wp\/v2\/categories?post=111813"},{"taxonomy":"post_tag","embeddable":true,"href":"https:\/\/rdnews.al\/index.php\/wp-json\/wp\/v2\/tags?post=111813"}],"curies":[{"name":"wp","href":"https:\/\/api.w.org\/{rel}","templated":true}]}}