{"id":111817,"date":"2025-04-25T19:15:48","date_gmt":"2025-04-25T19:15:48","guid":{"rendered":"https:\/\/rdnews.al\/?p=111817"},"modified":"2025-04-25T20:16:38","modified_gmt":"2025-04-25T20:16:38","slug":"angelika-lang-ombudsman-nga-suedia-ju-lutem-votoni-dhe-votoni-per-demokratet","status":"publish","type":"post","link":"https:\/\/rdnews.al\/index.php\/2025\/04\/25\/angelika-lang-ombudsman-nga-suedia-ju-lutem-votoni-dhe-votoni-per-demokratet\/","title":{"rendered":"Angelika Lang: Ju lutem votoni dhe votoni p\u00ebr Partin\u00eb Demokratike!"},"content":{"rendered":"<p>N\u00eb takimin e kreut t\u00eb PD, Sali Berisha, n\u00eb Kavaj\u00eb ku prezantoi kandidat\u00ebt mor\u00ebn pjes\u00eb edhe figura t\u00eb njohura bot\u00ebrore ne bot\u00ebn e politik\u00ebs. Nd\u00ebr to ishte edhe Angelika Lang, Ombudsman nga Suedia.<\/p>\n<p>Lang u shpreh se politika \u00ebsht\u00eb shum\u00eb e r\u00ebnd\u00ebsishm\u00eb, sepse prek \u00e7do cep t\u00eb jet\u00ebs s\u00eb p\u00ebrditshme dhe i b\u00ebri thirrje t\u00eb gjith\u00eb qytetar\u00ebve q\u00eb t\u00eb votojn\u00eb demokrat\u00ebt.<\/p>\n<p><strong>Angelika Lang, Ombudsman in Stockholm<\/strong><\/p>\n<p>T\u00eb dashur shqiptar\u00eb!<\/p>\n<p>Uau, sa shum\u00eb q\u00eb jeni! P\u00ebrsh\u00ebndetje t\u00eb gjith\u00ebve!<\/p>\n<p>Un\u00eb quhem Angelica Lang, jam nga Suedia dhe jam k\u00ebtu n\u00eb em\u00ebr t\u00eb demokristian\u00ebve t\u00eb Suedis\u00eb. Politika \u00ebsht\u00eb shum\u00eb e r\u00ebnd\u00ebsishme, sepse prek \u00e7do k\u00ebnd t\u00eb jet\u00ebs suaj t\u00eb p\u00ebrditshme.<\/p>\n<p>M\u00ebnyra se si flasin udh\u00ebheq\u00ebsit dhe se si ata veprojn\u00eb ka shum\u00eb r\u00ebnd\u00ebsi. Fjal\u00ebt dhe veprimet e tyre perkin dhe ndikojn\u00eb n\u00eb t\u00eb gjith\u00eb shoq\u00ebrin\u00eb.<\/p>\n<p>Prandaj, \u00ebsht\u00eb shum\u00eb e r\u00ebnd\u00ebsishme q\u00eb me zgjuarsi, dhe jam shum\u00eb krenare q\u00eb jam k\u00ebtu me demokrat\u00ebt e Shqip\u00ebris\u00eb, dhe shpresoj q\u00eb dhe ju do t\u00eb b\u00ebni t\u00eb nj\u00ebjt\u00ebn gj\u00eb pas dy jav\u00ebsh n\u00eb dit\u00ebn e zgjedhjeve.<\/p>\n<p>Ju lutem votoni dhe votoni p\u00ebr Partin\u00eb Demokratike!<\/p>\n","protected":false},"excerpt":{"rendered":"<p>N\u00eb takimin e kreut t\u00eb PD, Sali Berisha, n\u00eb Kavaj\u00eb ku prezantoi kandidat\u00ebt mor\u00ebn pjes\u00eb edhe figura t\u00eb njohura bot\u00ebrore ne bot\u00ebn e politik\u00ebs. Nd\u00ebr to ishte edhe Angelika Lang, Ombudsman nga Suedia. Lang u shpreh se politika \u00ebsht\u00eb shum\u00eb e r\u00ebnd\u00ebsishm\u00eb, sepse prek \u00e7do cep t\u00eb jet\u00ebs s\u00eb p\u00ebrditshme dhe i b\u00ebri thirrje t\u00eb &hellip;<\/p>\n","protected":false},"author":4,"featured_media":111819,"comment_status":"closed","ping_status":"closed","sticky":false,"template":"","format":"standard","meta":{"footnotes":""},"categories":[37],"tags":[],"class_list":["post-111817","post","type-post","status-publish","format-standard","has-post-thumbnail","","category-politike"],"_links":{"self":[{"href":"https:\/\/rdnews.al\/index.php\/wp-json\/wp\/v2\/posts\/111817","targetHints":{"allow":["GET"]}}],"collection":[{"href":"https:\/\/rdnews.al\/index.php\/wp-json\/wp\/v2\/posts"}],"about":[{"href":"https:\/\/rdnews.al\/index.php\/wp-json\/wp\/v2\/types\/post"}],"author":[{"embeddable":true,"href":"https:\/\/rdnews.al\/index.php\/wp-json\/wp\/v2\/users\/4"}],"replies":[{"embeddable":true,"href":"https:\/\/rdnews.al\/index.php\/wp-json\/wp\/v2\/comments?post=111817"}],"version-history":[{"count":2,"href":"https:\/\/rdnews.al\/index.php\/wp-json\/wp\/v2\/posts\/111817\/revisions"}],"predecessor-version":[{"id":111847,"href":"https:\/\/rdnews.al\/index.php\/wp-json\/wp\/v2\/posts\/111817\/revisions\/111847"}],"wp:featuredmedia":[{"embeddable":true,"href":"https:\/\/rdnews.al\/index.php\/wp-json\/wp\/v2\/media\/111819"}],"wp:attachment":[{"href":"https:\/\/rdnews.al\/index.php\/wp-json\/wp\/v2\/media?parent=111817"}],"wp:term":[{"taxonomy":"category","embeddable":true,"href":"https:\/\/rdnews.al\/index.php\/wp-json\/wp\/v2\/categories?post=111817"},{"taxonomy":"post_tag","embeddable":true,"href":"https:\/\/rdnews.al\/index.php\/wp-json\/wp\/v2\/tags?post=111817"}],"curies":[{"name":"wp","href":"https:\/\/api.w.org\/{rel}","templated":true}]}}