{"id":111822,"date":"2025-04-25T19:21:33","date_gmt":"2025-04-25T19:21:33","guid":{"rendered":"https:\/\/rdnews.al\/?p=111822"},"modified":"2025-04-25T19:21:33","modified_gmt":"2025-04-25T19:21:33","slug":"brok-sali-berisha-ka-cuar-shqiperine-drejt-nato-s-tani-eshte-koha-ta-coje-drejt-be-se","status":"publish","type":"post","link":"https:\/\/rdnews.al\/index.php\/2025\/04\/25\/brok-sali-berisha-ka-cuar-shqiperine-drejt-nato-s-tani-eshte-koha-ta-coje-drejt-be-se\/","title":{"rendered":"Brok: Sali Berisha ka \u00e7uar Shqip\u00ebrin\u00eb drejt NATO-s, tani \u00ebsht\u00eb koha ta \u00e7oj\u00eb drejt BE-s\u00eb!"},"content":{"rendered":"<p>Z\u00ebvend\u00ebspresidenti i CDI, Elmar Brok, n\u00eb fjal\u00ebn e tij n\u00eb takimin e Partis\u00eb Demokratike me mb\u00ebshtet\u00ebsit n\u00eb Kavaj\u00eb, shprehu vler\u00ebsimin e tij p\u00ebr Opozit\u00ebn dhe liderin e saj historik, Sali Berisha. Brok, nj\u00eb figur\u00eb e njohur n\u00eb politik\u00ebn evropiane, vler\u00ebsoi rolin e Berish\u00ebs n\u00eb integrimin euroatlantik t\u00eb Shqip\u00ebris\u00eb dhe theksoi nevoj\u00ebn urgjente p\u00ebr ndryshim politik n\u00eb vend.<\/p>\n<p>Duke ndar\u00eb paralele mes rr\u00ebzimit t\u00eb komunizmit n\u00eb Gjermanin\u00eb Lindore dhe l\u00ebvizjes demokratike q\u00eb nisi n\u00eb Kavaj\u00eb n\u00eb mars t\u00eb vitit 1990, Brok b\u00ebri thirrje p\u00ebr nj\u00eb t\u00eb rikthyer demokracin\u00eb e v\u00ebrtet\u00eb m\u00eb 11 Maj. Ai kritikoi ashp\u00ebr qeverisjen e Edi Ram\u00ebs, duke e cil\u00ebsuar si penges\u00eb p\u00ebr integrimin e Shqip\u00ebris\u00eb n\u00eb Bashkimin Evropian, nd\u00ebrsa u shpreh i bindur se &#8220;vet\u00ebm pushteti i demokracis\u00eb&#8221; do t\u00eb mund ta \u00e7oj\u00eb vendin p\u00ebrpara.<\/p>\n<p><strong>Fjala e plot\u00eb e Elmar Brok:<\/strong><\/p>\n<p>I dashur President Berisha.<\/p>\n<p>Zonja dhe zot\u00ebrinj, miq t\u00eb dashur t\u00eb demokracis\u00eb dhe t\u00eb Europ\u00ebs, jam shum\u00eb krenar q\u00eb jam sot k\u00ebtu, n\u00eb k\u00ebt\u00eb vend t\u00eb mrekulluesh\u00ebm q\u00eb i p\u00ebrket vet\u00eb zemr\u00ebs s\u00eb Europ\u00ebs. Jam ve\u00e7an\u00ebrisht krenar sepse jam ftuar t\u00eb flas p\u00ebrpara numrit nj\u00eb t\u00eb politik\u00ebs shqiptare, Partis\u00eb Demokratike.<\/p>\n<p>Zonja dhe zot\u00ebrinj, ne pat\u00ebm zgjedhjet n\u00eb Gjermani, dhe m\u00eb 6 maj, miku yn\u00eb i partis\u00eb, Friedrich Merz, do t\u00eb b\u00ebhet Kancelar i Gjermanis\u00eb. Ne e d\u00ebrguam n\u00eb pension nj\u00eb qeveri socialiste, pas 33 vitesh. Pas 12 vitesh, tani edhe un\u00eb jam n\u00eb pension. Socialist\u00ebt jan\u00eb gjithmon\u00eb t\u00eb nj\u00ebjt\u00eb. Ata d\u00ebshtojn\u00eb n\u00eb t\u00eb tashmen. Flasin p\u00ebr premtime p\u00ebr t\u00eb ardhmen, t\u00eb cilat nuk i kan\u00eb p\u00ebrmbushur kurr\u00eb, dhe gjithmon\u00eb justifikohen. Ky teat\u00ebr duhet t\u00eb marr\u00eb fund. N\u00eb fund t\u00eb fundit, kemi nevoj\u00eb p\u00ebr nj\u00eb politik\u00eb ku premtimet b\u00ebhen dhe vendimet merren q\u00eb n\u00eb fillim.<\/p>\n<p>Un\u00eb besoj se tani jetojm\u00eb n\u00eb nj\u00eb rend t\u00eb ri bot\u00ebror, dhe kemi nevoj\u00eb p\u00ebr nj\u00eb Europ\u00eb m\u00eb t\u00eb bashkuar, q\u00eb ka mund\u00ebsin\u00eb t\u00eb jet\u00eb sovrane, n\u00eb m\u00ebnyr\u00eb q\u00eb t\u00eb gjitha vendet tona t\u00eb mbijetojn\u00eb n\u00eb unitet, demokraci dhe p\u00ebrparim. Prandaj, besoj fort se sot Europa ka nevoj\u00eb p\u00ebr<\/p>\n<p>Shqip\u00ebrin\u00eb, dhe Shqip\u00ebria ka nevoj\u00eb p\u00ebr Europ\u00ebn, m\u00eb shum\u00eb se kurr\u00eb.<\/p>\n<p>Zonja dhe zot\u00ebrinj, zoti Berisha e ka \u00e7uar vendin tuaj drejt nj\u00eb t\u00eb ardhmeje m\u00eb t\u00eb mir\u00eb. E kam takuar shpesh. Ai e solli vendin tuaj n\u00eb liri. Ai e solli Shqip\u00ebrin\u00eb n\u00eb NATO, dhe tani \u00ebsht\u00eb koha q\u00eb ai t\u00eb marr\u00eb shansin e tret\u00eb p\u00ebr ta \u00e7uar NATO-n drejt Europ\u00ebs. Sepse zoti Rama po e trajton Europ\u00ebn n\u00eb t\u00eb nj\u00ebjt\u00ebn m\u00ebnyr\u00eb si\u00e7 e trajton edhe Shqip\u00ebrin\u00eb: premton, por nuk i p\u00ebrmbush kurr\u00eb ato premtime. Me politikat e zotit Rama, \u00ebsht\u00eb shum\u00eb e v\u00ebshtir\u00eb q\u00eb Shqip\u00ebria t\u00eb hyj\u00eb n\u00eb Bashkimin Europian.<\/p>\n<p>Prandaj, ne kemi nevoj\u00eb p\u00ebr k\u00ebt\u00eb ndryshim n\u00eb qeveri \u2013 p\u00ebr zotin Berisha. Besoj se \u00ebsht\u00eb n\u00eb interesin tuaj m\u00eb t\u00eb mir\u00eb.<\/p>\n<p>Zonja dhe zot\u00ebrinj, mendoj se kemi nevoj\u00eb p\u00ebr personin e duhur, p\u00ebr partin\u00eb e duhur. Duhet t\u00eb zhvillojm\u00eb vlera t\u00eb p\u00ebrbashk\u00ebta dhe interesa europiane e shqiptare t\u00eb kombinuara. T\u00eb jem i qart\u00eb: ky qytet, Kavaja, \u00ebsht\u00eb nj\u00eb shembull i k\u00ebsaj.<\/p>\n<p>N\u00eb mars t\u00eb vitit 1990, populli i Gjermanis\u00eb Lindore votoi n\u00eb zgjedhjet e para t\u00eb lira p\u00ebr nj\u00eb Gjermani t\u00eb bashkuar e t\u00eb lir\u00eb. N\u00eb mars t\u00eb vitit 1990, pik\u00ebrisht n\u00eb k\u00ebt\u00eb qytet, u organizuan demonstratat e para p\u00ebr t\u2019u \u00e7liruar nga diktatura komuniste, n\u00eb t\u00eb gjith\u00eb Gjermanin\u00eb. T\u00eb gjitha k\u00ebto ndodh\u00ebn n\u00eb mars 1990. Dhe ky qytet e ka b\u00ebr\u00eb t\u00eb mundur at\u00ebher\u00eb, prandaj mund ta b\u00ebj\u00eb s\u00ebrish.<\/p>\n<p>Besoj se at\u00ebher\u00eb, n\u00eb Gjermanin\u00eb Lindore, njer\u00ebzit kishin frik\u00eb nga diktatura. Por n\u00eb mars 1990, ata nuk kishin m\u00eb frik\u00eb. Sot, n\u00eb Shqip\u00ebri, vet\u00ebm nj\u00eb person ka frik\u00eb, dhe ky \u00ebsht\u00eb Rama. Dhe fuqia e demokracis\u00eb do t\u00eb fitoj\u00eb m\u00eb 11 maj.<\/p>\n<p>Prandaj, veproni sot. Veproni gjat\u00eb jav\u00ebs q\u00eb vjen. Nuk kam frik\u00eb, sepse besoj se nga ky qytet do t\u00eb vij\u00eb s\u00ebrish nj\u00eb Shqip\u00ebri m\u00eb e mir\u00eb dhe nj\u00eb Europ\u00eb m\u00eb e mir\u00eb.<\/p>\n<p>Ju uroj gjith\u00eb t\u00eb mirat p\u00ebr t\u00eb ardhmen, dhe dua q\u00eb zoti Berisha t\u2019i p\u00ebrmbush\u00eb premtimet e tij.<\/p>\n","protected":false},"excerpt":{"rendered":"<p>Z\u00ebvend\u00ebspresidenti i CDI, Elmar Brok, n\u00eb fjal\u00ebn e tij n\u00eb takimin e Partis\u00eb Demokratike me mb\u00ebshtet\u00ebsit n\u00eb Kavaj\u00eb, shprehu vler\u00ebsimin e tij p\u00ebr Opozit\u00ebn dhe liderin e saj historik, Sali Berisha. Brok, nj\u00eb figur\u00eb e njohur n\u00eb politik\u00ebn evropiane, vler\u00ebsoi rolin e Berish\u00ebs n\u00eb integrimin euroatlantik t\u00eb Shqip\u00ebris\u00eb dhe theksoi nevoj\u00ebn urgjente p\u00ebr ndryshim politik &hellip;<\/p>\n","protected":false},"author":4,"featured_media":111823,"comment_status":"closed","ping_status":"closed","sticky":false,"template":"","format":"standard","meta":{"footnotes":""},"categories":[37],"tags":[],"class_list":["post-111822","post","type-post","status-publish","format-standard","has-post-thumbnail","","category-politike"],"_links":{"self":[{"href":"https:\/\/rdnews.al\/index.php\/wp-json\/wp\/v2\/posts\/111822","targetHints":{"allow":["GET"]}}],"collection":[{"href":"https:\/\/rdnews.al\/index.php\/wp-json\/wp\/v2\/posts"}],"about":[{"href":"https:\/\/rdnews.al\/index.php\/wp-json\/wp\/v2\/types\/post"}],"author":[{"embeddable":true,"href":"https:\/\/rdnews.al\/index.php\/wp-json\/wp\/v2\/users\/4"}],"replies":[{"embeddable":true,"href":"https:\/\/rdnews.al\/index.php\/wp-json\/wp\/v2\/comments?post=111822"}],"version-history":[{"count":1,"href":"https:\/\/rdnews.al\/index.php\/wp-json\/wp\/v2\/posts\/111822\/revisions"}],"predecessor-version":[{"id":111824,"href":"https:\/\/rdnews.al\/index.php\/wp-json\/wp\/v2\/posts\/111822\/revisions\/111824"}],"wp:featuredmedia":[{"embeddable":true,"href":"https:\/\/rdnews.al\/index.php\/wp-json\/wp\/v2\/media\/111823"}],"wp:attachment":[{"href":"https:\/\/rdnews.al\/index.php\/wp-json\/wp\/v2\/media?parent=111822"}],"wp:term":[{"taxonomy":"category","embeddable":true,"href":"https:\/\/rdnews.al\/index.php\/wp-json\/wp\/v2\/categories?post=111822"},{"taxonomy":"post_tag","embeddable":true,"href":"https:\/\/rdnews.al\/index.php\/wp-json\/wp\/v2\/tags?post=111822"}],"curies":[{"name":"wp","href":"https:\/\/api.w.org\/{rel}","templated":true}]}}