{"id":111833,"date":"2025-04-25T19:40:20","date_gmt":"2025-04-25T19:40:20","guid":{"rendered":"https:\/\/rdnews.al\/?p=111833"},"modified":"2025-04-25T19:40:20","modified_gmt":"2025-04-25T19:40:20","slug":"berisha-nga-kavaja-cdi-ishte-institucioni-i-pare-nderkombetar-qe-damkosi-regjimin-e-tiranes","status":"publish","type":"post","link":"https:\/\/rdnews.al\/index.php\/2025\/04\/25\/berisha-nga-kavaja-cdi-ishte-institucioni-i-pare-nderkombetar-qe-damkosi-regjimin-e-tiranes\/","title":{"rendered":"Berisha nga Kavaja: CDI ishte institucioni i par\u00eb nd\u00ebrkomb\u00ebtar q\u00eb damkosi regjimin e Tiran\u00ebs!"},"content":{"rendered":"<p>Kryetari i Partis\u00eb Demokratike, Sali Berisha, zhvilloi nj\u00eb takim n\u00eb Kavaj\u00eb p\u00ebr prezantimin e kandidat\u00ebve p\u00ebr zgjedhjet e 11 majit. N\u00eb fjal\u00ebn e tij para qytetar\u00ebve, ai shprehu mir\u00ebnjohje t\u00eb thell\u00eb p\u00ebr mb\u00ebshtetjen dhe p\u00ebrkushtimin e kavajasve ndaj Partis\u00eb Demokratike.<br \/>\nBerisha vler\u00ebsoi pranin\u00eb e personaliteteve nd\u00ebrkomb\u00ebtare, si Elmar Brok, Antonio L\u00f3pez-Ist\u00fariz White dhe Angelika Lang, t\u00eb cil\u00ebt sipas tij, jan\u00eb miq t\u00eb vjet\u00ebr t\u00eb demokracis\u00eb shqiptare. Ai theksoi r\u00ebnd\u00ebsin\u00eb e k\u00ebtij mb\u00ebshtet\u00ebs nd\u00ebrkomb\u00ebtar n\u00eb p\u00ebrballjen me at\u00eb q\u00eb e quajti \u201cnarkodiktatur\u00eb\u201d. Berisha akuzoi kryeministrin Edi Rama p\u00ebr lidhje me figura t\u00eb korruptuara dhe kriminale.<br \/>\n\u201cQytetar\u00eb dhe qytetare t\u00eb Kavaj\u00ebs, burra dhe gra, djem e vajza t\u00eb liris\u00eb, qytetar\u00eb t\u00eb fitores, mir\u00ebmbr\u00ebma dhe p\u00ebrsh\u00ebndetjet e mia m\u00eb t\u00eb p\u00ebrzem\u00ebrta, mir\u00ebnjohjen time m\u00eb t\u00eb pakufishme, nderimin tim m\u00eb t\u00eb madh p\u00ebr ju.<br \/>\nDemokrate e demokrat\u00eb, p\u00ebr mbar\u00eb popullin e Kavaj\u00ebs, p\u00ebr kavajasit kudo q\u00eb jan\u00eb sot, n\u00eb Shqip\u00ebri, diaspor\u00eb dhe kudo q\u00eb ndodhen.<br \/>\nKam ardhur n\u00eb qytetin tuaj t\u00eb bekuar, ju kam takuar ju, njer\u00ebz t\u00eb nderuar, qytetar\u00eb t\u00eb nderuar, me dhjet\u00ebra e qindra her\u00eb. Por sonte kam k\u00ebnaq\u00ebsin\u00eb m\u00eb t\u00eb madhe se n\u00eb \u00e7do takim tjet\u00ebr q\u00eb kemi patur s\u00eb bashku, sepse sonte kemi n\u00eb Kavaj\u00eb, miq t\u00eb m\u00ebdhenj, miq t\u00eb \u00e7muar t\u00eb Partis\u00eb Demokratike dhe t\u00eb demokracis\u00eb shqiptare, q\u00eb n\u00eb dit\u00ebt e para t\u00eb tyre e gjer sot.<br \/>\nMiqt\u00eb e mi, sonte k\u00ebtu me ne, kemi zv\/presidentin e Internacionales Demokristiane t\u00eb Qendr\u00ebs, mikun e madh t\u00eb demokracis\u00eb shqiptare dhe t\u00eb shqiptar\u00ebve, Elmar Brok, i cili ka mb\u00ebshtetur n\u00eb momente kritike Partin\u00eb Demokratike dhe demokracin\u00eb shqiptare dhe \u00ebsht\u00eb sot k\u00ebtu p\u00ebr t\u00eb mb\u00ebshtetur p\u00ebrs\u00ebri n\u00eb k\u00ebt\u00eb betej\u00eb epike, vendimtare ton\u00ebn ndaj narkodiktatur\u00ebs dhe triumfin e demokracis\u00eb.<br \/>\nKam nder dhe k\u00ebnaq\u00ebsi q\u00eb jam sot k\u00ebtu me t\u00eb nderuarin Antonio L\u00f3pez-Ist\u00fariz \u00cbhite, Sekretari Ekzekutiv i e Internacionales Demokristiane t\u00eb Qendr\u00ebs, dhe deputet n\u00eb Parlamentin Europian.<br \/>\nAntonio L\u00f3pez-Ist\u00fariz \u00cbhite, \u00ebsht\u00eb nj\u00eb mik i madh, i shquar dhe i kahersh\u00ebm i PD-s\u00eb. Prania e tij sot k\u00ebtu, nj\u00eblloj si n\u00eb 2005 lajm\u00ebron fitoren ton\u00eb me 11 maj.<br \/>\nNj\u00eb mir\u00ebnjohje t\u00eb ve\u00e7ant\u00eb kam p\u00ebr zonj\u00ebn 3. Angelika Lang, Ombudsman n\u00eb Stockholm, Suedi. Marr\u00ebdh\u00ebniet tona me partin\u00eb simot\u00ebr suedeze, kan\u00eb qen\u00eb dhe mbeten t\u00eb shk\u00eblqyera. Mb\u00ebshtetja e tyre p\u00ebr ne k\u00ebt\u00eb fushat\u00eb \u00ebsht\u00eb e nj\u00eb r\u00ebnd\u00ebsie t\u00eb madhe cil\u00ebsore.<br \/>\nMiqt\u00eb e mi!<br \/>\nNe jemi shum\u00eb t\u00eb nderuar nga prania e miqve tan\u00eb nga Venezuela q\u00eb luftojn\u00eb prej vitesh diktatur\u00ebn e Maduros. Mary Ponte, sekretare primare e partis\u00eb \u2018Drejt\u00ebsia e Para\u2019 e Venezuel\u00ebs.<br \/>\nSi dhe t\u00eb dashurit Luiz dhe Tereza nga CDI.<br \/>\nMiq, k\u00ebta miq t\u00eb nderuar e kan\u00eb nderuar Kavaj\u00ebn. Por dhe ju, qytetare dhe qytetar\u00eb t\u00eb Kavaj\u00ebs, keni nderuar njer\u00ebz t\u00eb lir\u00eb, keni nderuar lirin\u00eb, vlerat virtytet e njer\u00ebzve t\u00eb lir\u00eb n\u00eb Shqip\u00ebri dhe n\u00eb mbar\u00eb bot\u00ebn dhe meritoni plot\u00ebsisht nderimin dhe respektin e tyre.<br \/>\nFtoj shqiptar\u00ebt t\u00eb mos harrojn\u00eb se sot paradite n\u00eb Velipoj\u00eb, Edi Ram\u00ebn e shoq\u00ebronte P\u00ebllumb Gjoka dhe Charles McGonigal.<br \/>\nE shoq\u00ebronte Saimir Tahiri, Lefter Koka, Alqi Bllako, Erion Veliaj. E shoq\u00ebronin pra nj\u00eb band\u00eb e v\u00ebrtet\u00eb shqiptare e nd\u00ebrkomb\u00ebtare. Edi Rama t\u00eb ardhme nuk ka.<br \/>\nMiqt\u00eb e mi!<br \/>\nDy jav\u00eb na ndajn\u00eb nga dita e fitores, dita e triumfit. Un\u00eb po vij nga tur dy ditor n\u00eb jug dhe kudo n\u00eb sheshet e qyteteve, n\u00eb brigjet n\u00eb fshatra, frynte er\u00eb e fitores, er\u00eb e triumfit. Jugu m\u00eb i vendosur se kurr\u00eb, m\u00eb entuziast se kurr\u00eb p\u00ebr tu ndar\u00eb me t\u00eb keqen q\u00eb e ka emrin Edi Rama.<br \/>\nPor Kavaja \u00ebsht\u00eb p\u00ebrs\u00ebri, p\u00ebrs\u00ebri qyteti i cili p\u00ebrmbysi i pari diktatur\u00ebn komuniste dhe do t\u00eb p\u00ebrmbys\u00eb i pari narkodiktatur\u00ebn.<br \/>\nM\u00eb lejoni n\u00eb em\u00ebr tuaj, ti p\u00ebrcjellim presidentit t\u00eb CDI-s\u00eb, ish-presidentit t\u00eb Meksik\u00ebs, Andr\u00e9s Pastrana Arango, nderimet m\u00eb t\u00eb m\u00ebdha, p\u00ebrsh\u00ebnd\u00ebtjet m\u00eb t\u00eb p\u00ebrzem\u00ebrta.<br \/>\nN\u00ebn drejtimin e tij, CDI-ja do t\u00eb ishte institucioni i par\u00eb madhor, grupon 110 parti politike t\u00eb qendr\u00ebs s\u00eb djatht\u00eb t\u00eb mbar\u00eb bot\u00ebs.<br \/>\nDo t\u00eb ishte institucioni i par\u00eb nd\u00ebrkomb\u00ebtar q\u00eb do t\u00eb damkoste, regjimin e Tiran\u00ebs, regjimin e Edi Ram\u00ebs si narkodiktatur\u00eb dhe kjo ishte mb\u00ebshtetje e jasht\u00ebzakonshme p\u00ebr ne\u201d, u shpreh Berisha.<\/p>\n","protected":false},"excerpt":{"rendered":"<p>Kryetari i Partis\u00eb Demokratike, Sali Berisha, zhvilloi nj\u00eb takim n\u00eb Kavaj\u00eb p\u00ebr prezantimin e kandidat\u00ebve p\u00ebr zgjedhjet e 11 majit. N\u00eb fjal\u00ebn e tij para qytetar\u00ebve, ai shprehu mir\u00ebnjohje t\u00eb thell\u00eb p\u00ebr mb\u00ebshtetjen dhe p\u00ebrkushtimin e kavajasve ndaj Partis\u00eb Demokratike. Berisha vler\u00ebsoi pranin\u00eb e personaliteteve nd\u00ebrkomb\u00ebtare, si Elmar Brok, Antonio L\u00f3pez-Ist\u00fariz White dhe Angelika Lang, &hellip;<\/p>\n","protected":false},"author":4,"featured_media":111834,"comment_status":"closed","ping_status":"closed","sticky":false,"template":"","format":"standard","meta":{"footnotes":""},"categories":[37],"tags":[],"class_list":["post-111833","post","type-post","status-publish","format-standard","has-post-thumbnail","","category-politike"],"_links":{"self":[{"href":"https:\/\/rdnews.al\/index.php\/wp-json\/wp\/v2\/posts\/111833","targetHints":{"allow":["GET"]}}],"collection":[{"href":"https:\/\/rdnews.al\/index.php\/wp-json\/wp\/v2\/posts"}],"about":[{"href":"https:\/\/rdnews.al\/index.php\/wp-json\/wp\/v2\/types\/post"}],"author":[{"embeddable":true,"href":"https:\/\/rdnews.al\/index.php\/wp-json\/wp\/v2\/users\/4"}],"replies":[{"embeddable":true,"href":"https:\/\/rdnews.al\/index.php\/wp-json\/wp\/v2\/comments?post=111833"}],"version-history":[{"count":1,"href":"https:\/\/rdnews.al\/index.php\/wp-json\/wp\/v2\/posts\/111833\/revisions"}],"predecessor-version":[{"id":111835,"href":"https:\/\/rdnews.al\/index.php\/wp-json\/wp\/v2\/posts\/111833\/revisions\/111835"}],"wp:featuredmedia":[{"embeddable":true,"href":"https:\/\/rdnews.al\/index.php\/wp-json\/wp\/v2\/media\/111834"}],"wp:attachment":[{"href":"https:\/\/rdnews.al\/index.php\/wp-json\/wp\/v2\/media?parent=111833"}],"wp:term":[{"taxonomy":"category","embeddable":true,"href":"https:\/\/rdnews.al\/index.php\/wp-json\/wp\/v2\/categories?post=111833"},{"taxonomy":"post_tag","embeddable":true,"href":"https:\/\/rdnews.al\/index.php\/wp-json\/wp\/v2\/tags?post=111833"}],"curies":[{"name":"wp","href":"https:\/\/api.w.org\/{rel}","templated":true}]}}